{"id":231202,"date":"2025-07-06T20:41:12","date_gmt":"2025-07-06T20:41:12","guid":{"rendered":"https:\/\/www.europesays.com\/fr\/231202\/"},"modified":"2025-07-06T20:41:12","modified_gmt":"2025-07-06T20:41:12","slug":"mercato-nice-va-preter-victor-orakpo-au-mhsc","status":"publish","type":"post","link":"https:\/\/www.europesays.com\/fr\/231202\/","title":{"rendered":"[Mercato] Nice va pr\u00eater Victor Orakpo au MHSC !"},"content":{"rendered":"<p>D\u2019apr\u00e8s L\u2019Equipe, le Montpellier H\u00e9rault va se faire pr\u00eat\u00e9 dans les prochaines heures l\u2019attaquant de l\u2019OGC Nice, Victor Orakpo. Cet avant-centre nig\u00e9rian de 19 ans devrait d\u00e9barquer au MHSC demain afin d\u2019y passer sa visite m\u00e9dicale. Il arrivera sous la forme d\u2019un pr\u00eat sec d\u2019une saison \u00e0 Montpellier.<\/p>\n<p><img loading=\"lazy\" title=\"OGC Nice v Real Sociedad - UEFA Europa League 20242025 | AllezPaillade.com\" decoding=\"async\" width=\"1024\" height=\"683\" src=\"https:\/\/www.europesays.com\/fr\/wp-content\/uploads\/2025\/07\/ICONSPORT_240187_0044-1024x683.jpg\" alt=\"\" class=\"wp-image-172040\"  \/><\/p>\n<p>Ce grand gabarit (1.94m) avait sign\u00e9 chez les Aiglons la saison pass\u00e9e mais n\u2019a pas eu beaucoup de temps de jeu depuis. Avec seulement 4 matchs de Ligue 1 et une rencontre d\u2019Europa League, il n\u2019a pas r\u00e9ussi \u00e0 s\u2019imposer du fait de la grosse concurrence offensive, mais \u00e9galement \u00e0 cause d\u2019une pubalgie qui l\u2019a \u00e9cart\u00e9 des terrains longtemps.<\/p>\n<p>Montpellier serait donc sur le point de renforcer son attaque avec deux pr\u00eats : Celui de Nathana\u00ebl Mbuku, attendu demain dans l\u2019H\u00e9rault, et donc celui de Victor Orakpo.<\/p>\n","protected":false},"excerpt":{"rendered":"D\u2019apr\u00e8s L\u2019Equipe, le Montpellier H\u00e9rault va se faire pr\u00eat\u00e9 dans les prochaines heures l\u2019attaquant de l\u2019OGC Nice, Victor&hellip;\n","protected":false},"author":2,"featured_media":231203,"comment_status":"","ping_status":"","sticky":false,"template":"","format":"standard","meta":{"footnotes":""},"categories":[2819],"tags":[328,1111,11,1777,674,1011,27,1434,12,2401,882,25],"class_list":{"0":"post-231202","1":"post","2":"type-post","3":"status-publish","4":"format-standard","5":"has-post-thumbnail","7":"category-nice","8":"tag-a-la-une","9":"tag-actu","10":"tag-actualites","11":"tag-eu","12":"tag-europe","13":"tag-fr","14":"tag-france","15":"tag-mercato","16":"tag-news","17":"tag-nice","18":"tag-provence-alpes-cote-dazur","19":"tag-republique-francaise"},"share_on_mastodon":{"url":"https:\/\/pubeurope.com\/@fr\/114808231436980850","error":""},"_links":{"self":[{"href":"https:\/\/www.europesays.com\/fr\/wp-json\/wp\/v2\/posts\/231202","targetHints":{"allow":["GET"]}}],"collection":[{"href":"https:\/\/www.europesays.com\/fr\/wp-json\/wp\/v2\/posts"}],"about":[{"href":"https:\/\/www.europesays.com\/fr\/wp-json\/wp\/v2\/types\/post"}],"author":[{"embeddable":true,"href":"https:\/\/www.europesays.com\/fr\/wp-json\/wp\/v2\/users\/2"}],"replies":[{"embeddable":true,"href":"https:\/\/www.europesays.com\/fr\/wp-json\/wp\/v2\/comments?post=231202"}],"version-history":[{"count":0,"href":"https:\/\/www.europesays.com\/fr\/wp-json\/wp\/v2\/posts\/231202\/revisions"}],"wp:featuredmedia":[{"embeddable":true,"href":"https:\/\/www.europesays.com\/fr\/wp-json\/wp\/v2\/media\/231203"}],"wp:attachment":[{"href":"https:\/\/www.europesays.com\/fr\/wp-json\/wp\/v2\/media?parent=231202"}],"wp:term":[{"taxonomy":"category","embeddable":true,"href":"https:\/\/www.europesays.com\/fr\/wp-json\/wp\/v2\/categories?post=231202"},{"taxonomy":"post_tag","embeddable":true,"href":"https:\/\/www.europesays.com\/fr\/wp-json\/wp\/v2\/tags?post=231202"}],"curies":[{"name":"wp","href":"https:\/\/api.w.org\/{rel}","templated":true}]}}