{"id":231204,"date":"2025-07-06T20:42:17","date_gmt":"2025-07-06T20:42:17","guid":{"rendered":"https:\/\/www.europesays.com\/fr\/231204\/"},"modified":"2025-07-06T20:42:17","modified_gmt":"2025-07-06T20:42:17","slug":"a-nantes-les-pepites-de-lexpo-hokusai-au-chateau-des-ducs-2","status":"publish","type":"post","link":"https:\/\/www.europesays.com\/fr\/231204\/","title":{"rendered":"\u00c0 Nantes, les p\u00e9pites de l\u2019expo Hokusai au ch\u00e2teau des Ducs"},"content":{"rendered":"<p>\u00c0 Nantes (Loire-Atlantique), <a href=\"https:\/\/nantes.maville.com\/actu\/actudet_-a-nantes-plongee-dans-les-chefs-d-oeuvre-du-japonais-hokusai-_52716-6875013_actu.Htm\" target=\"_self\" rel=\"noopener\">l\u2019exposition consacr\u00e9e au peintre japonais Hokusai<\/a>, de l\u2019\u00e8re Edo, n\u2019en finit pas d\u2019attirer les curieux. \u00c0 tel point que<a href=\"https:\/\/reservation.chateaunantes.fr\/content\" target=\"_self\" rel=\"noopener\"> la billetterie pour les visites guid\u00e9es affiche complet jusqu\u2019\u00e0 la fin de l\u2019\u00e9v\u00e9nement, le 6\u00a0septembre 2025<\/a>. Encore faut-il s\u2019int\u00e9resser \u00e0 la bonne exposition\u2026<\/p>\n<p>C\u2019est quoi le nom de l\u2019expo\u00a0?<\/p>\n<p>Le standard du Voyage \u00e0 Nantes (VAN), qui informe les visiteurs sur les \u00e9v\u00e9nements culturels nantais, s\u2019est ainsi vu demander des renseignements sur l\u2019exposition <strong>\u00ab\u00a0Hosukai\u00a0\u00bb,<\/strong> <strong>\u00ab\u00a0Hokusse\u00a0\u00bb,<\/strong> <strong>\u00ab\u00a0Kokusai\u00a0\u00bb<\/strong> ou, plus \u00e9tonnant, <strong>\u00ab\u00a0Fujita\u00a0\u00bb<\/strong>\u2026 Qui n\u2019existent \u00e9videmment pas.<\/p>\n<p><strong>Lire aussi\u00a0:<\/strong> <a href=\"https:\/\/nantes.maville.com\/actu\/actudet_-expo-hokusai-au-chateau-de-nantes-il-reste-des-places-sans-reservation-prealable-_8-6881822_actu.Htm\" target=\"_self\" rel=\"noopener\">Expo Hokusai au ch\u00e2teau de Nantes\u00a0: il reste des places sans r\u00e9servation pr\u00e9alable<\/a><\/p>\n<p>Autre p\u00e9pite plus pr\u00e9occupante\u00a0: les longues files d\u2019attente pour acc\u00e9der librement \u00e0 l\u2019exposition \u2013 <strong>\u00ab\u00a02\u00a0h d\u2019attente \u00e0 10\u00a0h ce dimanche matin\u00a0\u00bb,<\/strong> \u00e9voque le VAN \u2013 font tourner les t\u00eates. \u00c0 telle enseigne que certains visiteurs en seraient venus aux mains dans la queue, ces derniers jours, selon l\u2019office de tourisme nantais. Pas s\u00fbr que se battre vaille le coup de se faire \u00e9jecter d\u2019une telle exposition.<\/p>\n<p>\u00a0<\/p>\n","protected":false},"excerpt":{"rendered":"\u00c0 Nantes (Loire-Atlantique), l\u2019exposition consacr\u00e9e au peintre japonais Hokusai, de l\u2019\u00e8re Edo, n\u2019en finit pas d\u2019attirer les curieux.&hellip;\n","protected":false},"author":2,"featured_media":230987,"comment_status":"","ping_status":"","sticky":false,"template":"","format":"standard","meta":{"footnotes":""},"categories":[2818],"tags":[1111,11,4811,14097,1777,674,12176,1011,27,18699,766,12,2636,9254,25],"class_list":{"0":"post-231204","1":"post","2":"type-post","3":"status-publish","4":"format-standard","5":"has-post-thumbnail","7":"category-nantes","8":"tag-actu","9":"tag-actualites","10":"tag-chateau","11":"tag-ducs","12":"tag-eu","13":"tag-europe","14":"tag-expo","15":"tag-fr","16":"tag-france","17":"tag-hokusai","18":"tag-nantes","19":"tag-news","20":"tag-pays-de-la-loire","21":"tag-pepites","22":"tag-republique-francaise"},"share_on_mastodon":{"url":"https:\/\/pubeurope.com\/@fr\/114808235200964427","error":""},"_links":{"self":[{"href":"https:\/\/www.europesays.com\/fr\/wp-json\/wp\/v2\/posts\/231204","targetHints":{"allow":["GET"]}}],"collection":[{"href":"https:\/\/www.europesays.com\/fr\/wp-json\/wp\/v2\/posts"}],"about":[{"href":"https:\/\/www.europesays.com\/fr\/wp-json\/wp\/v2\/types\/post"}],"author":[{"embeddable":true,"href":"https:\/\/www.europesays.com\/fr\/wp-json\/wp\/v2\/users\/2"}],"replies":[{"embeddable":true,"href":"https:\/\/www.europesays.com\/fr\/wp-json\/wp\/v2\/comments?post=231204"}],"version-history":[{"count":0,"href":"https:\/\/www.europesays.com\/fr\/wp-json\/wp\/v2\/posts\/231204\/revisions"}],"wp:featuredmedia":[{"embeddable":true,"href":"https:\/\/www.europesays.com\/fr\/wp-json\/wp\/v2\/media\/230987"}],"wp:attachment":[{"href":"https:\/\/www.europesays.com\/fr\/wp-json\/wp\/v2\/media?parent=231204"}],"wp:term":[{"taxonomy":"category","embeddable":true,"href":"https:\/\/www.europesays.com\/fr\/wp-json\/wp\/v2\/categories?post=231204"},{"taxonomy":"post_tag","embeddable":true,"href":"https:\/\/www.europesays.com\/fr\/wp-json\/wp\/v2\/tags?post=231204"}],"curies":[{"name":"wp","href":"https:\/\/api.w.org\/{rel}","templated":true}]}}