{"id":231213,"date":"2025-07-06T20:47:10","date_gmt":"2025-07-06T20:47:10","guid":{"rendered":"https:\/\/www.europesays.com\/fr\/231213\/"},"modified":"2025-07-06T20:47:10","modified_gmt":"2025-07-06T20:47:10","slug":"toulouse-a-trouve-son-prochain-president-france-toulouse","status":"publish","type":"post","link":"https:\/\/www.europesays.com\/fr\/231213\/","title":{"rendered":"Toulouse a trouv\u00e9 son prochain pr\u00e9sident &#8211; France &#8211; Toulouse"},"content":{"rendered":"<p>Un nouveau visage dans la ville rose.<\/p>\n<p><a target=\"_blank\" href=\"https:\/\/www.sofoot.com\/breves\/le-president-du-toulouse-fc-damien-comolli-va-quitter-le-club\" rel=\"noopener nofollow\">Damien Comolli parti \u00e0 la Juventus<\/a>, Toulouse planchait depuis plusieurs semaines sur l\u2019identit\u00e9 de son prochain pr\u00e9sident. Selon une information de <a target=\"_blank\" href=\"https:\/\/www.ladepeche.fr\/2025\/07\/06\/info-la-depeche-president-du-tfc-olivier-cloarec-touche-au-but-12809824.php\" rel=\"noopener nofollow\">La D\u00e9p\u00eache<\/a>, confirm\u00e9e par <a target=\"_blank\" href=\"https:\/\/www.lequipe.fr\/Football\/Article\/L-arrivee-d-olivier-cloarec-comme-president-de-toulouse-se-precise\/1575928\" rel=\"noopener nofollow\">L\u2019\u00c9quipe<\/a>, <strong>Olivier Cloarec est le choix de l\u2019agence CAA Stellar<\/strong>, charg\u00e9e du recrutement, et devrait arriver dans son nouveau r\u00f4le dans les prochains jours. Pass\u00e9 par diff\u00e9rents clubs tels Strasbourg, Brest, Vannes, Dijon, Lorient, Cloarec s\u2019est surtout fait un nom et une r\u00e9putation \u00e0 Rennes, o\u00f9 il a offici\u00e9 de janvier 2021 \u00e0 octobre 2024, scellant de nombreuses ventes record comme celles d\u2019Eduardo Camavinga au Real Madrid, de J\u00e9r\u00e9my Doku \u00e0 Manchester City ou encore de D\u00e9sir\u00e9 Dou\u00e9 au Paris Saint-Germain. Il succ\u00e8dera donc \u00e0 Neil Chugani, int\u00e9rimaire depuis le d\u00e9part surprise de Comolli.<\/p>\n<p><a target=\"_blank\" href=\"https:\/\/www.sofoot.com\/breves\/toulouse-les-supporters-ne-digerent-pas-le-depart-de-damien-comolli-et-demandent-des-comptes\" rel=\"noopener nofollow\">De quoi rassurer les supporters toulousains ?<\/a><\/p>\n<p>\t\t\t\t\t\t\t\t\t\t<a class=\"lien-connexe\" href=\"https:\/\/www.sofoot.com\/breves\/rennes-om-et-nantes-psg-on-connait-les-affiches-de-la-premiere-journee-de-ligue-1\" rel=\"nofollow noopener\" target=\"_blank\">D\u00e9couvrez les affiches de la premi\u00e8re journ\u00e9e de Ligue 1<\/a>\t\t\t\t\t<\/p>\n","protected":false},"excerpt":{"rendered":"Un nouveau visage dans la ville rose. Damien Comolli parti \u00e0 la Juventus, Toulouse planchait depuis plusieurs semaines&hellip;\n","protected":false},"author":2,"featured_media":231214,"comment_status":"","ping_status":"","sticky":false,"template":"","format":"standard","meta":{"footnotes":""},"categories":[2816],"tags":[1111,47,11,61,69,65,64,1777,674,63,1011,27,68,66,12,62,2680,70,25,67,2312],"class_list":{"0":"post-231213","1":"post","2":"type-post","3":"status-publish","4":"format-standard","5":"has-post-thumbnail","7":"category-toulouse","8":"tag-actu","9":"tag-actualite","10":"tag-actualites","11":"tag-actus-football","12":"tag-bundesliga","13":"tag-championnats-europeens","14":"tag-equipe-de-france","15":"tag-eu","16":"tag-europe","17":"tag-football","18":"tag-fr","19":"tag-france","20":"tag-ligua","21":"tag-ligue-1","22":"tag-news","23":"tag-news-foot","24":"tag-occitanie","25":"tag-premier-league","26":"tag-republique-francaise","27":"tag-serie-a","28":"tag-toulouse"},"share_on_mastodon":{"url":"https:\/\/pubeurope.com\/@fr\/114808254827698174","error":""},"_links":{"self":[{"href":"https:\/\/www.europesays.com\/fr\/wp-json\/wp\/v2\/posts\/231213","targetHints":{"allow":["GET"]}}],"collection":[{"href":"https:\/\/www.europesays.com\/fr\/wp-json\/wp\/v2\/posts"}],"about":[{"href":"https:\/\/www.europesays.com\/fr\/wp-json\/wp\/v2\/types\/post"}],"author":[{"embeddable":true,"href":"https:\/\/www.europesays.com\/fr\/wp-json\/wp\/v2\/users\/2"}],"replies":[{"embeddable":true,"href":"https:\/\/www.europesays.com\/fr\/wp-json\/wp\/v2\/comments?post=231213"}],"version-history":[{"count":0,"href":"https:\/\/www.europesays.com\/fr\/wp-json\/wp\/v2\/posts\/231213\/revisions"}],"wp:featuredmedia":[{"embeddable":true,"href":"https:\/\/www.europesays.com\/fr\/wp-json\/wp\/v2\/media\/231214"}],"wp:attachment":[{"href":"https:\/\/www.europesays.com\/fr\/wp-json\/wp\/v2\/media?parent=231213"}],"wp:term":[{"taxonomy":"category","embeddable":true,"href":"https:\/\/www.europesays.com\/fr\/wp-json\/wp\/v2\/categories?post=231213"},{"taxonomy":"post_tag","embeddable":true,"href":"https:\/\/www.europesays.com\/fr\/wp-json\/wp\/v2\/tags?post=231213"}],"curies":[{"name":"wp","href":"https:\/\/api.w.org\/{rel}","templated":true}]}}