{"id":231222,"date":"2025-07-06T20:53:11","date_gmt":"2025-07-06T20:53:11","guid":{"rendered":"https:\/\/www.europesays.com\/fr\/231222\/"},"modified":"2025-07-06T20:53:11","modified_gmt":"2025-07-06T20:53:11","slug":"lyon-6e-arrondissement-lyon-6e-au-college-vendome-des-tests-ont-eu-lieu-pour-integrer-la-future-section-sportive-echecs","status":"publish","type":"post","link":"https:\/\/www.europesays.com\/fr\/231222\/","title":{"rendered":"Lyon | 6e Arrondissement | Lyon 6e. Au coll\u00e8ge Vend\u00f4me, des tests ont eu lieu pour int\u00e9grer la future section sportive \u00c9checs"},"content":{"rendered":"<p>Plusieurs rendez-vous animent la fin de saison du club d\u2019\u00e9checs Lyon Passion 64, avant les grands tournois estivaux.<\/p>\n<p>Au coll\u00e8ge Vend\u00f4me, o\u00f9 une Section sportive scolaire (3S) \u00e9checs ouvrira en septembre, des tests de connaissance ont eu lieu fin juin pour recruter les 18 heureux \u00e9lus qui int\u00e9greront cette premi\u00e8re \u00e0 Lyon, mais aussi \u00e0 l\u2019annexe du coll\u00e8ge une initiation avec \u00e9l\u00e8ves et enseignants.<\/p>\n<p>Enfin, juste avant les vacances, des tournois amicaux se sont d\u00e9roul\u00e9s au coll\u00e8ge Dargent et dans les \u00e9coles Jean-Racine, Pierre-Corneille et Anatole-France, avec pique-nique au parc de la T\u00eate d\u2019Or.<\/p>\n","protected":false},"excerpt":{"rendered":"Plusieurs rendez-vous animent la fin de saison du club d\u2019\u00e9checs Lyon Passion 64, avant les grands tournois estivaux.&hellip;\n","protected":false},"author":2,"featured_media":231223,"comment_status":"","ping_status":"","sticky":false,"template":"","format":"standard","meta":{"footnotes":""},"categories":[1889],"tags":[1111,11,2430,1687,2757,1777,674,1011,27,2428,2756,12,25],"class_list":{"0":"post-231222","1":"post","2":"type-post","3":"status-publish","4":"format-standard","5":"has-post-thumbnail","7":"category-lyon","8":"tag-actu","9":"tag-actualites","10":"tag-auvergne-rhone-alpes","11":"tag-culture-loisirs","12":"tag-edition-lyon-villeurbanne","13":"tag-eu","14":"tag-europe","15":"tag-fr","16":"tag-france","17":"tag-lyon","18":"tag-lyon-bassin","19":"tag-news","20":"tag-republique-francaise"},"share_on_mastodon":{"url":"https:\/\/pubeurope.com\/@fr\/114808278379306144","error":""},"_links":{"self":[{"href":"https:\/\/www.europesays.com\/fr\/wp-json\/wp\/v2\/posts\/231222","targetHints":{"allow":["GET"]}}],"collection":[{"href":"https:\/\/www.europesays.com\/fr\/wp-json\/wp\/v2\/posts"}],"about":[{"href":"https:\/\/www.europesays.com\/fr\/wp-json\/wp\/v2\/types\/post"}],"author":[{"embeddable":true,"href":"https:\/\/www.europesays.com\/fr\/wp-json\/wp\/v2\/users\/2"}],"replies":[{"embeddable":true,"href":"https:\/\/www.europesays.com\/fr\/wp-json\/wp\/v2\/comments?post=231222"}],"version-history":[{"count":0,"href":"https:\/\/www.europesays.com\/fr\/wp-json\/wp\/v2\/posts\/231222\/revisions"}],"wp:featuredmedia":[{"embeddable":true,"href":"https:\/\/www.europesays.com\/fr\/wp-json\/wp\/v2\/media\/231223"}],"wp:attachment":[{"href":"https:\/\/www.europesays.com\/fr\/wp-json\/wp\/v2\/media?parent=231222"}],"wp:term":[{"taxonomy":"category","embeddable":true,"href":"https:\/\/www.europesays.com\/fr\/wp-json\/wp\/v2\/categories?post=231222"},{"taxonomy":"post_tag","embeddable":true,"href":"https:\/\/www.europesays.com\/fr\/wp-json\/wp\/v2\/tags?post=231222"}],"curies":[{"name":"wp","href":"https:\/\/api.w.org\/{rel}","templated":true}]}}