{"id":231226,"date":"2025-07-06T20:57:32","date_gmt":"2025-07-06T20:57:32","guid":{"rendered":"https:\/\/www.europesays.com\/fr\/231226\/"},"modified":"2025-07-06T20:57:32","modified_gmt":"2025-07-06T20:57:32","slug":"la-baignade-dans-la-seine-interdite-ce-dimanche-en-raison-des-intemperies","status":"publish","type":"post","link":"https:\/\/www.europesays.com\/fr\/231226\/","title":{"rendered":"la baignade dans la Seine interdite ce dimanche en raison des intemp\u00e9ries"},"content":{"rendered":"<p>Selon le site de la mairie de Paris, la baignade est interdite ce dimanche dans la Seine et les trois sites inaugur\u00e9s samedi sont ferm\u00e9s jusqu\u2019\u00e0 lundi, en raison des intemp\u00e9ries qui alt\u00e8rent la qualit\u00e9 de l\u2019eau. L\u2019inauguration d\u2019un site de baignade dans le canal Saint-Martin a \u00e9t\u00e9 report\u00e9e.<\/p>\n<p class=\"fig-paragraph\">Drapeau rouge\u00a0! La baignade est interdite ce dimanche dans la Seine,\u00a0<a href=\"http:\/\/www.lefigaro.fr\/actualite-france\/on-a-presque-l-impression-d-etre-en-vacances-les-parisiens-renouent-avec-la-baignade-dans-la-seine-100-ans-apres-son-interdiction-20250705\" data-fig-type=\"Article\" data-gtm-custom-categorie=\"navigation\" data-gtm-custom-action=\"crossclick\" data-gtm-custom-label=\"Contextuel\" data-gtm-event=\"customEventSPE\" data-fig-domain=\"LEFIGARO\" target=\"_blank\" rel=\"noopener\">au lendemain de l\u2019inauguration en grande pompe<\/a>\u00a0de trois sites de baignade dans le fleuve en plein c\u0153ur de Paris.\u00a0<a href=\"https:\/\/www.paris.fr\/paris-en-seine-2025\" target=\"_blank\" rel=\"nofollow noopener\" data-gtm-custom-categorie=\"navigation\" data-gtm-custom-action=\"crossclick\" data-gtm-custom-label=\"Contextuel\" data-gtm-event=\"customEventSPE\">Sur son site Internet<\/a>, la municipalit\u00e9 pr\u00e9cise sobrement sur une carte interactive affichant les diff\u00e9rents spots de baignade de la capitale, que les trois lieux (pr\u00e8s de la Tour Eiffel, de l\u2019H\u00f4tel de ville et de Bercy) resteront ferm\u00e9s jusqu\u2019\u00e0 demain.<\/p>\n<p class=\"fig-paragraph\">Surtout, l\u2019inauguration d\u2019un quatri\u00e8me site de baignade, cette fois dans le Xe arrondissement dans les eaux du canal Saint-Martin, devait avoir lieu ce dimanche et sera donc report\u00e9e \u00e0 une date ult\u00e9rieure. \u00abEn raison du niveau de pluviom\u00e9trie relev\u00e9, qui compromet la qualit\u00e9 de l\u2019eau, nous sommes au regret de devoir annuler la baignade pr\u00e9vue ce jour dans le canal St-Martin de 13 \u00e0 17 heures\u00bb pr\u00e9cise la Ville de Paris cit\u00e9e par nos confr\u00e8res du Parisien.<\/p>\n<p class=\"fig-body-link\">\n            \u00c0 lire aussi<br \/>\n        <a class=\"fig-body-link__link\" href=\"http:\/\/www.lefigaro.fr\/sciences\/baignade-dans-la-seine-la-carte-pour-tout-savoir-sur-cette-premiere-depuis-un-siecle-20250705\" data-fig-type=\"NewsFlash\" data-gtm-custom-categorie=\"navigation\" data-gtm-custom-action=\"crossclick\" data-gtm-custom-label=\"Contextuel\" data-gtm-event=\"customEventSPE\" data-fig-domain=\"LEFIGARO\" target=\"_blank\" rel=\"noopener\">Baignade dans la Seine\u00a0: la carte pour tout savoir sur cette premi\u00e8re historique<br \/>\n    <\/a>\n<\/p>\n<p>                                    <a class=\"fig-a11y-skip a11y-hidden\" href=\"#fig-a11y-skip-main-inarticle\"><br \/>\n        Passer la publicit\u00e9<br \/>\n    <\/a><\/p>\n<p class=\"fig-paragraph\">En cause en effet, les fortes pr\u00e9cipitations qui se sont d\u00e9vers\u00e9es sur Paris depuis samedi soir\u00a0: il a plu une dizaine de centim\u00e8tres d\u2019eau en une nuit. La pluie d\u00e9grade la qualit\u00e9 de l\u2019eau en apportant des eaux us\u00e9es ou de ruissellement contamin\u00e9es.<\/p>\n<p class=\"fig-paragraph\">Si elle a \u00e9t\u00e9 ouverte \u00e0 la baignade samedi, la Seine n\u2019en demeure pas moins strictement contr\u00f4l\u00e9e. L\u2019eau, les conditions m\u00e9t\u00e9orologiques ainsi que les infrastructures fluviales seront scrut\u00e9es chaque jour. En lien avec l\u2019\u00c9tat et l\u2019Agence r\u00e9gionale de sant\u00e9 (ARS),\u00a0<a href=\"http:\/\/www.lefigaro.fr\/actualite-france\/a-deux-mois-des-jo-de-paris-la-seine-n-est-toujours-pas-baignable-selon-des-prelevements-20240529\" target=\"_blank\" data-fig-type=\"Article\" rel=\"noopener\" data-gtm-custom-categorie=\"navigation\" data-gtm-custom-action=\"crossclick\" data-gtm-custom-label=\"Contextuel\" data-gtm-event=\"customEventSPE\" data-fig-domain=\"LEFIGARO\">le dispositif de surveillance repose sur deux indicateurs microbiologiques majeurs<\/a>\u00a0: le niveau de concentration des bact\u00e9ries Escherichia coli et des ent\u00e9rocoques intestinaux. Celles-ci sont d\u00e9tect\u00e9es \u00e0 partir de pr\u00e9l\u00e8vements analys\u00e9s par le laboratoire d\u2019Eau de Paris.<\/p>\n","protected":false},"excerpt":{"rendered":"Selon le site de la mairie de Paris, la baignade est interdite ce dimanche dans la Seine et&hellip;\n","protected":false},"author":2,"featured_media":231227,"comment_status":"","ping_status":"","sticky":false,"template":"","format":"standard","meta":{"footnotes":""},"categories":[1888],"tags":[1111,1928,11,1927,1777,674,1011,27,12,1926,626,1925,25,13527],"class_list":{"0":"post-231226","1":"post","2":"type-post","3":"status-publish","4":"format-standard","5":"has-post-thumbnail","7":"category-paris","8":"tag-actu","9":"tag-actu-paris","10":"tag-actualites","11":"tag-actualites-paris","12":"tag-eu","13":"tag-europe","14":"tag-fr","15":"tag-france","16":"tag-news","17":"tag-news-paris","18":"tag-paris","19":"tag-paris-news","20":"tag-republique-francaise","21":"tag-seine"},"share_on_mastodon":{"url":"https:\/\/pubeurope.com\/@fr\/114808294223549955","error":""},"_links":{"self":[{"href":"https:\/\/www.europesays.com\/fr\/wp-json\/wp\/v2\/posts\/231226","targetHints":{"allow":["GET"]}}],"collection":[{"href":"https:\/\/www.europesays.com\/fr\/wp-json\/wp\/v2\/posts"}],"about":[{"href":"https:\/\/www.europesays.com\/fr\/wp-json\/wp\/v2\/types\/post"}],"author":[{"embeddable":true,"href":"https:\/\/www.europesays.com\/fr\/wp-json\/wp\/v2\/users\/2"}],"replies":[{"embeddable":true,"href":"https:\/\/www.europesays.com\/fr\/wp-json\/wp\/v2\/comments?post=231226"}],"version-history":[{"count":0,"href":"https:\/\/www.europesays.com\/fr\/wp-json\/wp\/v2\/posts\/231226\/revisions"}],"wp:featuredmedia":[{"embeddable":true,"href":"https:\/\/www.europesays.com\/fr\/wp-json\/wp\/v2\/media\/231227"}],"wp:attachment":[{"href":"https:\/\/www.europesays.com\/fr\/wp-json\/wp\/v2\/media?parent=231226"}],"wp:term":[{"taxonomy":"category","embeddable":true,"href":"https:\/\/www.europesays.com\/fr\/wp-json\/wp\/v2\/categories?post=231226"},{"taxonomy":"post_tag","embeddable":true,"href":"https:\/\/www.europesays.com\/fr\/wp-json\/wp\/v2\/tags?post=231226"}],"curies":[{"name":"wp","href":"https:\/\/api.w.org\/{rel}","templated":true}]}}