{"id":231241,"date":"2025-07-06T21:05:18","date_gmt":"2025-07-06T21:05:18","guid":{"rendered":"https:\/\/www.europesays.com\/fr\/231241\/"},"modified":"2025-07-06T21:05:18","modified_gmt":"2025-07-06T21:05:18","slug":"le-conseil-de-leurope-sinquiete-de-lusage-de-la-force-sur-des-manifestants-serbes","status":"publish","type":"post","link":"https:\/\/www.europesays.com\/fr\/231241\/","title":{"rendered":"Le Conseil de l&rsquo;Europe s&rsquo;inqui\u00e8te de l&rsquo;usage de la force sur des manifestants serbes"},"content":{"rendered":"<p>L\u2019organisme europ\u00e9en de surveillance des droits de la personne a exprim\u00e9 vendredi son inqui\u00e9tude quant au recours excessif \u00e0 la force et aux d\u00e9tentions arbitraires par les autorit\u00e9s serbes pour disperser les manifestations contre le gouvernement populiste du pr\u00e9sident Aleksandar Vucic.<\/p>\n<p>Michael O\u2019Flaherty, commissaire aux droits de l\u2019homme du Conseil de l\u2019Europe, a d\u00e9clar\u00e9 dans un communiqu\u00e9 que \u00abla libert\u00e9 de r\u00e9union et la libert\u00e9 d\u2019expression sont des droits de la personne fondamentaux consacr\u00e9s par la Convention europ\u00e9enne des droits de l\u2019homme et qu\u2019il est du devoir de la Serbie de les garantir\u00bb.<\/p>\n<p>\u00abJe suis pr\u00e9occup\u00e9 par la situation actuelle des droits de la personne en Serbie, o\u00f9, malgr\u00e9 les assurances que j\u2019ai re\u00e7ues des autorit\u00e9s lors de ma visite en avril, un recours excessif \u00e0 la force est appliqu\u00e9 pour r\u00e9primer les manifestations\u00bb, a d\u00e9clar\u00e9 M.\u00a0O\u2019Flaherty.<\/p>\n<p>Amnestie Internationale et Civil Rights Defenders ont appel\u00e9 \u00e0 la retenue et \u00e0 l\u2019ouverture d\u2019une enqu\u00eate sur tout recours \u00e0 la force ill\u00e9gale.<\/p>\n<p>\u00abLes images de la police anti\u00e9meute serbe ciblant sans discrimination des manifestants pacifiques rassembl\u00e9s lors de blocages dans la rue et devant des universit\u00e9s \u00e0 Belgrade sont alarmantes\u00bb, ont signal\u00e9 les organisations de d\u00e9fense des droits de la personne dans un communiqu\u00e9 conjoint vendredi. \u00abUne r\u00e9ponse muscl\u00e9e \u00e0 une dissidence pacifique est injustifiable.\u00bb<\/p>\n<p>Depuis un grand rassemblement le week-end dernier, la police anti\u00e9meute a arr\u00eat\u00e9 de nombreux manifestants, dont des \u00e9tudiants, leurs professeurs et d\u2019autres, qui bloquaient la circulation dans tout le pays pour r\u00e9clamer des \u00e9lections l\u00e9gislatives anticip\u00e9es.<\/p>\n<p>La tension est mont\u00e9e d\u2019un cran depuis le rassemblement de dizaines de milliers de personnes \u00e0 Belgrade, qui s\u2019est termin\u00e9 par des affrontements entre la police anti\u00e9meute et des groupes de manifestants. Les manifestations, qui avaient dur\u00e9 des mois auparavant, s\u2019\u00e9taient d\u00e9roul\u00e9es dans le calme.<\/p>\n<p>Vendredi, la police est \u00e9galement intervenue pour d\u00e9bloquer la circulation \u00e0 Belgrade, arr\u00eatant bri\u00e8vement plusieurs manifestants. Les manifestants rebelles ont de nouveau bloqu\u00e9 les rues vendredi soir.<\/p>\n<p>Des \u00e9tudiants \u00e0 l\u2019origine des manifestations ont racont\u00e9 que la police avait bless\u00e9 de nombreux manifestants pacifiques ces derniers jours. Selon des t\u00e9moins, la police anti\u00e9meute aurait frapp\u00e9 les manifestants avec des matraques et des boucliers, faisant quatre bless\u00e9s, dont un qui souffre d\u2019une fracture \u00e0 la clavicule.<\/p>\n<p>La police a ni\u00e9 tout recours excessif \u00e0 la force, avertissant que bloquer la circulation \u00e9tait ill\u00e9gal. M.\u00a0Vucic a qualifi\u00e9 les manifestations en cours de \u00abterrorisme\u00bb et de tentative de renverser l\u2019\u00c9tat.<\/p>\n<p> Des niveaux accrus de recours \u00e0 la force par la police et des arrestations ont eu lieu au cours de la semaine, selon M.\u00a0O\u2019Flaherty. <\/p>\n<p>\u00abJe suis particuli\u00e8rement pr\u00e9occup\u00e9 par l\u2019arrestation d\u2019enfants, ainsi que par le nombre d\u2019\u00e9tudiants inculp\u00e9s d\u2019infractions p\u00e9nales ou hospitalis\u00e9s pour blessures\u00bb, a-t-il soutenu dans un communiqu\u00e9.<\/p>\n<p>Il a ajout\u00e9 que \u00abtoute interpr\u00e9tation erron\u00e9e de ce mouvement \u00e9tudiant, largement pacifique, doit \u00eatre \u00e9vit\u00e9e \u00e0 tout prix\u00bb.<\/p>\n<p>La mission de l\u2019Union europ\u00e9enne en Serbie et le Haut-Commissariat des Nations Unies aux droits de l\u2019homme ont d\u00e9clar\u00e9 jeudi qu\u2019ils suivaient la situation de pr\u00e8s et ont appel\u00e9 \u00e0 la retenue.<\/p>\n<p>Les manifestations persistantes qui ont \u00e9branl\u00e9 M.\u00a0Vucic ont commenc\u00e9 en novembre apr\u00e8s l\u2019effondrement d\u2019une verri\u00e8re de gare r\u00e9nov\u00e9e dans le nord de la Serbie, faisant 16\u00a0morts. De nombreux Serbes imputent cette trag\u00e9die \u00e0 une n\u00e9gligence pr\u00e9sum\u00e9e, aliment\u00e9e par la corruption, dans les projets d\u2019infrastructures de l\u2019\u00c9tat.<\/p>\n<p>Ses d\u00e9tracteurs affirment que le pr\u00e9sident serbe est devenu de plus en plus autoritaire depuis son arriv\u00e9e au pouvoir il y a plus de dix ans, \u00e9touffant les libert\u00e9s d\u00e9mocratiques tout en permettant \u00e0 la corruption et au crime organis\u00e9 de prosp\u00e9rer, ce qu\u2019il a toujours ni\u00e9.<\/p>\n<p>La Serbie souhaite officiellement adh\u00e9rer \u00e0 l\u2019UE, mais le gouvernement de M.\u00a0Vucic a renforc\u00e9 ses liens avec la Russie et la Chine.<\/p>\n","protected":false},"excerpt":{"rendered":"L\u2019organisme europ\u00e9en de surveillance des droits de la personne a exprim\u00e9 vendredi son inqui\u00e9tude quant au recours excessif&hellip;\n","protected":false},"author":2,"featured_media":231242,"comment_status":"","ping_status":"","sticky":false,"template":"","format":"standard","meta":{"footnotes":""},"categories":[1586],"tags":[11,1777,674,1011,27,1854,20106,4576,12,25],"class_list":{"0":"post-231241","1":"post","2":"type-post","3":"status-publish","4":"format-standard","5":"has-post-thumbnail","7":"category-europe","8":"tag-actualites","9":"tag-eu","10":"tag-europe","11":"tag-fr","12":"tag-france","13":"tag-https-lactualite-com-sujet-international","14":"tag-https-lactualite-com-sujet-justice","15":"tag-https-lactualite-com-sujet-politique","16":"tag-news","17":"tag-republique-francaise"},"share_on_mastodon":{"url":"https:\/\/pubeurope.com\/@fr\/114808325661541814","error":""},"_links":{"self":[{"href":"https:\/\/www.europesays.com\/fr\/wp-json\/wp\/v2\/posts\/231241","targetHints":{"allow":["GET"]}}],"collection":[{"href":"https:\/\/www.europesays.com\/fr\/wp-json\/wp\/v2\/posts"}],"about":[{"href":"https:\/\/www.europesays.com\/fr\/wp-json\/wp\/v2\/types\/post"}],"author":[{"embeddable":true,"href":"https:\/\/www.europesays.com\/fr\/wp-json\/wp\/v2\/users\/2"}],"replies":[{"embeddable":true,"href":"https:\/\/www.europesays.com\/fr\/wp-json\/wp\/v2\/comments?post=231241"}],"version-history":[{"count":0,"href":"https:\/\/www.europesays.com\/fr\/wp-json\/wp\/v2\/posts\/231241\/revisions"}],"wp:featuredmedia":[{"embeddable":true,"href":"https:\/\/www.europesays.com\/fr\/wp-json\/wp\/v2\/media\/231242"}],"wp:attachment":[{"href":"https:\/\/www.europesays.com\/fr\/wp-json\/wp\/v2\/media?parent=231241"}],"wp:term":[{"taxonomy":"category","embeddable":true,"href":"https:\/\/www.europesays.com\/fr\/wp-json\/wp\/v2\/categories?post=231241"},{"taxonomy":"post_tag","embeddable":true,"href":"https:\/\/www.europesays.com\/fr\/wp-json\/wp\/v2\/tags?post=231241"}],"curies":[{"name":"wp","href":"https:\/\/api.w.org\/{rel}","templated":true}]}}