{"id":23125,"date":"2025-04-13T21:45:15","date_gmt":"2025-04-13T21:45:15","guid":{"rendered":"https:\/\/www.europesays.com\/fr\/23125\/"},"modified":"2025-04-13T21:45:15","modified_gmt":"2025-04-13T21:45:15","slug":"a-la-national-gallery-de-londres-une-nuit-unique-au-musee-a-gagner","status":"publish","type":"post","link":"https:\/\/www.europesays.com\/fr\/23125\/","title":{"rendered":"\u00c0 la National Gallery de Londres, une nuit unique au mus\u00e9e \u00e0 gagner"},"content":{"rendered":"<p class=\"editor-content__paragraph\">Dormir seul(e) dans un lit douillet <strong>au milieu des chefs-d\u2019\u0153uvre de la <a href=\"https:\/\/www.beauxarts.com\/lifestyle\/la-national-gallery-vaisseau-amiral-de-lart-a-londres\/\" target=\"_blank\" rel=\"noopener nofollow\">National Gallery de Londres<\/a><\/strong>\u00a0? Aussi fou qu\u2019il soit, ce r\u00eave va bient\u00f4t devenir r\u00e9alit\u00e9 pour une personne chanceuse\u00a0!<\/p>\n<p class=\"editor-content__paragraph\">Ce lundi 7\u00a0avril, le mus\u00e9e britannique a en effet lanc\u00e9 un <strong>grand tirage au sort<\/strong> qui permettra \u00e0 un visiteur de vivre cette <strong>exp\u00e9rience unique<\/strong>, qui n\u2019avait encore jamais \u00e9t\u00e9 propos\u00e9e en ses murs.<\/p>\n<p class=\"editor-content__paragraph\">Le programme est all\u00e9chant. Le ou la gagnant(e), <strong> choisi(e) au hasard dans la liste des abonn\u00e9s \u00e0 la newsletter <\/strong>du mus\u00e9e (\u00e0 laquelle chacun peut <a href=\"https:\/\/www.nationalgallery.org.uk\/subscribe\/wake-up\" target=\"_blank\" rel=\"noopener nofollow\">s\u2019inscrire ici<\/a> jusqu\u2019au 28\u00a0avril \u00e0 18h, heure britannique), passera la nuit du 9\u00a0au 10\u00a0mai 2025\u00a0dans un lit install\u00e9 sur <strong>le pont reliant le b\u00e2timent principal \u00e0 l\u2019aile Sainsbury<\/strong>.<\/p>\n<p>    <img decoding=\"async\" class=\"image__img\" src=\"\" alt=\"\" width=\"\" height=\"\"\/><\/p>\n<p class=\"editor-content__paragraph\">Avant cela, il ou elle aura droit \u00e0 <strong>un d\u00eener<\/strong> avec la personne de son choix au Locatelli, le nouveau restaurant du mus\u00e9e ouvert dans l\u2019aile Sainsbury en partenariat avec Searcys, puis profitera seul(e) d\u2019une <strong>visite nocturne priv\u00e9e<\/strong> de la collection de la National Gallery, guid\u00e9(e) par l\u2019un de ses conservateurs, avant de rejoindre <strong>une \u00ab\u00a0chambre sur mesure\u00a0\u00bb install\u00e9e au milieu des \u0153uvres<\/strong>. \u00c0 son r\u00e9veil, il ou elle profitera d\u2019un petit-d\u00e9jeuner au lit et aura le privil\u00e8ge d\u2019explorer seul(e) les salles de la National Gallery avant l\u2019arriv\u00e9e de la foule \u00e0 10\u00a0heures.<\/p>\n<p>        \u00c0 lire aussi :<br \/>\n        <a class=\"renvoi-explicite__link\" href=\"https:\/\/www.beauxarts.com\/lifestyle\/la-national-gallery-vaisseau-amiral-de-lart-a-londres\/\" rel=\"nofollow noopener\" target=\"_blank\">La National Gallery : vaisseau amiral de l\u2019art \u00e0 Londres<\/a><\/p>\n<p>Plus de 1\u00a0000 \u0153uvres \u00e0 d\u00e9couvrir en exclusivit\u00e9<\/p>\n<p class=\"editor-content__paragraph\">L\u2019\u00e9v\u00e9nement a \u00e9t\u00e9 pens\u00e9 pour marquer <strong>l\u2019inauguration, le 10\u00a0mai prochain, du nouvel accrochage<\/strong> (intitul\u00e9 \u00ab\u00a0C C Land \u2013 The Wonder of Art\u00a0\u00bb) de la collection de peintures occidentales du mus\u00e9e. Soit plus de <strong>1\u00a0000 \u0153uvres datant du XIIIe au d\u00e9but du XXe\u00a0si\u00e8cles<\/strong> (dont certaines n\u2019avaient jamais \u00e9t\u00e9 expos\u00e9es auparavant \u00e0 la National Gallery) qui seront pr\u00e9sent\u00e9es au fil d\u2019un parcours chronologique ponctu\u00e9 de salles th\u00e9matiques, parfois consacr\u00e9es \u00e0 un seul artiste comme <a href=\"https:\/\/www.beauxarts.com\/grand-format\/claude-monet-en-2-minutes\/\" target=\"_blank\" rel=\"noopener nofollow\">Claude Monet<\/a> ou <a href=\"https:\/\/www.beauxarts.com\/grand-format\/rembrandt-en-2-minutes\/\" target=\"_blank\" rel=\"noopener nofollow\">Rembrandt<\/a>. Dans ce cadre, le public pourra <strong>red\u00e9couvrir l\u2019aile Sainsbury <\/strong>: rouverte le m\u00eame jour apr\u00e8s deux ans de travaux de r\u00e9novation, celle-ci abrite<strong> les peintures les plus anciennes de l\u2019\u00e9tablissement<\/strong>, parmi lesquelles des \u0153uvres de <a href=\"https:\/\/www.beauxarts.com\/grand-format\/piero-della-francesca-en-2-minutes\/\" target=\"_blank\" rel=\"noopener nofollow\">Piero della Francesca<\/a> ou <a href=\"https:\/\/www.beauxarts.com\/grand-format\/paolo-uccello-en-2-minutes\/\" target=\"_blank\" rel=\"noopener nofollow\">Paolo Uccello<\/a>, dont certaines ont \u00e9t\u00e9 restaur\u00e9es pour l\u2019occasion.<\/p>\n<p>        \u00c0 lire aussi :<br \/>\n        <a class=\"renvoi-explicite__link\" href=\"https:\/\/www.beauxarts.com\/grand-format\/la-national-gallery-de-londres-va-reunir-exceptionnellement-les-deux-moities-dun-tableau-de-manet\/\" rel=\"nofollow noopener\" target=\"_blank\">La National Gallery de Londres va r\u00e9unir exceptionnellement les deux moiti\u00e9s d&rsquo;un tableau de Manet<\/a><\/p>\n<p>Une nuit au mus\u00e9e d\u2019Orsay en 2024<\/p>\n<p class=\"editor-content__paragraph\">C\u2019est la <strong>premi\u00e8re fois<\/strong> de son histoire que la National Gallery organise un <strong>\u00e9v\u00e9nement nocturne<\/strong> pour une seule personne. Imagin\u00e9 pour <strong>promouvoir le grand r\u00e9accrochage<\/strong> du c\u00e9l\u00e8bre mus\u00e9e londonien situ\u00e9 sur Trafalgar Square, qui abrite au total 2\u00a0300\u00a0peintures et se <strong>visite gratuitement<\/strong>, ce concours rappelle l\u2019\u00e9v\u00e9nement in\u00e9dit qui avait \u00e9t\u00e9 propos\u00e9 par la plateforme Airbnb en 2024\u00a0: une nuit <a href=\"https:\/\/www.beauxarts.com\/vu\/une-nuit-airbnb-gratuite-au-musee-dorsay-dans-la-salle-de-lhorloge-mise-en-jeu-pour-les-jo\/\" target=\"_blank\" rel=\"noopener nofollow\">dans une chambre am\u00e9nag\u00e9e sp\u00e9cialement <strong>dans la salle de l\u2019horloge du mus\u00e9e d\u2019Orsay<\/strong><\/a>. Celle-ci, qui permettait d\u2019assister depuis une terrasse du mus\u00e9e \u00e0 la c\u00e9r\u00e9monie d\u2019ouverture des Jeux olympiques de Paris organis\u00e9e sur la Seine, comprenait elle aussi un d\u00eener et une visite priv\u00e9e de la galerie des impressionnistes. Une recette qui semble avoir fait des \u00e9mules\u00a0!<\/p>\n<p>        \u00c0 lire aussi :<br \/>\n        <a class=\"renvoi-explicite__link\" href=\"https:\/\/www.beauxarts.com\/expos\/edvard-munch-sienne-noah-davis-les-meilleures-expos-a-voir-a-londres-ce-printemps\/\" rel=\"nofollow noopener\" target=\"_blank\">Edvard Munch, Sienne, Noah Davis&#8230; Les meilleures expos \u00e0 voir \u00e0 Londres ce printemps<\/a><\/p>\n<p>  Arrow<\/p>\n<p>National Gallery &#8211; Londres<\/p>\n<p>Ouvert tous les jours de 10h \u00e0 18h et le vendredi de 10h \u00e0 21h<\/p>\n<p class=\"annexe-content__infos\">Trafalgar Square \u2022 Londres<br \/><a href=\"https:\/\/www.nationalgallery.org.uk\/\" rel=\"nofollow noopener\" target=\"_blank\">www.nationalgallery.org.uk<\/a><\/p>\n","protected":false},"excerpt":{"rendered":"Dormir seul(e) dans un lit douillet au milieu des chefs-d\u2019\u0153uvre de la National Gallery de Londres\u00a0? Aussi fou&hellip;\n","protected":false},"author":2,"featured_media":23126,"comment_status":"","ping_status":"","sticky":false,"template":"","format":"standard","meta":{"footnotes":""},"categories":[1358],"tags":[1348,1384,1385,1386,58,59,1011,27,4534,8477],"class_list":{"0":"post-23125","1":"post","2":"type-post","3":"status-publish","4":"format-standard","5":"has-post-thumbnail","7":"category-arts-et-design","8":"tag-arts","9":"tag-arts-and-design","10":"tag-arts-et-design","11":"tag-design","12":"tag-divertissement","13":"tag-entertainment","14":"tag-fr","15":"tag-france","16":"tag-londres","17":"tag-national-gallery-londres"},"share_on_mastodon":{"url":"https:\/\/pubeurope.com\/@fr\/114332848854300297","error":""},"_links":{"self":[{"href":"https:\/\/www.europesays.com\/fr\/wp-json\/wp\/v2\/posts\/23125","targetHints":{"allow":["GET"]}}],"collection":[{"href":"https:\/\/www.europesays.com\/fr\/wp-json\/wp\/v2\/posts"}],"about":[{"href":"https:\/\/www.europesays.com\/fr\/wp-json\/wp\/v2\/types\/post"}],"author":[{"embeddable":true,"href":"https:\/\/www.europesays.com\/fr\/wp-json\/wp\/v2\/users\/2"}],"replies":[{"embeddable":true,"href":"https:\/\/www.europesays.com\/fr\/wp-json\/wp\/v2\/comments?post=23125"}],"version-history":[{"count":0,"href":"https:\/\/www.europesays.com\/fr\/wp-json\/wp\/v2\/posts\/23125\/revisions"}],"wp:featuredmedia":[{"embeddable":true,"href":"https:\/\/www.europesays.com\/fr\/wp-json\/wp\/v2\/media\/23126"}],"wp:attachment":[{"href":"https:\/\/www.europesays.com\/fr\/wp-json\/wp\/v2\/media?parent=23125"}],"wp:term":[{"taxonomy":"category","embeddable":true,"href":"https:\/\/www.europesays.com\/fr\/wp-json\/wp\/v2\/categories?post=23125"},{"taxonomy":"post_tag","embeddable":true,"href":"https:\/\/www.europesays.com\/fr\/wp-json\/wp\/v2\/tags?post=23125"}],"curies":[{"name":"wp","href":"https:\/\/api.w.org\/{rel}","templated":true}]}}