{"id":231251,"date":"2025-07-06T21:10:20","date_gmt":"2025-07-06T21:10:20","guid":{"rendered":"https:\/\/www.europesays.com\/fr\/231251\/"},"modified":"2025-07-06T21:10:20","modified_gmt":"2025-07-06T21:10:20","slug":"langlais-daniel-brown-roi-de-baviere-top-7-pour-frederic-lacroix","status":"publish","type":"post","link":"https:\/\/www.europesays.com\/fr\/231251\/","title":{"rendered":"L&rsquo;Anglais Daniel Brown, roi de Bavi\u00e8re ! Top 7 pour Fr\u00e9d\u00e9ric Lacroix"},"content":{"rendered":"<p>\t\t\t\t\t\t<img width=\"770\" height=\"555\" src=\"https:\/\/www.europesays.com\/fr\/wp-content\/uploads\/2025\/07\/danbrowngetty-770x555.jpeg\" class=\"img-responsive wp-post-image\" alt=\"\" decoding=\"async\" fetchpriority=\"high\"  \/>\t\t\t\t\t<\/p>\n<p>\t\t\t\t\t\t Partager cet article <\/p>\n<p class=\"screen-reader-text juiz_sps_maybe_hidden_text\">Partager la publication \u00ab\u00a0L\u2019Anglais Daniel Brown, roi de Bavi\u00e8re ! Top 7 pour Fr\u00e9d\u00e9ric Lacroix\u00a0\u00bb<\/p>\n<p><strong>Dans un magnifique bras de fer en forme de Match Play en derni\u00e8re partie, Daniel Brown (photo) l\u2019a finalement emport\u00e9 face \u00e0 son compatriote Jordan Smith. Gr\u00e2ce \u00e0 une carte de 66 (-6) sans bogey, l\u2019Anglais l\u2019emporte avec deux coups d\u2019avance et un score de -22 (266). Le N\u00e9o-Z\u00e9landais Kazuma Kobori compl\u00e8te le podium \u00e0 -18 (270) avec un dernier et monumental 63 (-9). Auteur d\u2019un tr\u00e8s solide 67 (-5), Fr\u00e9d\u00e9ric Lacroix accroche la 7e place \u00e0 -15 (273). C\u2019est tout simplement son meilleur r\u00e9sultat de la saison !\u00a0<\/strong><\/p>\n<p>\u00a0<\/p>\n<p><strong>L.V.<\/strong><\/p>\n<p>Respectivement <a href=\"https:\/\/www.golfplanete.com\/actualites\/les-anglais-brown-smith-et-penge-squattent-le-top-4-lacroix-conserve-une-petite-chance\/\" target=\"_blank\" rel=\"noopener nofollow\">leader et deuxi\u00e8me du BMW International Open<\/a> au moment de s\u2019\u00e9lancer ce dimanche pour le dernier tour, <strong>Daniel Brown<\/strong> et <strong>Jordan Smith<\/strong> ont assur\u00e9 le spectacle. Les deux joueurs anglais ont en effet offert un jeu de golf de toute beaut\u00e9. Notamment sur les neuf trous de l\u2019aller o\u00f9 ils se sont l\u2019un et l\u2019autre tir\u00e9s vers le haut.<\/p>\n<p><a href=\"https:\/\/www.europeantour.com\/dpworld-tour\/bmw-international-open-2025\/leaderboard\" target=\"_blank\" rel=\"noopener nofollow\">Retrouvez le classement complet<\/a><\/p>\n<p>\t\t\t\t\t<a id=\"174987\" href=\"https:\/\/www.sudfrancegolf.com\/fr\/\" target=\"_blank\" rel=\"sponsorised nofollow noopener\"><img decoding=\"async\" src=\"data:image\/svg+xml,%3Csvg%20xmlns=\" http:=\"\" class=\"img-responsive\" alt=\"\" data-lazy-src=\"https:\/\/www.europesays.com\/fr\/wp-content\/uploads\/2025\/06\/giesudfrancegolf-e02-egolf-pass-2025-v2-1170x275-1.gif\"\/><\/a><\/p>\n<p>Quatre birdies pour Brown entre le 1 et le 6. Cinq birdies pour Smith entre le 2 et le 9. Un v\u00e9ritable Match Play qui pla\u00e7ait le duo tout simplement en t\u00eate \u00e0 -20 au moment de virer sur les neuf trous du retour.<\/p>\n<p>\u00a0<\/p>\n<blockquote class=\"twitter-tweet\">\n<p dir=\"ltr\" lang=\"en\">The Perfect Start \u2b50\ufe0f<\/p>\n<p>Dan Brown gets back-to-back birdies \ud83d\udcc8<a href=\"https:\/\/twitter.com\/hashtag\/BMWInternationalOpen?src=hash&amp;ref_src=twsrc%5Etfw\" rel=\"nofollow noopener\" target=\"_blank\">#BMWInternationalOpen<\/a> <a href=\"https:\/\/t.co\/PJlCm4aKxB\" rel=\"nofollow\">pic.twitter.com\/PJlCm4aKxB<\/a><\/p>\n<p>\u2014 DP World Tour (@DPWorldTour) <a href=\"https:\/\/twitter.com\/DPWorldTour\/status\/1941825567558402103?ref_src=twsrc%5Etfw\" rel=\"nofollow noopener\" target=\"_blank\">July 6, 2025<\/a><\/p>\n<\/blockquote>\n<p>\u00a0<\/p>\n<p>Mais c\u2019est finalement le natif de Northallerton, dans le Yorkshire, qui a fait la diff\u00e9rence, postant un pr\u00e9cieux birdie au 12 pendant que son adversaire direct partait trois fois \u00e0 la faute entre les trous 10 et 14. Brown, avec trois coups d\u2019avance au d\u00e9part du 15 n\u2019a m\u00eame pas bronch\u00e9 quand sur ce par 4 Smith a r\u00e9duit l\u2019\u00e9cart \u00e0 deux longueurs. Tout en gestion et en profitant aussi des occasions manqu\u00e9es de son partenaire de jeu au 16 puis au 17, il a su maitriser ses \u00e9motions jusqu\u2019au bout, jusqu\u2019\u00e0 ce sixi\u00e8me et dernier birdie sur le par 5 du 18 (comme Smith d\u2019ailleurs).<\/p>\n<p>\u00a0<\/p>\n<blockquote class=\"twitter-tweet\">\n<p dir=\"ltr\" lang=\"en\">An emotional moment as Dan Brown becomes the eighth English winner of the BMW International Open \ud83d\udc99<a href=\"https:\/\/twitter.com\/hashtag\/BMWInternationalOpen?src=hash&amp;ref_src=twsrc%5Etfw\" rel=\"nofollow noopener\" target=\"_blank\">#BMWInternationalOpen<\/a> <a href=\"https:\/\/t.co\/VpHIHTMjKM\" rel=\"nofollow\">pic.twitter.com\/VpHIHTMjKM<\/a><\/p>\n<p>\u2014 DP World Tour (@DPWorldTour) <a href=\"https:\/\/twitter.com\/DPWorldTour\/status\/1941880558751023140?ref_src=twsrc%5Etfw\" rel=\"nofollow noopener\" target=\"_blank\">July 6, 2025<\/a><\/p>\n<\/blockquote>\n<p>\u00a0<\/p>\n<p>Avec un score final de -22 (266), Daniel Brown, 30 ans, ajoute donc une seconde ligne \u00e0 son palmar\u00e8s apr\u00e8s l\u2019<strong>ISPS Handa World Invitational<\/strong> le 20 ao\u00fbt 2023 en Irlande du Nord. Ce succ\u00e8s lui permet \u00e9galement de pointer d\u00e9sormais \u00e0 la 15e place de la Race (+35), plus tr\u00e8s loin de son compatriote <strong>Marco Penge<\/strong>, 13e et dernier \u00e0 valider pour l\u2019instant son billet pour le <strong>PGA Tour<\/strong> 2026.<\/p>\n<blockquote><p>\nJe suppose qu\u2019il \u00e9tait l\u00e0 avec moi et cela a rendu les choses beaucoup plus faciles.<\/p>\n<p>Daniel Brown en \u00e9voquant son ami d\u00e9c\u00e9d\u00e9 la semaine pass\u00e9e<\/p>\n<\/blockquote>\n<p>\u00ab J\u2019ai perdu un ami cher le week-end dernier, je ne sais pas vraiment quoi dire l\u00e0 maintenant, mais c\u2019\u00e9tait pour lui, a-t-il l\u00e2ch\u00e9 les larmes aux yeux au micro du DP World Tour. Ces deux derniers jours, j\u2019ai pens\u00e9 \u00e0 lui pour essayer de me changer les id\u00e9es, en essayant \u00e9videmment de ne pas trop me laisser emporter par mes \u00e9motions. \u00bb<\/p>\n<p>\t\t\t\t\t<a id=\"174669\" href=\"https:\/\/site.arkea-banque-ei.com\/\" target=\"_blank\" rel=\"sponsorised nofollow noopener\"><img decoding=\"async\" src=\"data:image\/svg+xml,%3Csvg%20xmlns=\" http:=\"\" class=\"img-responsive\" alt=\"\" data-lazy-src=\"https:\/\/www.europesays.com\/fr\/wp-content\/uploads\/2025\/06\/arkea-e02-objectif-strategie-v2-1170x275-1.png\"\/><\/a><\/p>\n<p>\u00ab\u00a0Je ne sais pas trop ce qui s\u2019est pass\u00e9 aujourd\u2019hui, poursuit-il, tr\u00e8s \u00e9mu. C\u2019\u00e9tait une exp\u00e9rience extracorporelle. \u00c9videmment, j\u2019\u00e9tais nerveux, et puis je pensais \u00e0 l\u2019importance de gagner un tournoi de golf. Cela a en quelque sorte minimis\u00e9 ce qui s\u2019est pass\u00e9, je suppose qu\u2019il \u00e9tait l\u00e0 avec moi et cela a rendu les choses beaucoup plus faciles.\u00a0\u00bb<\/p>\n<p>\u00a0<\/p>\n<p>L\u2019assaut de Puig, le 63 (-9) de Kobori<\/p>\n<p>De bon augure en tout cas avant le <strong>Scottish Open<\/strong> (10-13 juillet) et <strong>The Open<\/strong> (17-20 juillet), o\u00f9 il s\u2019\u00e9tait distingu\u00e9 \u00e0 <strong>Troon<\/strong> (Ecosse) l\u2019an pass\u00e9 en prenant par exemple la t\u00eate apr\u00e8s dix-huit trous avant de finir \u00e0 la 10e place, validant du m\u00eame coup sa pr\u00e9sence au <strong>Royal Portrush<\/strong> dans moins de quinze jours maintenant.<\/p>\n<p>Plusieurs chasseurs ont pourtant tent\u00e9 de bouleverser l\u2019ordre \u00e9tabli durant ce dimanche en Bavi\u00e8re. A commencer par l\u2019Espagnol du <strong>LIV Golf<\/strong>, <strong>David Puig<\/strong>, d\u00e9cha\u00een\u00e9 sur l\u2019aller (-6 en 9 trous avec notamment un eagle au 6) avant de s\u2019\u00e9crouler sur le retour avec deux doubles r\u00e9dhibitoires au 10 puis au 13. Il doit se contenter d\u2019une frustrante 11e place \u00e0 -14 (274).<\/p>\n<p>Le N\u00e9o-Z\u00e9landais <strong>Kazuma Kobori<\/strong> a aussi sonn\u00e9 la charge avec son incroyable 63 (-9), tout pr\u00e8s d\u2019\u00e9galer le record du parcours. Il finit seul troisi\u00e8me \u00e0 -18 (270) et se donne de l\u2019air \u00e0 la Race en pointant d\u00e9sormais \u00e0 la 44e place (+29).<\/p>\n<p>\t\t\t\t\t<a id=\"175272\" href=\"https:\/\/www.omegaeuropeanmasters.com\/fr\/tickets\/tickets\" target=\"_blank\" rel=\"sponsorised nofollow noopener\"><img decoding=\"async\" src=\"data:image\/svg+xml,%3Csvg%20xmlns=\" http:=\"\" class=\"img-responsive\" alt=\"\" data-lazy-src=\"https:\/\/www.europesays.com\/fr\/wp-content\/uploads\/2025\/06\/omegamasters-e01-billetterie-proam-1170x275-1.jpg\"\/><\/a><\/p>\n<p>\u00a0<\/p>\n<p>Lacroix, chef de file tricolore<\/p>\n<p>Tr\u00e8s solide dernier tour \u00e9galement pour <strong>Fr\u00e9d\u00e9ric Lacroix<\/strong>, auteur d\u2019un excellent 67 (-5) avec pas moins de cinq birdies claqu\u00e9s du 11 au 18. Septi\u00e8me \u00e0 -15 (273), c\u2019est tout simplement son meilleur r\u00e9sultat sur le Tour europ\u00e9en depuis sa victoire au Danemark au mois d\u2019ao\u00fbt 2024.<\/p>\n<p>Le clan tricolore qui place deux autres des siens dans le top 20 avec <strong>Ugo Coussaud<\/strong> et <strong>David Ravetto<\/strong>, 19es \u00e0 -11 (277) apr\u00e8s avoir jou\u00e9 70 (-2) et 67.<\/p>\n<p>\u00a0<\/p>\n<p>\u00a0<\/p>\n<p>Le leaderboard\u00a0<\/p>\n<p><img loading=\"lazy\" decoding=\"async\" class=\"alignnone wp-image-178632 size-large\" src=\"data:image\/svg+xml,%3Csvg%20xmlns=\" http:=\"\" alt=\"\" width=\"770\" height=\"442\" data-lazy- data-lazy- data-lazy-src=\"https:\/\/www.europesays.com\/fr\/wp-content\/uploads\/2025\/07\/capture1dp-3-770x442.jpg\"\/><\/p>\n<p>\u00a0<\/p>\n<p>Le leaderboard des autres Fran\u00e7ais<\/p>\n<p><img loading=\"lazy\" decoding=\"async\" class=\"alignnone wp-image-178633 size-large\" src=\"data:image\/svg+xml,%3Csvg%20xmlns=\" http:=\"\" alt=\"\" width=\"770\" height=\"259\" data-lazy- data-lazy- data-lazy-src=\"https:\/\/www.europesays.com\/fr\/wp-content\/uploads\/2025\/07\/capture2dp-3-770x259.jpg\"\/><\/p>\n<p><img loading=\"lazy\" decoding=\"async\" class=\"alignnone wp-image-178634 size-large\" src=\"data:image\/svg+xml,%3Csvg%20xmlns=\" http:=\"\" alt=\"\" width=\"770\" height=\"301\" data-lazy- data-lazy- data-lazy-src=\"https:\/\/www.europesays.com\/fr\/wp-content\/uploads\/2025\/07\/capture3dp-2-770x301.jpg\"\/><\/p>\n<p>\u00a0<\/p>\n<p>Photo : Getty Images<\/p>\n<p>\u00a0<\/p>\n<p>\t\t\t<script async src=\"https:\/\/platform.twitter.com\/widgets.js\" charset=\"utf-8\"><\/script><\/p>\n","protected":false},"excerpt":{"rendered":"Partager cet article Partager la publication \u00ab\u00a0L\u2019Anglais Daniel Brown, roi de Bavi\u00e8re ! Top 7 pour Fr\u00e9d\u00e9ric Lacroix\u00a0\u00bb&hellip;\n","protected":false},"author":2,"featured_media":231252,"comment_status":"","ping_status":"","sticky":false,"template":"","format":"standard","meta":{"footnotes":""},"categories":[1418],"tags":[1011,27,1472,60],"class_list":{"0":"post-231251","1":"post","2":"type-post","3":"status-publish","4":"format-standard","5":"has-post-thumbnail","7":"category-golf","8":"tag-fr","9":"tag-france","10":"tag-golf","11":"tag-sports"},"share_on_mastodon":{"url":"https:\/\/pubeurope.com\/@fr\/114808345637554588","error":""},"_links":{"self":[{"href":"https:\/\/www.europesays.com\/fr\/wp-json\/wp\/v2\/posts\/231251","targetHints":{"allow":["GET"]}}],"collection":[{"href":"https:\/\/www.europesays.com\/fr\/wp-json\/wp\/v2\/posts"}],"about":[{"href":"https:\/\/www.europesays.com\/fr\/wp-json\/wp\/v2\/types\/post"}],"author":[{"embeddable":true,"href":"https:\/\/www.europesays.com\/fr\/wp-json\/wp\/v2\/users\/2"}],"replies":[{"embeddable":true,"href":"https:\/\/www.europesays.com\/fr\/wp-json\/wp\/v2\/comments?post=231251"}],"version-history":[{"count":0,"href":"https:\/\/www.europesays.com\/fr\/wp-json\/wp\/v2\/posts\/231251\/revisions"}],"wp:featuredmedia":[{"embeddable":true,"href":"https:\/\/www.europesays.com\/fr\/wp-json\/wp\/v2\/media\/231252"}],"wp:attachment":[{"href":"https:\/\/www.europesays.com\/fr\/wp-json\/wp\/v2\/media?parent=231251"}],"wp:term":[{"taxonomy":"category","embeddable":true,"href":"https:\/\/www.europesays.com\/fr\/wp-json\/wp\/v2\/categories?post=231251"},{"taxonomy":"post_tag","embeddable":true,"href":"https:\/\/www.europesays.com\/fr\/wp-json\/wp\/v2\/tags?post=231251"}],"curies":[{"name":"wp","href":"https:\/\/api.w.org\/{rel}","templated":true}]}}