{"id":231253,"date":"2025-07-06T21:12:15","date_gmt":"2025-07-06T21:12:15","guid":{"rendered":"https:\/\/www.europesays.com\/fr\/231253\/"},"modified":"2025-07-06T21:12:15","modified_gmt":"2025-07-06T21:12:15","slug":"video-avec-ses-appuis-fous-le-funambule-wainiqolo-humilie-la-defense-des-wallabies","status":"publish","type":"post","link":"https:\/\/www.europesays.com\/fr\/231253\/","title":{"rendered":"VID\u00c9O. Avec ses appuis fous, le funambule Wainiqolo humilie la d\u00e9fense des Wallabies"},"content":{"rendered":"<p>Il est incontournable. Feu-follet insaisissable, <a href=\"https:\/\/www.lerugbynistere.fr\/fiches-joueurs\/jiuta-wainiqolo.php\" ui-sref=\"app.player({playerId: 13055})\" alt=\"Jiuta Wainiqolo\" data-route=\"app.player\" data-param=\"playerId\" data-id=\"13055\" rel=\"nofollow noopener\" target=\"_blank\">Jiuta Wainiqolo<\/a> n\u2019en finit plus de surprendre. Ce dimanche 6 juillet, l\u2019ancien joueur du RC <a href=\"https:\/\/www.lerugbynistere.fr\/clubs\/rugby-club-toulonnais.php\" ui-sref=\"app.team({teamId: 28})\" alt=\"Toulon\" data-route=\"app.team\" data-param=\"teamId\" data-id=\"28\" rel=\"nofollow noopener\" target=\"_blank\">Toulon<\/a> s\u2019est illustr\u00e9 lors de la courte d\u00e9faite des siens face \u00e0 l\u2019Australie (21-18), \u00e0 l\u2019International Sports <a href=\"https:\/\/www.lerugbynistere.fr\/amateur\/centre\/\" ui-sref=\"app.committee\" alt=\"Centre\" data-route=\"app.committee\" data-param=\"committeeId\" data-id=\"8\" rel=\"nofollow noopener\" target=\"_blank\">Centre<\/a> de Newcastle. \u00c0 la 55\u1d49 minute de jeu,<strong> il a \u00e9t\u00e9 d\u00e9cisif sur le second essai des siens.<\/strong><\/p>\n<blockquote class=\"twitter-tweet\"><p>&#13;<\/p>\n<p lang=\"en\" dir=\"ltr\">In-credible try from Fiji against Australia.<\/p>\n<p>Jiuta Wainiqolo makes playing top level rugby look like an U13&rsquo;s game.<a href=\"https:\/\/twitter.com\/hashtag\/AUSvFIJ?src=hash&amp;ref_src=twsrc%5Etfw\" rel=\"nofollow noopener\" target=\"_blank\">#AUSvFIJ<\/a> <a href=\"https:\/\/t.co\/lxKRZNLBNT\" rel=\"nofollow\">pic.twitter.com\/lxKRZNLBNT<\/a><\/p>\n<p>&#13;<br \/>\n\u2014 EK Rugby Analysis (@ek_rugby) <a href=\"https:\/\/twitter.com\/ek_rugby\/status\/1941783827099074568?ref_src=twsrc%5Etfw\" rel=\"nofollow noopener\" target=\"_blank\">July 6, 2025<\/a><\/p><\/blockquote>\n<p><strong><a class=\"inserer_lien_article\" href=\"https:\/\/www.lerugbynistere.fr\/videos\/top-14-inarretable-la-ferrari-jiuta-wainiqolo-rct-etablit-un-record-historique-dans-le-rugby-professionnel-2210241001.php\" data-id=\"42883\" data-route=\"app.article\" data-param=\"articleId\" ui-sref=\"app.article({articleId: 42883})\" alt=\"TOP 14. Inarr\u00eatable ! La Ferrari Jiuta Wainiqolo (RCT) \u00e9tablit un record historique dans le rugby professionnel\" title=\"TOP 14. Inarr\u00eatable ! La Ferrari Jiuta Wainiqolo (RCT) \u00e9tablit un record historique dans le rugby professionnel\" rel=\"nofollow noopener\" target=\"_blank\"><img decoding=\"async\" src=\"https:\/\/www.europesays.com\/fr\/wp-content\/uploads\/2025\/07\/wainiqolo-22-10-24-3592.jpg\" alt=\"TOP 14. Inarr\u00eatable ! La Ferrari Jiuta Wainiqolo (RCT) \u00e9tablit un record historique dans le rugby professionnel\"\/>TOP 14. Inarr\u00eatable ! La Ferrari Jiuta Wainiqolo (RCT) \u00e9tablit un record historique dans le rugby professionnel<\/a><\/strong><\/p>\n<p>\u00c0 la relance depuis ses 22 m\u00e8tres, l\u2019ailier se chauffe avant d\u2019acc\u00e9l\u00e9rer. Il attaque la ligne de d\u00e9fense des locaux et la transperce. Dans sa folle chevauch\u00e9e,<strong> le pensionnaire de <a href=\"https:\/\/www.lerugbynistere.fr\/championnats\/top-14\" ui-sref=\"app.competition({competitionId: 1})\" alt=\"Top 14\" data-route=\"app.competition\" data-param=\"competitionId\" data-id=\"1\" rel=\"nofollow noopener\" target=\"_blank\">Top 14<\/a> \u00e9chappe \u00e0 quatre <a href=\"https:\/\/www.lerugbynistere.fr\/videos\/plaquages.php\" ui-sref=\"app.tag\" alt=\"Plaquages\" data-route=\"app.tag\" data-param=\"slug\" data-id=\"plaquages\" rel=\"nofollow noopener\" target=\"_blank\">plaquages<\/a>.<\/strong> Enfin, il transmet au Palois Lekima Tagitagivalu, qui aplatit dans l\u2019en-but adverse.<\/p>\n<p>Avec cette action, <strong>Jiuta Wainiqolo a rendu fou la d\u00e9fense australienne<\/strong>, mais aussi les observateurs de la rencontre. Sur les r\u00e9seaux sociaux, de nombreux observateurs se sont \u00e9merveill\u00e9s des qualit\u00e9s d\u2019appuis et de vitesse du Fidjien. Ce genre d\u2019action, le trois-quart de 26 ans a l\u2019habitude de les r\u00e9aliser en Top 14. Cependant, il devrait le faire au profit d\u2019un autre club la saison prochaine.<\/p>\n<p><a class=\"inserer_lien_article\" href=\"https:\/\/www.lerugbynistere.fr\/news\/transfert-dans-le-viseur-du-top-14-ce-wallaby-fait-un-choix-determinant-pour-la-suite-de-sa-carriere-1805251703.php\" data-id=\"44992\" data-route=\"app.article\" data-param=\"articleId\" ui-sref=\"app.article({articleId: 44992})\" alt=\"TRANSFERT. Dans le viseur du Top 14, ce Wallaby fait un choix d\u00e9terminant pour la suite de sa carri\u00e8re\" title=\"TRANSFERT. Dans le viseur du Top 14, ce Wallaby fait un choix d\u00e9terminant pour la suite de sa carri\u00e8re\" rel=\"nofollow noopener\" target=\"_blank\"><img decoding=\"async\" src=\"https:\/\/www.europesays.com\/fr\/wp-content\/uploads\/2025\/07\/transfert-dans-le-viseur-du-top-14-ce-wallaby-fait-un-choix-determinant-pour-la-suite-de-sa-carriere.jpeg\" alt=\"TRANSFERT. Dans le viseur du Top 14, ce Wallaby fait un choix d\u00e9terminant pour la suite de sa carri\u00e8re\"\/>TRANSFERT. Dans le viseur du Top 14, ce Wallaby fait un choix d\u00e9terminant pour la suite de sa carri\u00e8re<\/a><\/p>\n<p>Wainiqolo vers d\u2019autres horizons<\/p>\n<p>En effet, depuis 2021, l\u2019ancien septiste est au service du RC Toulon. Avec l\u2019\u00e9curie varoise,<strong> il a disput\u00e9 87 matchs et a inscrit 37 <a href=\"https:\/\/www.lerugbynistere.fr\/videos\/essais.php\" ui-sref=\"app.tag\" alt=\"Essais\" data-route=\"app.tag\" data-param=\"slug\" data-id=\"essais\" rel=\"nofollow noopener\" target=\"_blank\">essais<\/a> en quatre saisons.<\/strong> Polyvalent, il peut aussi bien d\u00e9panner sur l\u2019aile droite qu\u2019\u00e0 la gauche du pr\u00e9. Au fil des rencontres, le Fidjien est devenu l\u2019un des chouchous de la rade, mais cette aventure est d\u00e9sormais termin\u00e9e.<\/p>\n<p>Pour cause, Jiuta Wainiqolo a fait ses adieux au RC Toulon \u00e0 l\u2019occasion de la demi-finale perdue contre l\u2019Union <a href=\"https:\/\/www.lerugbynistere.fr\/clubs\/ubb-bordeaux-begles.php\" ui-sref=\"app.team({teamId: 32})\" alt=\"Bordeaux\" data-route=\"app.team\" data-param=\"teamId\" data-id=\"32\" rel=\"nofollow noopener\" target=\"_blank\">Bordeaux<\/a>-B\u00e8gles (39-24). Moins utilis\u00e9 cette saison, <strong>le Fidjien n\u2019a pas r\u00e9sist\u00e9 aux avances du <a href=\"https:\/\/www.lerugbynistere.fr\/clubs\/lou-rugby.php\" ui-sref=\"app.team({teamId: 44})\" alt=\"LOU Rugby\" data-route=\"app.team\" data-param=\"teamId\" data-id=\"44\" rel=\"nofollow noopener\" target=\"_blank\">LOU Rugby<\/a><\/strong>, avec qui il s\u2019est engag\u00e9 pour les saisons \u00e0 venir. Pourtant, son contrat dans le Var le liait jusqu\u2019au mois de juin 2026, mais la dynamique de l\u2019effectif toulonnais a boulevers\u00e9 les plans en place.<\/p>\n<p><a class=\"inserer_lien_article\" href=\"https:\/\/www.lerugbynistere.fr\/news\/opinion-top-14-jiuta-wainiqolo-le-fidjien-volant-pour-qui-le-rct-aurait-du-se-battre-davantage-1606251840.php\" data-id=\"45293\" data-route=\"app.article\" data-param=\"articleId\" ui-sref=\"app.article({articleId: 45293})\" alt=\"OPINION. TOP 14. Jiuta Wainiqolo, le Fidjien volant pour qui le RCT aurait d\u00fb se battre davantage\" title=\"OPINION. TOP 14. Jiuta Wainiqolo, le Fidjien volant pour qui le RCT aurait d\u00fb se battre davantage\" rel=\"nofollow noopener\" target=\"_blank\"><img decoding=\"async\" src=\"https:\/\/www.europesays.com\/fr\/wp-content\/uploads\/2025\/06\/1750266071_938_yt-16-06-25-3332.jpg\" alt=\"OPINION. TOP 14. Jiuta Wainiqolo, le Fidjien volant pour qui le RCT aurait d\u00fb se battre davantage\"\/>OPINION. TOP 14. Jiuta Wainiqolo, le Fidjien volant pour qui le RCT aurait d\u00fb se battre davantage<\/a><\/p>\n<p>Pour <a href=\"https:\/\/www.varmatin.com\/rugby\/dossier-herve-carbonel-depart-de-wainiqolo-pierre-mignoni-fait-le-point-992993\" rel=\"nofollow noopener\" target=\"_blank\">Var-Matin<\/a>, le directeur du rugby du RCT <strong>Pierre Mignoni a expliqu\u00e9 les raisons de son d\u00e9par<\/strong>t : \u201cJiuta r\u00e9alise une grosse fin de saison. Sur les six premiers mois, il a eu beaucoup plus de mal. Sauf que son avenir s\u2019est un peu d\u00e9cid\u00e9 \u00e0 cette p\u00e9riode. La premi\u00e8re donn\u00e9e, c\u2019est le c\u00f4t\u00e9 sportif. Il a \u00e9galement souffert de la concurrence au poste d\u2019ailier, et de la probl\u00e9matique des JIFF. Ensuite, il s\u2019est remis au travail. Il a \u00e9t\u00e9 plus s\u00e9rieux \u00e0 c\u00f4t\u00e9.\u201d<\/p>\n<p>Ensuite, l\u2019homme fort de Toulon a indiqu\u00e9 que Jiuta Wainiqolo avait eu \u201cdes propositions\u201d et qu\u2019il ne souhaitait pas retenir les joueurs souhaitant quitter le navire. En tout cas, pour l\u2019instant, l\u2019ailier fidjien est avec sa s\u00e9lection nationale. Le 12 juillet prochain, <strong>les Flying Fijians affronteront l\u2019\u00c9cosse \u00e0 Suva<\/strong>, la capitale de l\u2019archipel. De plus, la Pacific Nations Cup 2025 commencera en septembre et peut-\u00eatre que le n\u00e9o-<a href=\"https:\/\/www.lerugbynistere.fr\/amateur\/lyonnais\/\" ui-sref=\"app.committee\" alt=\"Lyonnais\" data-route=\"app.committee\" data-param=\"committeeId\" data-id=\"23\" rel=\"nofollow noopener\" target=\"_blank\">Lyonnais<\/a> sera de la partie.<\/p>\n<p><a class=\"inserer_lien_article\" href=\"https:\/\/www.lerugbynistere.fr\/news\/rugby-17-equipes-sur-24-qui-peut-encore-se-qualifier-a-la-coupe-du-monde-2027-0607251718.php\" data-id=\"45480\" data-route=\"app.article\" data-param=\"articleId\" ui-sref=\"app.article({articleId: 45480})\" alt=\"RUGBY. D\u00e9j\u00e0 17 qualifi\u00e9s sur 24, qui peut encore participer \u00e0 la Coupe du monde 2027 ?\" title=\"RUGBY. D\u00e9j\u00e0 17 qualifi\u00e9s sur 24, qui peut encore participer \u00e0 la Coupe du monde 2027 ?\" rel=\"nofollow noopener\" target=\"_blank\"><img decoding=\"async\" src=\"https:\/\/www.europesays.com\/fr\/wp-content\/uploads\/2025\/07\/usa-kenya-06-07-25-9212.jpg\" alt=\"RUGBY. D\u00e9j\u00e0 17 qualifi\u00e9s sur 24, qui peut encore participer \u00e0 la Coupe du monde 2027 ?\"\/>RUGBY. D\u00e9j\u00e0 17 qualifi\u00e9s sur 24, qui peut encore participer \u00e0 la Coupe du monde 2027 ?<\/a><\/p>\n<p>                            <script async src=\"https:\/\/platform.twitter.com\/widgets.js\" charset=\"utf-8\"><\/script><\/p>\n","protected":false},"excerpt":{"rendered":"Il est incontournable. Feu-follet insaisissable, Jiuta Wainiqolo n\u2019en finit plus de surprendre. Ce dimanche 6 juillet, l\u2019ancien joueur&hellip;\n","protected":false},"author":2,"featured_media":231254,"comment_status":"","ping_status":"","sticky":false,"template":"","format":"standard","meta":{"footnotes":""},"categories":[1416],"tags":[1011,27,479,1468,60],"class_list":{"0":"post-231253","1":"post","2":"type-post","3":"status-publish","4":"format-standard","5":"has-post-thumbnail","7":"category-rugby","8":"tag-fr","9":"tag-france","10":"tag-rugby","11":"tag-rugby-football","12":"tag-sports"},"share_on_mastodon":{"url":"https:\/\/pubeurope.com\/@fr\/114808353400234787","error":""},"_links":{"self":[{"href":"https:\/\/www.europesays.com\/fr\/wp-json\/wp\/v2\/posts\/231253","targetHints":{"allow":["GET"]}}],"collection":[{"href":"https:\/\/www.europesays.com\/fr\/wp-json\/wp\/v2\/posts"}],"about":[{"href":"https:\/\/www.europesays.com\/fr\/wp-json\/wp\/v2\/types\/post"}],"author":[{"embeddable":true,"href":"https:\/\/www.europesays.com\/fr\/wp-json\/wp\/v2\/users\/2"}],"replies":[{"embeddable":true,"href":"https:\/\/www.europesays.com\/fr\/wp-json\/wp\/v2\/comments?post=231253"}],"version-history":[{"count":0,"href":"https:\/\/www.europesays.com\/fr\/wp-json\/wp\/v2\/posts\/231253\/revisions"}],"wp:featuredmedia":[{"embeddable":true,"href":"https:\/\/www.europesays.com\/fr\/wp-json\/wp\/v2\/media\/231254"}],"wp:attachment":[{"href":"https:\/\/www.europesays.com\/fr\/wp-json\/wp\/v2\/media?parent=231253"}],"wp:term":[{"taxonomy":"category","embeddable":true,"href":"https:\/\/www.europesays.com\/fr\/wp-json\/wp\/v2\/categories?post=231253"},{"taxonomy":"post_tag","embeddable":true,"href":"https:\/\/www.europesays.com\/fr\/wp-json\/wp\/v2\/tags?post=231253"}],"curies":[{"name":"wp","href":"https:\/\/api.w.org\/{rel}","templated":true}]}}