{"id":231267,"date":"2025-07-06T21:20:23","date_gmt":"2025-07-06T21:20:23","guid":{"rendered":"https:\/\/www.europesays.com\/fr\/231267\/"},"modified":"2025-07-06T21:20:23","modified_gmt":"2025-07-06T21:20:23","slug":"millau-soulages-un-pas-de-cote-lexposition-a-ne-pas-manquer-au-mumig","status":"publish","type":"post","link":"https:\/\/www.europesays.com\/fr\/231267\/","title":{"rendered":"Millau. \u00ab Soulages, un pas de c\u00f4t\u00e9 \u00bb, l\u2019exposition \u00e0 ne pas manquer au MUMIG"},"content":{"rendered":"<p>Pour l\u2019\u00e9t\u00e9 2025, le MUMIG (Mus\u00e9e de Millau et des Grands Causses) promet d\u2019impressionner les visiteurs, gr\u00e2ce \u00e0 sa nouvelle exposition \u00ab Soulages, un pas de c\u00f4t\u00e9 \u00bb. Dans une mus\u00e9ographie \u00e0 l\u2019esth\u00e9tique l\u00e9ch\u00e9e, le photographe Christophe Hazemann et le po\u00e8te Jean-Yves Tayac rendent avec beaucoup de talent, un hommage vibrant et d\u00e9cal\u00e9, au plus c\u00e9l\u00e8bre des artistes aveyronnais.<\/p>\n<p>\u00ab Je travaille depuis plus de 25 ans, sur l\u2019id\u00e9e du reflet, du d\u00e9tail et du retournement, explique <strong>Christophe Hazemann<\/strong>. En tant que directeur adjoint du Mus\u00e9e Soulages, j\u2019ai eu l\u2019occasion d\u2019observer attentivement ses \u0153uvres. J\u2019ai pu me rendre compte que photographi\u00e9 de fa\u00e7on conventionnelle, le travail de Pierre Soulages perdait beaucoup de son int\u00e9r\u00eat. On ne ressent absolument pas la richesse des jeux de lumi\u00e8re \u00bb.<\/p>\n<p>C\u2019est en s\u2019approchant, en reculant, en se pla\u00e7ant dessus, dessous et en s\u2019attachant aux d\u00e9tails des cr\u00e9ations du peintre, que Christophe \u00e0 pu capturer des photos, \u00e0 la fois \u0153uvres originales \u00e0 part enti\u00e8re, mais \u00e9galement objet de transmission visuelle du travail de Soulages.<\/p>\n<p>Ses clich\u00e9s pris au mus\u00e9e, le photographe les expose aux c\u00f4t\u00e9s d\u2019images captur\u00e9es dans d\u2019autres conditions, au fil des ann\u00e9es, mais avec une rigueur esth\u00e9tique commune. Un jeu o\u00f9 il est presque impossible de dire ce qui provient d\u2019une toile de ma\u00eetre ou d\u2019un simple objet du quotidien.<\/p>\n<p>L\u2019exposition se d\u00e9cline \u00e9galement en lettres, \u00e0 travers les po\u00e8mes de <strong>Jean-Yves Tayac<\/strong>. \u00ab Avec Pierre Soulages, nous avons partag\u00e9 la passion du rugby et un territoire commun, de l\u2019Aveyron, raconte-t-il. Cela a donn\u00e9 lieu \u00e0 des conversations o\u00f9 nous parlions de beaucoup de choses, sauf de peinture. Nous \u00e9voquons souvent nos souvenirs d\u2019enfance, sur l\u2019Aubrac. \u00bb Des \u00e9changes qui se sont transform\u00e9s en amiti\u00e9 et qui ont influenc\u00e9 le travail de l\u2019auteur.<\/p>\n<p>Dans la salle d\u2019exposition du MUMIG, des extraits choisis de l\u2019\u0153uvre de Jean-Yves Tayac c\u00f4toient donc les photos de Christophe Hazemann, dans une harmonie non pas descriptive, mais plut\u00f4t esth\u00e9tique et sensitive.<\/p>\n<p class=\"has-pale-cyan-blue-background-color has-background\">Des visites accompagn\u00e9es adultes en pr\u00e9sence de Christophe Hazemann et Jean-Yves Tayac sont propos\u00e9es le mardi 12 ao\u00fbt \u00e0 11h. R\u00e9servation 05 65 59 01 08 ou musee@millau.fr. Tarif : 4,50 \u20ac. L\u2019exposition est visible, en visite libre, gratuitement jusqu\u2019au 28 septembre.<\/p>\n<p><img loading=\"lazy\" decoding=\"async\" width=\"1024\" height=\"681\" data-id=\"166196\" src=\"https:\/\/www.europesays.com\/fr\/wp-content\/uploads\/2025\/07\/millau-exposition-soulage-un-pas-de-cote-mumig-2025-01-1024x681.webp.webp\" alt=\"\" class=\"wp-image-166196\"\/>\u00a9 Aur\u00e9lien Trompeau<\/p>\n<p><img loading=\"lazy\" decoding=\"async\" width=\"681\" height=\"1024\" data-id=\"166195\" src=\"https:\/\/www.europesays.com\/fr\/wp-content\/uploads\/2025\/07\/millau-exposition-soulage-un-pas-de-cote-mumig-2025-02-681x1024.webp.webp\" alt=\"\" class=\"wp-image-166195\"\/>\u00a9 Aur\u00e9lien Trompeau<\/p>\n<p><img loading=\"lazy\" decoding=\"async\" width=\"1024\" height=\"681\" data-id=\"166194\" src=\"https:\/\/www.europesays.com\/fr\/wp-content\/uploads\/2025\/07\/millau-exposition-soulage-un-pas-de-cote-mumig-2025-03-1024x681.webp.webp\" alt=\"\" class=\"wp-image-166194\"\/>\u00a9 Aur\u00e9lien Trompeau<\/p>\n<p><img loading=\"lazy\" decoding=\"async\" width=\"1024\" height=\"681\" data-id=\"166193\" src=\"https:\/\/www.europesays.com\/fr\/wp-content\/uploads\/2025\/07\/millau-exposition-soulage-un-pas-de-cote-mumig-2025-04-1024x681.webp.webp\" alt=\"\" class=\"wp-image-166193\"\/>\u00a9 Aur\u00e9lien Trompeau<\/p>\n<p><img loading=\"lazy\" decoding=\"async\" width=\"1024\" height=\"681\" data-id=\"166192\" src=\"https:\/\/www.europesays.com\/fr\/wp-content\/uploads\/2025\/07\/millau-exposition-soulage-un-pas-de-cote-mumig-2025-05-1024x681.webp.webp\" alt=\"\" class=\"wp-image-166192\"\/>\u00a9 Aur\u00e9lien Trompeau<\/p>\n<p><img loading=\"lazy\" decoding=\"async\" width=\"1024\" height=\"681\" data-id=\"166191\" src=\"https:\/\/www.europesays.com\/fr\/wp-content\/uploads\/2025\/07\/millau-exposition-soulage-un-pas-de-cote-mumig-2025-06-1024x681.webp.webp\" alt=\"\" class=\"wp-image-166191\"\/>\u00a9 Aur\u00e9lien Trompeau<\/p>\n<p><img loading=\"lazy\" decoding=\"async\" width=\"681\" height=\"1024\" data-id=\"166190\" src=\"https:\/\/www.europesays.com\/fr\/wp-content\/uploads\/2025\/07\/millau-exposition-soulage-un-pas-de-cote-mumig-2025-07-681x1024.webp.webp\" alt=\"\" class=\"wp-image-166190\"\/>\u00a9 Aur\u00e9lien Trompeau<\/p>\n<p><img loading=\"lazy\" decoding=\"async\" width=\"681\" height=\"1024\" data-id=\"166189\" src=\"https:\/\/www.europesays.com\/fr\/wp-content\/uploads\/2025\/07\/millau-exposition-soulage-un-pas-de-cote-mumig-2025-08-681x1024.webp.webp\" alt=\"\" class=\"wp-image-166189\"\/>\u00a9 Aur\u00e9lien Trompeau<\/p>\n<p><img loading=\"lazy\" decoding=\"async\" width=\"1024\" height=\"681\" data-id=\"166188\" src=\"https:\/\/www.europesays.com\/fr\/wp-content\/uploads\/2025\/07\/millau-exposition-soulage-un-pas-de-cote-mumig-2025-09-1024x681.webp.webp\" alt=\"\" class=\"wp-image-166188\"\/>\u00a9 Aur\u00e9lien Trompeau<\/p>\n","protected":false},"excerpt":{"rendered":"Pour l\u2019\u00e9t\u00e9 2025, le MUMIG (Mus\u00e9e de Millau et des Grands Causses) promet d\u2019impressionner les visiteurs, gr\u00e2ce \u00e0&hellip;\n","protected":false},"author":2,"featured_media":231268,"comment_status":"","ping_status":"","sticky":false,"template":"","format":"standard","meta":{"footnotes":""},"categories":[1358],"tags":[1348,1384,1385,1386,58,59,1011,27],"class_list":{"0":"post-231267","1":"post","2":"type-post","3":"status-publish","4":"format-standard","5":"has-post-thumbnail","7":"category-arts-et-design","8":"tag-arts","9":"tag-arts-and-design","10":"tag-arts-et-design","11":"tag-design","12":"tag-divertissement","13":"tag-entertainment","14":"tag-fr","15":"tag-france"},"share_on_mastodon":{"url":"https:\/\/pubeurope.com\/@fr\/114808385068154769","error":""},"_links":{"self":[{"href":"https:\/\/www.europesays.com\/fr\/wp-json\/wp\/v2\/posts\/231267","targetHints":{"allow":["GET"]}}],"collection":[{"href":"https:\/\/www.europesays.com\/fr\/wp-json\/wp\/v2\/posts"}],"about":[{"href":"https:\/\/www.europesays.com\/fr\/wp-json\/wp\/v2\/types\/post"}],"author":[{"embeddable":true,"href":"https:\/\/www.europesays.com\/fr\/wp-json\/wp\/v2\/users\/2"}],"replies":[{"embeddable":true,"href":"https:\/\/www.europesays.com\/fr\/wp-json\/wp\/v2\/comments?post=231267"}],"version-history":[{"count":0,"href":"https:\/\/www.europesays.com\/fr\/wp-json\/wp\/v2\/posts\/231267\/revisions"}],"wp:featuredmedia":[{"embeddable":true,"href":"https:\/\/www.europesays.com\/fr\/wp-json\/wp\/v2\/media\/231268"}],"wp:attachment":[{"href":"https:\/\/www.europesays.com\/fr\/wp-json\/wp\/v2\/media?parent=231267"}],"wp:term":[{"taxonomy":"category","embeddable":true,"href":"https:\/\/www.europesays.com\/fr\/wp-json\/wp\/v2\/categories?post=231267"},{"taxonomy":"post_tag","embeddable":true,"href":"https:\/\/www.europesays.com\/fr\/wp-json\/wp\/v2\/tags?post=231267"}],"curies":[{"name":"wp","href":"https:\/\/api.w.org\/{rel}","templated":true}]}}