{"id":231281,"date":"2025-07-06T21:27:11","date_gmt":"2025-07-06T21:27:11","guid":{"rendered":"https:\/\/www.europesays.com\/fr\/231281\/"},"modified":"2025-07-06T21:27:11","modified_gmt":"2025-07-06T21:27:11","slug":"pourquoi-ce-concert-a-ete-subitement-interrompu-au-festival-ce-dimanche","status":"publish","type":"post","link":"https:\/\/www.europesays.com\/fr\/231281\/","title":{"rendered":"pourquoi ce concert a \u00e9t\u00e9 subitement interrompu au festival ce dimanche\u00a0?"},"content":{"rendered":"<p>            Par<br \/>\n        <strong><br \/>\n            <a href=\"https:\/\/actu.fr\/auteur\/christophe-jacquet\" title=\"Consulter tous les articles de Christophe Jacquet\" target=\"_blank\" rel=\"noopener\">Christophe Jacquet<\/a><br \/>\n        <\/strong><\/p>\n<p>        Publi\u00e9 le<\/p>\n<p>            6 juil. 2025 \u00e0 17h53        <\/p>\n<p><b>The Limi\u00f1anas<\/b> avaient pourtant bien fait monter le son ce dimanche 6\u00a0juillet 2025, au <b>festival Beauregard<\/b>. Mais les fortes pluies tomb\u00e9es sur <b>H\u00e9rouville Saint-Clair<\/b> et la Normandie depuis la nuit ont perturb\u00e9 le d\u00e9roulement du 5e et dernier jour de la 17e \u00e9dition.<\/p>\n<p>Le concert de The Limi\u00f1anas d\u00e9marr\u00e9 tambour battant<br \/>\n    <img   decoding=\"async\" loading=\"lazy\" class=\"size-large\" src=\"https:\/\/www.europesays.com\/fr\/wp-content\/uploads\/2025\/07\/163fda2b9a686f93fda2b9a68dd3fdv-960x640.jpg\" alt=\"H\u00e9rouville - The Liminanas - festival Beauregard\" width=\"960\" height=\"640\"\/><br \/>\n    Le concert de The Limi\u00f1anas avait d\u00e9but\u00e9 comme pr\u00e9vu, ce dimanche 6\u00a0juillet 2025, pour le 5e jour du festival Beauregard \u00e0 H\u00e9rouville Saint-Clair (Calvados). \u00a9Mathieu Girard<\/p>\n<p class=\" wall-content\">Toujours bien accompagn\u00e9, le couple le plus insubmersible du rock fran\u00e7ais, Lionel et Marie, avait d\u00e9marr\u00e9 tambour et amplis battant leur concert peu avant 17h, comme pr\u00e9vu, sur la grande sc\u00e8ne Beauregard. Avec des chansons \u00e0 peine \u00e9tir\u00e9es du dernier album Faded.<\/p>\n<p class=\" wall-content\">\n<p>Un rideau d\u2019eau tomb\u00e9 du toit sur la grande sc\u00e8ne<\/p>\n<p class=\" wall-content\">Mais au bout du 3e titre du set, J\u2019adore le monde, interpr\u00e9t\u00e9 sur le disque par Bertrand Belin, <b>un rideau d\u2019eau s\u2019est abattu depuis le toit sur l\u2019avant-sc\u00e8ne<\/b>. Lionel \u00e0 la guitare a \u00e9t\u00e9 rinc\u00e9, sans dommage, comme plusieurs instruments et amplis. <b>Le concert a \u00e9t\u00e9 interrompu.<\/b><\/p>\n<p class=\" wall-content\">\n<p class=\" wall-content\">Vers 17h20, Paul Langeois, codirecteur <a href=\"https:\/\/actu.fr\/tag\/festival-beauregard\" target=\"_blank\" rel=\"noopener\">du festival<\/a>, est mont\u00e9 au micro, pour annoncer la tentative de report du concert apr\u00e8s celui de Jyeuhair, avanc\u00e9 de 20\u00a0minutes, sur l\u2019autre sc\u00e8ne John.<\/p>\n<p>Vid\u00e9os : en ce moment sur Actu<\/p>\n<p class=\" wall-content\">Un exercice d\u2019\u00e9quilibriste pour caser au chausse-pied cet impr\u00e9vu. Qui pourrait compromettre les concerts suivants sur la grande sc\u00e8ne de Wet Leg, Fontaines D.C. et Martin Garrix.<\/p>\n<p class=\" wall-content\">Suivez toute l\u2019actualit\u00e9 de vos villes et m\u00e9dias favoris en vous inscrivant \u00e0 <a href=\"https:\/\/moncompte.actu.fr\" title=\"D\u00e9couvez Mon Actu\" rel=\"nofollow noopener\" data-trk=\"{&quot;cta&quot;:{&quot;action&quot;:&quot;https:\\\/\\\/moncompte.actu.fr&quot;,&quot;category&quot;:&quot;mon compte&quot;,&quot;from&quot;:&quot;article footer&quot;,&quot;name&quot;:&quot;Mon actu&quot;,&quot;type&quot;:&quot;cta&quot;}}\" target=\"_blank\">Mon Actu<\/a>.<\/p>\n<ul class=\"ac-article-tag wall-content\">\n<li><a href=\"https:\/\/actu.fr\/tag\/concert\" data-trk=\"{&quot;cta&quot;:{&quot;action&quot;:&quot;Concert&quot;,&quot;category&quot;:&quot;tag&quot;,&quot;from&quot;:&quot;article footer&quot;,&quot;name&quot;:&quot;Concert&quot;,&quot;type&quot;:&quot;cta&quot;}}\" target=\"_blank\" rel=\"noopener\">#Concert<\/a><\/li>\n<li><a href=\"https:\/\/actu.fr\/tag\/festival-beauregard\" data-trk=\"{&quot;cta&quot;:{&quot;action&quot;:&quot;Festival Beauregard&quot;,&quot;category&quot;:&quot;tag&quot;,&quot;from&quot;:&quot;article footer&quot;,&quot;name&quot;:&quot;Festival Beauregard&quot;,&quot;type&quot;:&quot;cta&quot;}}\" target=\"_blank\" rel=\"noopener\">#Festival Beauregard<\/a><\/li>\n<\/ul>\n","protected":false},"excerpt":{"rendered":"Par Christophe Jacquet Publi\u00e9 le 6 juil. 2025 \u00e0 17h53 The Limi\u00f1anas avaient pourtant bien fait monter le&hellip;\n","protected":false},"author":2,"featured_media":231282,"comment_status":"","ping_status":"","sticky":false,"template":"","format":"standard","meta":{"footnotes":""},"categories":[8],"tags":[1697,58,59,36058,1011,27,1652],"class_list":{"0":"post-231281","1":"post","2":"type-post","3":"status-publish","4":"format-standard","5":"has-post-thumbnail","7":"category-divertissement","8":"tag-concert","9":"tag-divertissement","10":"tag-entertainment","11":"tag-festival-beauregard","12":"tag-fr","13":"tag-france","14":"tag-loisirs-culture"},"share_on_mastodon":{"url":"https:\/\/pubeurope.com\/@fr\/114808412533617449","error":""},"_links":{"self":[{"href":"https:\/\/www.europesays.com\/fr\/wp-json\/wp\/v2\/posts\/231281","targetHints":{"allow":["GET"]}}],"collection":[{"href":"https:\/\/www.europesays.com\/fr\/wp-json\/wp\/v2\/posts"}],"about":[{"href":"https:\/\/www.europesays.com\/fr\/wp-json\/wp\/v2\/types\/post"}],"author":[{"embeddable":true,"href":"https:\/\/www.europesays.com\/fr\/wp-json\/wp\/v2\/users\/2"}],"replies":[{"embeddable":true,"href":"https:\/\/www.europesays.com\/fr\/wp-json\/wp\/v2\/comments?post=231281"}],"version-history":[{"count":0,"href":"https:\/\/www.europesays.com\/fr\/wp-json\/wp\/v2\/posts\/231281\/revisions"}],"wp:featuredmedia":[{"embeddable":true,"href":"https:\/\/www.europesays.com\/fr\/wp-json\/wp\/v2\/media\/231282"}],"wp:attachment":[{"href":"https:\/\/www.europesays.com\/fr\/wp-json\/wp\/v2\/media?parent=231281"}],"wp:term":[{"taxonomy":"category","embeddable":true,"href":"https:\/\/www.europesays.com\/fr\/wp-json\/wp\/v2\/categories?post=231281"},{"taxonomy":"post_tag","embeddable":true,"href":"https:\/\/www.europesays.com\/fr\/wp-json\/wp\/v2\/tags?post=231281"}],"curies":[{"name":"wp","href":"https:\/\/api.w.org\/{rel}","templated":true}]}}