{"id":231285,"date":"2025-07-06T21:29:11","date_gmt":"2025-07-06T21:29:11","guid":{"rendered":"https:\/\/www.europesays.com\/fr\/231285\/"},"modified":"2025-07-06T21:29:11","modified_gmt":"2025-07-06T21:29:11","slug":"les-etats-unis-decalent-encore-leur-ultimatum-sur-les-droits-de-douane-au-1er-aout","status":"publish","type":"post","link":"https:\/\/www.europesays.com\/fr\/231285\/","title":{"rendered":"Les \u00c9tats-Unis d\u00e9calent (encore) leur ultimatum sur les droits de douane au 1er\u00a0ao\u00fbt"},"content":{"rendered":"<p>        <img decoding=\"async\" loading=\"lazy\" src=\"https:\/\/www.europesays.com\/fr\/wp-content\/uploads\/2025\/05\/7e08b80_sirius-fs-upload-1-gzn8tvabb3vk-1748507941335-2025-05-28t165140z-1949195981-rc2zqea9r9e0-rtr.jpeg\"  width=\"728\" height=\"409\" alt=\"Le pr\u00e9sident am\u00e9ricain Donald Trump \u00e0 la Maison Blanche, aux \u00c9tats-Unis, le 28\u00a0mai 2025.\"\/>  <\/p>\n<p>Leah Millis \/ REUTERS<\/p>\n<p>Le pr\u00e9sident am\u00e9ricain Donald Trump \u00e0 la Maison Blanche, aux \u00c9tats-Unis, le 28\u00a0mai 2025.<\/p>\n<p class=\"asset asset-text\">ETATS-UNIS &#8211; C\u2019est presque \u00e0 se demander s\u2019ils entreront un jour en vigueur. <a href=\"https:\/\/www.huffingtonpost.fr\/international\/article\/une-vengeance-vis-a-vis-de-donald-trump-le-nouveau-parti-d-elon-musk-analyse-par-son-biographe_252284.html\" rel=\"nofollow noopener\" target=\"_blank\">L\u2019administration Trump<\/a> compte appliquer \u00e0 partir du 1er\u00a0ao\u00fbt <a href=\"https:\/\/www.huffingtonpost.fr\/international\/article\/donald-trump-menace-d-imposer-des-droits-de-douane-a-50-a-l-union-europeenne_250439.html\" rel=\"nofollow noopener\" target=\"_blank\">les vastes droits de\u00a0douane<\/a>\u00a0annonc\u00e9s d\u00e9but avril, puis rapidement suspendus le temps de n\u00e9gocier avec l\u2019ensemble des pays alors qu\u2019\u00e0 quelques jours de la date butoir, seuls deux accords ont officiellement \u00e9t\u00e9 conclus.<\/p>\n<p class=\"asset asset-text\">Le ministre am\u00e9ricain du Tr\u00e9sor Scott Bessent a affirm\u00e9 ce dimanche 6\u00a0juillet que faute d\u2019accord avec Washington dans les prochains jours, les droits de\u00a0douane\u00a0&#8211; pouvant atteindre 50\u00a0% &#8211; entreraient en vigueur le 1er\u00a0ao\u00fbt.<\/p>\n<p class=\"asset asset-text\">L\u2019\u00e9ch\u00e9ance du 9\u00a0juillet pour la mise en place de ces droits punitifs avait auparavant \u00e9t\u00e9 mentionn\u00e9e jusqu\u2019\u00e0 ce que le pr\u00e9sident Donald Trump dise ce vendredi, sans autre d\u00e9tail, que les pays concern\u00e9s commenceraient \u00e0 payer \u00e0 partir du 1er\u00a0ao\u00fbt.<\/p>\n<p>    \u00ab\u00a0Beaucoup d\u2019accords tr\u00e8s rapidement\u00a0\u00bb    <\/p>\n<p class=\"asset asset-text\">\u00ab\u00a0Le pr\u00e9sident Trump va envoyer des courriers \u00e0 certains de nos partenaires commerciaux disant que s\u2019ils ne font pas avancer les choses alors, le 1er\u00a0ao\u00fbt, ils retourneront tel un boomerang au niveau des droits de\u00a0douane\u00a0du 2\u00a0avril\u00a0\u00bb, a expliqu\u00e9 Scott Bessent, sur la cha\u00eene CNN. \u00ab\u00a0Par cons\u00e9quent, je pense que vous allez voir beaucoup d\u2019accords tr\u00e8s rapidement\u00a0\u00bb, a-t-il assur\u00e9, anticipant \u00ab\u00a0plusieurs annonces importantes dans les prochains jours\u00a0\u00bb malgr\u00e9 \u00ab\u00a0beaucoup de r\u00e9sistance en face\u00a0\u00bb.<\/p>\n<p class=\"asset asset-text\">\u00c0 ce stade, deux accords ont \u00e9t\u00e9 annonc\u00e9s, avec le Royaume-Uni et le Vietnam. S\u2019exprimant peu apr\u00e8s sur CBS, le principal conseiller \u00e9conomique de la Maison-Blanche Kevin Hassett a \u00e9galement affirm\u00e9 qu\u2019il allait \u00ab\u00a0y avoir des accords\u00a0\u00bb &#8211; peut-\u00eatre de \u00ab\u00a0derni\u00e8re minute\u00a0\u00bb &#8211; mais sans avancer de nombre. \u00ab\u00a0Nous avons vu beaucoup d\u2019accords \u00eatre finalis\u00e9s par les n\u00e9gociateurs mais, ensuite, le pr\u00e9sident Trump a trouv\u00e9 des \u00e9l\u00e9ments pouvant les rendre meilleurs\u00a0\u00bb, a-t-il relat\u00e9, ajoutant qu\u2019il appartiendrait au pr\u00e9sident de prolonger ou non la suspension des surtaxes douani\u00e8res, notamment en cas de finalisation proche.<\/p>\n<p class=\"asset asset-text\">M\u00eame son de cloche sur la cha\u00eene ABC o\u00f9 Stephen Miran, patron du Conseil \u00e9conomique de la Maison-Blanche, a aussi laiss\u00e9 entendre une possible flexibilit\u00e9 de l\u2019\u00e9ch\u00e9ance pour les pays n\u00e9gociant \u00ab\u00a0de bonne foi et faisant des concessions\u00a0\u00bb.<\/p>\n<p class=\"asset asset-text\">Celui-ci s\u2019attend aussi \u00e0 \u00ab\u00a0un certain nombre d\u2019accords plus tard dans la semaine\u00a0\u00bb. \u00ab\u00a0Il est important que les pays fassent des concessions pour parvenir \u00e0 ces accords, pour convaincre le pr\u00e9sident qu\u2019ils devraient avoir des droits de\u00a0douane\u00a0plus bas\u00a0\u00bb, a-t-il fait valoir, qualifiant l\u2019entente avec le Vietnam \u00ab\u00a0d\u2019accord fantastique pour les Am\u00e9ricains\u00a0\u00bb.<\/p>\n<p>                     L\u2019accord avec l\u2019UE toujours en flou    <\/p>\n<p class=\"asset asset-text\">\u00ab\u00a0Je ne suis pas impliqu\u00e9 dans les d\u00e9tails des discussions, mais j\u2019entends de bonnes choses sur les n\u00e9gociations avec l\u2019Europe. J\u2019entends de bonnes choses sur les n\u00e9gociations avec l\u2019Inde\u00a0\u00bb, a relev\u00e9 Kevin Hassett.<\/p>\n<p class=\"asset asset-text\">\u00ab\u00a0La strat\u00e9gie [am\u00e9ricaine] est d\u2019appliquer un maximum de pression\u00a0\u00bb, a expliqu\u00e9 Scott Bessent, citant en exemple l\u2019Union europ\u00e9enne. \u00ab\u00a0L\u2019Union europ\u00e9enne a \u00e9t\u00e9 tr\u00e8s lente \u00e0 venir \u00e0 la table des n\u00e9gociations jusqu\u2019\u00e0 ce que, il y a trois semaines, un vendredi matin, le pr\u00e9sident Trump menace de 50\u00a0% de droits de\u00a0douane\u00a0\u00bb, a relat\u00e9 le ministre. \u00ab\u00a0Dans les heures qui ont suivi, cinq dirigeants europ\u00e9ens l\u2019ont appel\u00e9 et Ursula von der Leyen, la chef de l\u2019UE, \u00e9tait au t\u00e9l\u00e9phone\u00a0\u00bb.<\/p>\n<p class=\"asset asset-text\">\u00ab\u00a0L\u2019UE fait de tr\u00e8s bons progr\u00e8s\u00a0\u00bb, a-t-il not\u00e9. Le ministre fran\u00e7ais de l\u2019\u00c9conomie \u00c9ric Lombard a dit samedi esp\u00e9rer un accord \u00ab\u00a0ce week-end\u00a0\u00bb, estimant que, \u00e0 d\u00e9faut, l\u2019UE devrait r\u00e9pondre avec \u00ab\u00a0plus de vigueur\u00a0\u00bb.<\/p>\n","protected":false},"excerpt":{"rendered":"Leah Millis \/ REUTERS Le pr\u00e9sident am\u00e9ricain Donald Trump \u00e0 la Maison Blanche, aux \u00c9tats-Unis, le 28\u00a0mai 2025.&hellip;\n","protected":false},"author":2,"featured_media":231286,"comment_status":"","ping_status":"","sticky":false,"template":"","format":"standard","meta":{"footnotes":""},"categories":[6],"tags":[35,75,2822,33,34,73,1011,27,14,364],"class_list":{"0":"post-231285","1":"post","2":"type-post","3":"status-publish","4":"format-standard","5":"has-post-thumbnail","7":"category-economie","8":"tag-business","9":"tag-donald-trump","10":"tag-douanes","11":"tag-economie","12":"tag-economy","13":"tag-etats-unis","14":"tag-fr","15":"tag-france","16":"tag-international","17":"tag-union-europeenne"},"share_on_mastodon":{"url":"https:\/\/pubeurope.com\/@fr\/114808420134054014","error":""},"_links":{"self":[{"href":"https:\/\/www.europesays.com\/fr\/wp-json\/wp\/v2\/posts\/231285","targetHints":{"allow":["GET"]}}],"collection":[{"href":"https:\/\/www.europesays.com\/fr\/wp-json\/wp\/v2\/posts"}],"about":[{"href":"https:\/\/www.europesays.com\/fr\/wp-json\/wp\/v2\/types\/post"}],"author":[{"embeddable":true,"href":"https:\/\/www.europesays.com\/fr\/wp-json\/wp\/v2\/users\/2"}],"replies":[{"embeddable":true,"href":"https:\/\/www.europesays.com\/fr\/wp-json\/wp\/v2\/comments?post=231285"}],"version-history":[{"count":0,"href":"https:\/\/www.europesays.com\/fr\/wp-json\/wp\/v2\/posts\/231285\/revisions"}],"wp:featuredmedia":[{"embeddable":true,"href":"https:\/\/www.europesays.com\/fr\/wp-json\/wp\/v2\/media\/231286"}],"wp:attachment":[{"href":"https:\/\/www.europesays.com\/fr\/wp-json\/wp\/v2\/media?parent=231285"}],"wp:term":[{"taxonomy":"category","embeddable":true,"href":"https:\/\/www.europesays.com\/fr\/wp-json\/wp\/v2\/categories?post=231285"},{"taxonomy":"post_tag","embeddable":true,"href":"https:\/\/www.europesays.com\/fr\/wp-json\/wp\/v2\/tags?post=231285"}],"curies":[{"name":"wp","href":"https:\/\/api.w.org\/{rel}","templated":true}]}}