{"id":231289,"date":"2025-07-06T21:31:12","date_gmt":"2025-07-06T21:31:12","guid":{"rendered":"https:\/\/www.europesays.com\/fr\/231289\/"},"modified":"2025-07-06T21:31:12","modified_gmt":"2025-07-06T21:31:12","slug":"ces-800-passagers-dun-eurostar-bloque-pres-de-calais-pendant-9h-ont-passe-un-dimanche-interminable","status":"publish","type":"post","link":"https:\/\/www.europesays.com\/fr\/231289\/","title":{"rendered":"Ces 800 passagers d\u2019un Eurostar, bloqu\u00e9 pr\u00e8s de Calais pendant 9h, ont pass\u00e9 un dimanche interminable"},"content":{"rendered":"<p>        <img decoding=\"async\" loading=\"lazy\" src=\"https:\/\/www.europesays.com\/fr\/wp-content\/uploads\/2025\/07\/0a7d44d_upload-1-ccqrpjxgsztt-capture-da-a-cran-2025-07-06-205957.png\"  width=\"728\" height=\"410\" alt=\"Ces 800\u00a0passagers d\u2019un Eurostar, bloqu\u00e9 pr\u00e8s de Calais pendant 9h, ont pass\u00e9 leur dimanche 6\u00a0juillet sur les quais. (Photo r\u00e9seau social X)\"\/>  <\/p>\n<p>Capture d\u2019\u00e9cran vid\u00e9o X (ex-Twitter)<\/p>\n<p>Ces 800\u00a0passagers d\u2019un Eurostar, bloqu\u00e9 pr\u00e8s de Calais pendant 9h, ont pass\u00e9 leur dimanche 6\u00a0juillet sur les quais. (Photo r\u00e9seau social X)<\/p>\n<p class=\"asset asset-text\">TRAINS &#8211; Attente interminable. Les 800\u00a0passagers d\u2019un train\u00a0<a href=\"https:\/\/www.huffingtonpost.fr\/international\/video\/l-eta-est-obligatoire-pour-aller-au-royaume-uni-mais-a-gare-du-nord-tout-le-monde-ne-l-avait-pas_248308.html\" target=\"_blank\" rel=\"noopener\">Eurostar<\/a>\u00a0\u00e0 destination de Londres, bloqu\u00e9 depuis ce dimanche 6\u00a0juillet au matin dans la campagne de Rodelinghem, pr\u00e8s de Calais, ont pass\u00e9 une journ\u00e9e horrible. Leur<a href=\"https:\/\/www.huffingtonpost.fr\/france\/video\/eurostar-a-paris-et-a-londres-les-images-de-la-pagaille-apres-des-annulations-en-raison-d-inondations_227696.html\" target=\"_blank\" rel=\"noopener\"> train<\/a> est rest\u00e9 immobilis\u00e9 plus de neuf heures en raison d\u2019un probl\u00e8me technique. Ils ont pu reprendre leur route dans la soir\u00e9e.<\/p>\n<p class=\"asset asset-text\">L\u2019Eurostar ES9117, en provenance de Bruxelles, avait \u00ab\u00a0rencontr\u00e9 un probl\u00e8me d\u2019alimentation \u00e9lectrique\u00a0\u00bb dimanche aux alentours de 10\u00a0h alors qu\u2019il circulait entre Lille et Calais, a expliqu\u00e9 une porte-parole d\u2019Eurostar\u00a0\u00e0 l\u2019AFP. \u00ab\u00a0Il s\u2019est retrouv\u00e9 immobilis\u00e9, sans alimentation \u00e0 bord\u00a0\u00bb, a-t-elle indiqu\u00e9.<\/p>\n<p class=\"asset asset-text\">Le dysfonctionnement a notamment emp\u00each\u00e9 l\u2019usage des toilettes et de la climatisation. \u00ab\u00a0Toutes les portes ont \u00e9t\u00e9 ouvertes pour faire circuler l\u2019air, et de l\u2019eau a \u00e9t\u00e9 distribu\u00e9e\u00a0\u00bb, a-t-elle pr\u00e9cis\u00e9.<\/p>\n<p>    Concert \u00e0 c\u00f4t\u00e9 des voies    <\/p>\n<p class=\"asset asset-text\">Face \u00e0 cette situation, Eurostar\u00a0a d\u00e9cid\u00e9 d\u2019engager une op\u00e9ration de transbordement, une man\u0153uvre \u00ab\u00a0longue et complexe\u00a0\u00bb, consistant \u00e0 transf\u00e9rer les passagers dans un autre train, a indiqu\u00e9 la porte-parole de l\u2019entreprise. \u00ab\u00a0Nous avons re\u00e7u le soutien des autorit\u00e9s locales\u00a0\u00bb, a soulign\u00e9 la porte-parole.<\/p>\n<p class=\"asset asset-text\">Dans l\u2019attente de leur embarquement, les passagers ont \u00e9t\u00e9 pris en charge par des agents de la protection civile \u00ab\u00a0pour faire face aux conditions rendues difficiles \u00e0 bord\u00a0\u00bb, a indiqu\u00e9 la pr\u00e9fecture du Pas-de-Calais dans un communiqu\u00e9.<\/p>\n<p class=\"asset asset-text\">Sur les r\u00e9seaux sociaux, de nombreux passagers, qui avaient finalement pu sortir du train pour attendre, se plaignaient du manque de communication de la part de l\u2019entreprise. \u00ab\u00a0Bloqu\u00e9 dans un train en panne\u00a0Eurostar (&#8230;) aucune communication du personnel. Les passagers ont trop chaud dans les wagons\u00a0\u00bb, a dit Edward Hardy sur X.<\/p>\n<p class=\"asset asset-text\">Des passagers ont aussi improvis\u00e9 un concert \u00e0 c\u00f4t\u00e9 des voies, selon des vid\u00e9os partag\u00e9es sur les r\u00e9seaux sociaux.<\/p>\n<p> La lecture de ce contenu est susceptible d\u2019entra\u00eener un d\u00e9p\u00f4t de cookies de la part de l\u2019op\u00e9rateur tiers qui l\u2019h\u00e9berge. Compte-tenu des choix que vous avez exprim\u00e9s en mati\u00e8re de d\u00e9p\u00f4t de cookies, nous avons bloqu\u00e9 l\u2019affichage de ce contenu. Si vous souhaitez y acc\u00e9der, vous devez accepter la cat\u00e9gorie de cookies \u201cContenus tiers\u201d en cliquant sur le bouton ci-dessous. <\/p>\n<p> Lire la Vid\u00e9o           <\/p>\n<p> La lecture de ce contenu est susceptible d\u2019entra\u00eener un d\u00e9p\u00f4t de cookies de la part de l\u2019op\u00e9rateur tiers qui l\u2019h\u00e9berge. Compte-tenu des choix que vous avez exprim\u00e9s en mati\u00e8re de d\u00e9p\u00f4t de cookies, nous avons bloqu\u00e9 l\u2019affichage de ce contenu. Si vous souhaitez y acc\u00e9der, vous devez accepter la cat\u00e9gorie de cookies \u201cContenus tiers\u201d en cliquant sur le bouton ci-dessous. <\/p>\n<p> Lire la Vid\u00e9o        <\/p>\n<p class=\"asset asset-text\">Les gendarmes et les sapeurs-pompiers, \u00ab\u00a0ont pris en charge une personne ayant fait un l\u00e9ger malaise\u00a0\u00bb, qui a \u00e9t\u00e9 transport\u00e9e au centre hospitalier de Calais, a ajout\u00e9 la porte-parole d\u2019Eurostar. Elle pr\u00e9cise que les autres trains ont pu circuler normalement sur une autre voie.<\/p>\n","protected":false},"excerpt":{"rendered":"Capture d\u2019\u00e9cran vid\u00e9o X (ex-Twitter) Ces 800\u00a0passagers d\u2019un Eurostar, bloqu\u00e9 pr\u00e8s de Calais pendant 9h, ont pass\u00e9 leur&hellip;\n","protected":false},"author":2,"featured_media":231290,"comment_status":"","ping_status":"","sticky":false,"template":"","format":"standard","meta":{"footnotes":""},"categories":[4],"tags":[11,12932,118,1011,27,12,25,926],"class_list":{"0":"post-231289","1":"post","2":"type-post","3":"status-publish","4":"format-standard","5":"has-post-thumbnail","7":"category-france","8":"tag-actualites","9":"tag-eurostar","10":"tag-faits-divers","11":"tag-fr","12":"tag-france","13":"tag-news","14":"tag-republique-francaise","15":"tag-train"},"share_on_mastodon":{"url":"https:\/\/pubeurope.com\/@fr\/114808428168767777","error":""},"_links":{"self":[{"href":"https:\/\/www.europesays.com\/fr\/wp-json\/wp\/v2\/posts\/231289","targetHints":{"allow":["GET"]}}],"collection":[{"href":"https:\/\/www.europesays.com\/fr\/wp-json\/wp\/v2\/posts"}],"about":[{"href":"https:\/\/www.europesays.com\/fr\/wp-json\/wp\/v2\/types\/post"}],"author":[{"embeddable":true,"href":"https:\/\/www.europesays.com\/fr\/wp-json\/wp\/v2\/users\/2"}],"replies":[{"embeddable":true,"href":"https:\/\/www.europesays.com\/fr\/wp-json\/wp\/v2\/comments?post=231289"}],"version-history":[{"count":0,"href":"https:\/\/www.europesays.com\/fr\/wp-json\/wp\/v2\/posts\/231289\/revisions"}],"wp:featuredmedia":[{"embeddable":true,"href":"https:\/\/www.europesays.com\/fr\/wp-json\/wp\/v2\/media\/231290"}],"wp:attachment":[{"href":"https:\/\/www.europesays.com\/fr\/wp-json\/wp\/v2\/media?parent=231289"}],"wp:term":[{"taxonomy":"category","embeddable":true,"href":"https:\/\/www.europesays.com\/fr\/wp-json\/wp\/v2\/categories?post=231289"},{"taxonomy":"post_tag","embeddable":true,"href":"https:\/\/www.europesays.com\/fr\/wp-json\/wp\/v2\/tags?post=231289"}],"curies":[{"name":"wp","href":"https:\/\/api.w.org\/{rel}","templated":true}]}}