{"id":231297,"date":"2025-07-06T21:37:49","date_gmt":"2025-07-06T21:37:49","guid":{"rendered":"https:\/\/www.europesays.com\/fr\/231297\/"},"modified":"2025-07-06T21:37:49","modified_gmt":"2025-07-06T21:37:49","slug":"meurthe-et-moselle-quatorze-fermes-animent-les-vacances-dete","status":"publish","type":"post","link":"https:\/\/www.europesays.com\/fr\/231297\/","title":{"rendered":"Meurthe-et-Moselle. Quatorze fermes animent les vacances d\u2019\u00e9t\u00e9"},"content":{"rendered":"<p>Pour les agriculteurs, c\u2019est un moyen de se rapprocher des citadins, de cr\u00e9er du lien avec les consommateurs, en balayant les pr\u00e9jug\u00e9s sur le monde agricole. Pour les visiteurs, c\u2019est l\u2019occasion de sortir des sentiers battus et de s\u2019ouvrir \u00e0 une autre culture, en se rapprochant de la nature. Jusqu\u2019au 21\u00a0septembre, le r\u00e9seau Bienvenue \u00e0 la ferme, avec la Chambre d\u2019agriculture de Meurthe-et-Moselle, propose une nouvelle \u00e9dition de \u00ab\u00a0\u00c9t\u00e9 \u00e0 la ferme\u00a0\u00bb.<\/p>\n<p>Cet \u00e9t\u00e9, quatorze fermes de Meurthe-et-Moselle adh\u00e9rentes du r\u00e9seau, ouvrent leurs portes au grand public afin de faire d\u00e9couvrir leur exploitation, leurs animaux et, surtout partager leur passion pour l\u2019agriculture. Comme chaque ann\u00e9e, les familles auront un large choix d\u2019activit\u00e9s, avec des visites organis\u00e9es autour d\u2019animations p\u00e9dagogiques, des ateliers de fabrication, des randonn\u00e9es, des spectacles p\u00e9destres, des balades en cal\u00e8che, des go\u00fbters fermiers,\u00a0etc.<\/p>\n<p>  R\u00e9servations obligatoires<\/p>\n<p>Les vacances organis\u00e9es sur les exploitations, vont permettre aux agriculteurs de promouvoir leurs produits fermiers, montrer des m\u00e9tiers diversifi\u00e9s et l\u2019\u00e9volution des pratiques agricoles. Cela r\u00e9pond plus que jamais aux attentes de proximit\u00e9, de transparence et de p\u00e9dagogie, manifest\u00e9es par la soci\u00e9t\u00e9. Alors qu\u2019il y a plus de 35 ans, la vente directe et le tourisme \u00e0 la ferme n\u2019avaient de sens que pour une poign\u00e9e de producteurs et militants, ces modes de consommation sont d\u00e9sormais sollicit\u00e9es pour \u00e9chapper \u00e0 la malbouffe.<\/p>\n<p>Pour participer aux activit\u00e9s propos\u00e9es par \u00ab\u00a0\u00c9t\u00e9 \u00e0 la ferme\u00a0\u00bb, il est n\u00e9cessaire de r\u00e9server sa visite. La liste et les coordonn\u00e9es des fermes participantes, ainsi que les dates et les tarifs des animations propos\u00e9es, sont sur le site <a href=\"https:\/\/meurthe-et-moselle.chambres-agriculture.fr\/fileadmin\/user_upload\/274_chambre_dagriculture_de_meurthe-et-moselle\/AGENDA\/2025\/Depliant_ete_a_la_ferme_2025_lorraine_au_coeur.pdf\" target=\"_blank\" rel=\"noopener\"> www.bienvenue-a-laferme.com\/grandest<\/a>.<\/p>\n","protected":false},"excerpt":{"rendered":"Pour les agriculteurs, c\u2019est un moyen de se rapprocher des citadins, de cr\u00e9er du lien avec les consommateurs,&hellip;\n","protected":false},"author":2,"featured_media":231298,"comment_status":"","ping_status":"","sticky":false,"template":"","format":"standard","meta":{"footnotes":""},"categories":[9635],"tags":[1111,11,327,33,1707,1704,1706,1705,1777,674,1011,27,775,3457,1702,1703,12,25],"class_list":{"0":"post-231297","1":"post","2":"type-post","3":"status-publish","4":"format-standard","5":"has-post-thumbnail","7":"category-nancy","8":"tag-actu","9":"tag-actualites","10":"tag-agriculture","11":"tag-economie","12":"tag-edition-luneville","13":"tag-edition-nancy-et-agglomeration","14":"tag-edition-pont-a-mousson","15":"tag-edition-toul","16":"tag-eu","17":"tag-europe","18":"tag-fr","19":"tag-france","20":"tag-grand-est","21":"tag-meurthe-et-moselle","22":"tag-nancy","23":"tag-nancy-ville-54b","24":"tag-news","25":"tag-republique-francaise"},"share_on_mastodon":{"url":"https:\/\/pubeurope.com\/@fr\/114808455355114881","error":""},"_links":{"self":[{"href":"https:\/\/www.europesays.com\/fr\/wp-json\/wp\/v2\/posts\/231297","targetHints":{"allow":["GET"]}}],"collection":[{"href":"https:\/\/www.europesays.com\/fr\/wp-json\/wp\/v2\/posts"}],"about":[{"href":"https:\/\/www.europesays.com\/fr\/wp-json\/wp\/v2\/types\/post"}],"author":[{"embeddable":true,"href":"https:\/\/www.europesays.com\/fr\/wp-json\/wp\/v2\/users\/2"}],"replies":[{"embeddable":true,"href":"https:\/\/www.europesays.com\/fr\/wp-json\/wp\/v2\/comments?post=231297"}],"version-history":[{"count":0,"href":"https:\/\/www.europesays.com\/fr\/wp-json\/wp\/v2\/posts\/231297\/revisions"}],"wp:featuredmedia":[{"embeddable":true,"href":"https:\/\/www.europesays.com\/fr\/wp-json\/wp\/v2\/media\/231298"}],"wp:attachment":[{"href":"https:\/\/www.europesays.com\/fr\/wp-json\/wp\/v2\/media?parent=231297"}],"wp:term":[{"taxonomy":"category","embeddable":true,"href":"https:\/\/www.europesays.com\/fr\/wp-json\/wp\/v2\/categories?post=231297"},{"taxonomy":"post_tag","embeddable":true,"href":"https:\/\/www.europesays.com\/fr\/wp-json\/wp\/v2\/tags?post=231297"}],"curies":[{"name":"wp","href":"https:\/\/api.w.org\/{rel}","templated":true}]}}