{"id":231304,"date":"2025-07-06T21:46:13","date_gmt":"2025-07-06T21:46:13","guid":{"rendered":"https:\/\/www.europesays.com\/fr\/231304\/"},"modified":"2025-07-06T21:46:13","modified_gmt":"2025-07-06T21:46:13","slug":"les-sanctions-sont-tombees-le-fcg-durement-sanctionne","status":"publish","type":"post","link":"https:\/\/www.europesays.com\/fr\/231304\/","title":{"rendered":"les sanctions sont tomb\u00e9es, le FCG durement sanctionn\u00e9"},"content":{"rendered":"<p>            Par<br \/>\n        <strong><br \/>\n            <a href=\"https:\/\/actu.fr\/auteur\/clement-mazella\" title=\"Consulter tous les articles de Cl\u00e9ment Mazella\" target=\"_blank\" rel=\"noopener\">Cl\u00e9ment Mazella<\/a><br \/>\n        <\/strong><\/p>\n<p>        Publi\u00e9 le<\/p>\n<p>            3 juil. 2025 \u00e0 15h27        <\/p>\n<p><a href=\"https:\/\/actu.fr\/auvergne-rhone-alpes\/grenoble_38185\/bagarre-entre-supporters-a-la-fin-de-grenoble-perpignan-les-crs-obliges-d-intervenir_62774548.html\" target=\"_blank\" rel=\"noopener\">Les incidents<\/a> entre supporters \u00e0 l\u2019issue du match-acces entre <a href=\"https:\/\/actu.fr\/rugby\/equipe\/grenoble_64dbdff47b8c09c4fec7b0a4\/\" target=\"_blank\" rel=\"noopener\">Grenoble<\/a> et <a href=\"https:\/\/actu.fr\/rugby\/equipe\/perpignan_64dd31527b8c09c4fec880fe\" target=\"_blank\" rel=\"noopener\">Perpignan<\/a>, le samedi 14 juin, au Stade des Alpes, viennent de faire l\u2019objet de <strong>sanctions s\u00e9v\u00e8res<\/strong>.<\/p>\n<p>Bagarre entre supporters : Grenoble et Perpignan sanctionn\u00e9s<\/p>\n<p class=\" wall-content\">La Commission de Discipline et des R\u00e8glements de la LNR a reconnu les deux clubs coupables de \u00ab\u00a0d\u00e9sordres occasionn\u00e9s par des joueurs, des dirigeants et\/ou le public d\u2019un club ou des clubs en pr\u00e9sence\u00a0\u00bb et plus particuli\u00e8rement pour \u00ab\u00a0troubles caus\u00e9s dans l\u2019enceinte sportive (introduction et\/ou utilisation de tous engins ou articles pyrotechniques, de tout moyen d\u2019amplification phonique, bagarre(s), jet(s) d\u2019objet(s) sur ou en dehors du terrain, etc.)\u00a0\u00bb.<\/p>\n<p class=\" wall-content\">\u00c0 cet effet, le club de Grenoble a \u00e9cop\u00e9 d\u2019une amende de 25 000 euros ainsi que d\u2019une suspension de son terrain du Stade des Alpes pour un match. Cela s\u2019appliquera lors de la premi\u00e8re r\u00e9ception en Pro D2 lors de la saison 2025-2026.<\/p>\n<p class=\" wall-content\">De son c\u00f4t\u00e9, le club de Perpignan a \u00e9cop\u00e9 d\u2019une amende similaire \u2013 \u00e0 savoir 25 000 euros \u2013 ainsi que d\u2019une suspension de son terrain d\u2019Aim\u00e9-Giral pour un match de Top 14, assortie du sursis.<\/p>\n<p class=\" wall-content\">Lors du coup de sifflet final du match remport\u00e9 par l\u2019Usap (11-13), les supporters des deux \u00e9quipes avaient envahi le terrain. Des affrontements avaient eu lieu, et il avait fallu l\u2019intervention des CRS pour ramener le calme.<\/p>\n<p>Vid\u00e9os : en ce moment sur ActuPerpignan juge la sanction disproportionn\u00e9e<\/p>\n<p class=\" wall-content\">A peine la sanction de la LNR communiqu\u00e9e, le club de Perpignan a r\u00e9agi, prenant note de la sanction, mais la qualifie de \u00ab\u00a0disproportionn\u00e9e\u00a0\u00bb, s\u2019\u00e9tant d\u00e9fendue en apportant de nombreux \u00e9l\u00e9ments \u00e0 la Commission de Discipline.<\/p>\n<p class=\" wall-content\">L\u2019Usap rappelle qu\u2019elle a toujours \u00e9t\u00e9 stricte avec les d\u00e9bordements, \u00ab\u00a0prenant des sanctions lourdes \u00e0 l\u2019encontre des personnes qui avaient parfois franchi la ligne rouge. Nous avons notamment prononc\u00e9 des mesures d\u2019interdictions de stade, et d\u00e9pos\u00e9 plainte syst\u00e9matiquement car ces actes isol\u00e9s pouvaient g\u00e2cher la f\u00eate pour nos fid\u00e8les supporters et ternir l\u2019image du rugby professionnel fran\u00e7ais\u00a0\u00bb.<\/p>\n<p class=\" wall-content\">Face \u00e0 la sanction de la LNR, le club catalan se r\u00e9serve le droit de faire appel, estimant notamment qu\u2019elle n\u2019\u00e9tait pas \u00ab\u00a0partie prenante \u00e0 l\u2019organisation de la rencontre\u00a0\u00bb.<\/p>\n<p class=\" wall-content\">\n<p>Grenoble m\u00e9content<\/p>\n<p class=\" wall-content\">Du c\u00f4t\u00e9 de Grenoble, la pilule est \u00e9galement difficile \u00e0 dig\u00e9rer. \u00ab\u00a0C\u2019est une d\u00e9cision tr\u00e8s regrettable. Il y a eu 16 matchs au stade des Alpes cette saison, sans jamais un incident. On avait renforc\u00e9 les forces de police, pr\u00e9venu qu\u2019il pouvait y avoir des d\u00e9bordements\u00a0\u00bb, a soulign\u00e9 le pr\u00e9sident du FCG, Patrick Goffi, lors d\u2019une conf\u00e9rence de presse tenue ce jeudi.<\/p>\n<p class=\" wall-content\">Et Goffi de l\u00e2cher : \u00ab\u00a0Si on doit un jour recevoir de nouveau cette \u00e9quipe dans le cadre d\u2019un access-match, je demanderai au pr\u00e9fet l\u2019interdiction de d\u00e9placement, comme cela se fait au foot\u00a0\u00bb.<\/p>\n<p class=\" wall-content\">Suivez toute l\u2019actualit\u00e9 de vos villes et m\u00e9dias favoris en vous inscrivant \u00e0 <a href=\"https:\/\/moncompte.actu.fr\" title=\"D\u00e9couvez Mon Actu\" rel=\"nofollow noopener\" data-trk=\"{&quot;cta&quot;:{&quot;action&quot;:&quot;https:\\\/\\\/moncompte.actu.fr&quot;,&quot;category&quot;:&quot;mon compte&quot;,&quot;from&quot;:&quot;article footer&quot;,&quot;name&quot;:&quot;Mon actu&quot;,&quot;type&quot;:&quot;cta&quot;}}\" target=\"_blank\">Mon Actu<\/a>.<\/p>\n","protected":false},"excerpt":{"rendered":"Par Cl\u00e9ment Mazella Publi\u00e9 le 3 juil. 2025 \u00e0 15h27 Les incidents entre supporters \u00e0 l\u2019issue du match-acces&hellip;\n","protected":false},"author":2,"featured_media":231305,"comment_status":"","ping_status":"","sticky":false,"template":"","format":"standard","meta":{"footnotes":""},"categories":[9566],"tags":[1111,11,2430,1777,674,1011,27,2731,2947,12,2308,25,479,60,478,10744],"class_list":{"0":"post-231304","1":"post","2":"type-post","3":"status-publish","4":"format-standard","5":"has-post-thumbnail","7":"category-grenoble","8":"tag-actu","9":"tag-actualites","10":"tag-auvergne-rhone-alpes","11":"tag-eu","12":"tag-europe","13":"tag-fr","14":"tag-france","15":"tag-grenoble","16":"tag-lnr","17":"tag-news","18":"tag-pro-d2","19":"tag-republique-francaise","20":"tag-rugby","21":"tag-sports","22":"tag-top-14","23":"tag-usap-perpignan"},"share_on_mastodon":{"url":"https:\/\/pubeurope.com\/@fr\/114808486844261708","error":""},"_links":{"self":[{"href":"https:\/\/www.europesays.com\/fr\/wp-json\/wp\/v2\/posts\/231304","targetHints":{"allow":["GET"]}}],"collection":[{"href":"https:\/\/www.europesays.com\/fr\/wp-json\/wp\/v2\/posts"}],"about":[{"href":"https:\/\/www.europesays.com\/fr\/wp-json\/wp\/v2\/types\/post"}],"author":[{"embeddable":true,"href":"https:\/\/www.europesays.com\/fr\/wp-json\/wp\/v2\/users\/2"}],"replies":[{"embeddable":true,"href":"https:\/\/www.europesays.com\/fr\/wp-json\/wp\/v2\/comments?post=231304"}],"version-history":[{"count":0,"href":"https:\/\/www.europesays.com\/fr\/wp-json\/wp\/v2\/posts\/231304\/revisions"}],"wp:featuredmedia":[{"embeddable":true,"href":"https:\/\/www.europesays.com\/fr\/wp-json\/wp\/v2\/media\/231305"}],"wp:attachment":[{"href":"https:\/\/www.europesays.com\/fr\/wp-json\/wp\/v2\/media?parent=231304"}],"wp:term":[{"taxonomy":"category","embeddable":true,"href":"https:\/\/www.europesays.com\/fr\/wp-json\/wp\/v2\/categories?post=231304"},{"taxonomy":"post_tag","embeddable":true,"href":"https:\/\/www.europesays.com\/fr\/wp-json\/wp\/v2\/tags?post=231304"}],"curies":[{"name":"wp","href":"https:\/\/api.w.org\/{rel}","templated":true}]}}