{"id":231312,"date":"2025-07-06T21:53:10","date_gmt":"2025-07-06T21:53:10","guid":{"rendered":"https:\/\/www.europesays.com\/fr\/231312\/"},"modified":"2025-07-06T21:53:10","modified_gmt":"2025-07-06T21:53:10","slug":"incendie-pres-de-nice-un-gigantesque-nuage-de-fumee-depart-de-feu-de-foret-dans-ce-secteur","status":"publish","type":"post","link":"https:\/\/www.europesays.com\/fr\/231312\/","title":{"rendered":"Incendie pr\u00e8s de Nice. Un gigantesque nuage de fum\u00e9e, \u00ab\u00a0d\u00e9part de feu de for\u00eat\u00a0\u00bb dans ce secteur"},"content":{"rendered":"<p>            Par<br \/>\n        <strong><br \/>\n            <a href=\"https:\/\/actu.fr\/auteur\/fabien-binacchi\" title=\"Consulter tous les articles de Fabien Binacchi\" rel=\"nofollow noopener\" target=\"_blank\">Fabien Binacchi<\/a><br \/>\n        <\/strong><\/p>\n<p>        Publi\u00e9 le<\/p>\n<p>            6 juil. 2025 \u00e0 23h32        <\/p>\n<p>Un incendie s\u2019est d\u00e9clar\u00e9 ce dimanche 6\u00a0juillet 2025, dans la soir\u00e9e, sur <strong>une colline habit\u00e9e et bois\u00e9e<\/strong> de <a href=\"https:\/\/actu.fr\/provence-alpes-cote-d-azur\/saint-laurent-du-var_06123\" rel=\"nofollow noopener\" target=\"_blank\">Saint-Laurent-du-Var<\/a> (<a href=\"https:\/\/actu.fr\/provence-alpes-cote-d-azur\/alpes-maritimes_06\" rel=\"nofollow noopener\" target=\"_blank\">Alpes-Maritimes<\/a>), pr\u00e8s de <a href=\"https:\/\/actu.fr\/nice\/\" rel=\"nofollow noopener\" target=\"_blank\">Nice<\/a>.<\/p>\n<p class=\" wall-content\">Les pompiers sont sur place. Ils \u00e9voquent un \u00ab\u2009d\u00e9but de feu de for\u00eat\u2009\u00bb.<\/p>\n<p>Des flammes au-dessus des habitations<\/p>\n<p class=\" wall-content\">Ce dimanche 6\u00a0juillet, vers 22h, un gigantesque nuage de fum\u00e9e remplissait le ciel de Saint-Laurent-du-Var, commune limitrophe de Nice. Des flammes s\u2019\u00e9levaient au-dessus d\u2019une zone bois\u00e9e, tr\u00e8s proche d\u2019habitations, comme <strong>a pu le constater actu Nice<\/strong>, \u00e0 proximit\u00e9. \u00c0 l\u2019arriv\u00e9e des secours, la situation apparaissait sous contr\u00f4le.<\/p>\n<p class=\" wall-content\">\n<p class=\" wall-content\">Le Service d\u00e9partemental d\u2019incendie et de secours (Sdis) des Alpes-Maritimes \u00e9voque un \u00ab\u2009d\u00e9part de feu de for\u00eat\u2009\u00bb au niveau de la route de Saint-Jeannet, qui m\u00e8ne \u00e0 la commune de La Gaude. Le vent souffle <strong>en rafales<\/strong> ce dimanche soir dans la zone.<\/p>\n<p class=\" wall-content\"><strong>\u00bb Plus d\u2019informations \u00e0 venir\u2026<\/strong><\/p>\n<p class=\" wall-content\">Suivez toute l\u2019actualit\u00e9 de vos villes et m\u00e9dias favoris en vous inscrivant \u00e0 <a href=\"https:\/\/moncompte.actu.fr\" title=\"D\u00e9couvez Mon Actu\" rel=\"nofollow noopener\" data-trk=\"{&quot;cta&quot;:{&quot;action&quot;:&quot;https:\\\/\\\/moncompte.actu.fr&quot;,&quot;category&quot;:&quot;mon compte&quot;,&quot;from&quot;:&quot;article footer&quot;,&quot;name&quot;:&quot;Mon actu&quot;,&quot;type&quot;:&quot;cta&quot;}}\" target=\"_blank\">Mon Actu<\/a>.<\/p>\n","protected":false},"excerpt":{"rendered":"Par Fabien Binacchi Publi\u00e9 le 6 juil. 2025 \u00e0 23h32 Un incendie s\u2019est d\u00e9clar\u00e9 ce dimanche 6\u00a0juillet 2025,&hellip;\n","protected":false},"author":2,"featured_media":231313,"comment_status":"","ping_status":"","sticky":false,"template":"","format":"standard","meta":{"footnotes":""},"categories":[2819],"tags":[1111,11,1777,674,118,5183,1011,27,1310,12,2401,1311,882,25],"class_list":{"0":"post-231312","1":"post","2":"type-post","3":"status-publish","4":"format-standard","5":"has-post-thumbnail","7":"category-nice","8":"tag-actu","9":"tag-actualites","10":"tag-eu","11":"tag-europe","12":"tag-faits-divers","13":"tag-foret","14":"tag-fr","15":"tag-france","16":"tag-incendie","17":"tag-news","18":"tag-nice","19":"tag-pompiers","20":"tag-provence-alpes-cote-dazur","21":"tag-republique-francaise"},"share_on_mastodon":{"url":"https:\/\/pubeurope.com\/@fr\/114808514467092893","error":""},"_links":{"self":[{"href":"https:\/\/www.europesays.com\/fr\/wp-json\/wp\/v2\/posts\/231312","targetHints":{"allow":["GET"]}}],"collection":[{"href":"https:\/\/www.europesays.com\/fr\/wp-json\/wp\/v2\/posts"}],"about":[{"href":"https:\/\/www.europesays.com\/fr\/wp-json\/wp\/v2\/types\/post"}],"author":[{"embeddable":true,"href":"https:\/\/www.europesays.com\/fr\/wp-json\/wp\/v2\/users\/2"}],"replies":[{"embeddable":true,"href":"https:\/\/www.europesays.com\/fr\/wp-json\/wp\/v2\/comments?post=231312"}],"version-history":[{"count":0,"href":"https:\/\/www.europesays.com\/fr\/wp-json\/wp\/v2\/posts\/231312\/revisions"}],"wp:featuredmedia":[{"embeddable":true,"href":"https:\/\/www.europesays.com\/fr\/wp-json\/wp\/v2\/media\/231313"}],"wp:attachment":[{"href":"https:\/\/www.europesays.com\/fr\/wp-json\/wp\/v2\/media?parent=231312"}],"wp:term":[{"taxonomy":"category","embeddable":true,"href":"https:\/\/www.europesays.com\/fr\/wp-json\/wp\/v2\/categories?post=231312"},{"taxonomy":"post_tag","embeddable":true,"href":"https:\/\/www.europesays.com\/fr\/wp-json\/wp\/v2\/tags?post=231312"}],"curies":[{"name":"wp","href":"https:\/\/api.w.org\/{rel}","templated":true}]}}