{"id":231314,"date":"2025-07-06T21:54:18","date_gmt":"2025-07-06T21:54:18","guid":{"rendered":"https:\/\/www.europesays.com\/fr\/231314\/"},"modified":"2025-07-06T21:54:18","modified_gmt":"2025-07-06T21:54:18","slug":"une-fresque-participative-inauguree-dans-cette-commune-de-loire-atlantique","status":"publish","type":"post","link":"https:\/\/www.europesays.com\/fr\/231314\/","title":{"rendered":"Une fresque participative inaugur\u00e9e dans cette commune de Loire-Atlantique"},"content":{"rendered":"<p>Une\u00a0fresque\u00a0color\u00e9e\u00a0participative\u00a0r\u00e9alis\u00e9e\u00a0en\u00a0partenariat\u00a0avec\u00a0Enedis peinte\u00a0sur\u00a0un\u00a0transformateur quai Besnard \u00e0<a href=\"https:\/\/nantes.maville.com\/pays-de-la-loire\/loire-atlantique\/indre\/\" target=\"_blank\" rel=\"noopener\"> Indre<\/a> a \u00e9t\u00e9 inaugur\u00e9e. Elle a pour th\u00e8me la transmission de la m\u00e9moire entre les g\u00e9n\u00e9rations et la Paix. Elle a \u00e9t\u00e9 r\u00e9alis\u00e9e avec le concours du Comit\u00e9 local du souvenir pr\u00e9sid\u00e9 par Jean-Luc Le Drenn et le soutien d\u2019Anthony Berthelot maire d\u2019Indre par un groupe d\u2019adolescents de l\u2019ACLEA, l\u2019association des centres de loisirs pour l\u2019enfance et l\u2019adolescence pr\u00e9sid\u00e9e par Etienne Nicolas.<\/p>\n<p>Lire aussi : <a href=\"https:\/\/nantes.maville.com\/sport\/detail_-d-emiliano-sala-a-alice-milliat-une-fresque-geante-en-creation-a-nantes-_52716-6881895_actu.Htm\" target=\"_blank\" rel=\"noopener\">D\u2019Emiliano Sala \u00e0 Alice Milliat, une fresque g\u00e9ante en cr\u00e9ation \u00e0 Nantes<\/a><\/p>\n<p>Une fresque collaborative<\/p>\n<p>Ce dernier a salu\u00e9 \u00e0 travers cette fresque un projet artistique collaboratif mis en \u0153uvre avec les jeunes et leurs a\u00een\u00e9s, vecteur de m\u00e9moire, de transmission et d\u2019espoir.<\/p>\n<p>\u00abCette fresque nous rappelle que nous devons vivre ensemble dans le respect de nos diff\u00e9rences et de nos valeurs communes de respect, de tol\u00e9rance et de solidarit\u00e9 \u00e0 partager dans un monde tourment\u00e9.\u00bb<\/p>\n<p>\u00a0<\/p>\n","protected":false},"excerpt":{"rendered":"Une\u00a0fresque\u00a0color\u00e9e\u00a0participative\u00a0r\u00e9alis\u00e9e\u00a0en\u00a0partenariat\u00a0avec\u00a0Enedis peinte\u00a0sur\u00a0un\u00a0transformateur quai Besnard \u00e0 Indre a \u00e9t\u00e9 inaugur\u00e9e. Elle a pour th\u00e8me la transmission de la m\u00e9moire&hellip;\n","protected":false},"author":2,"featured_media":231315,"comment_status":"","ping_status":"","sticky":false,"template":"","format":"standard","meta":{"footnotes":""},"categories":[2818],"tags":[1111,11,7052,1777,674,1011,27,23001,16478,3047,766,12,31748,2636,25],"class_list":{"0":"post-231314","1":"post","2":"type-post","3":"status-publish","4":"format-standard","5":"has-post-thumbnail","7":"category-nantes","8":"tag-actu","9":"tag-actualites","10":"tag-commune","11":"tag-eu","12":"tag-europe","13":"tag-fr","14":"tag-france","15":"tag-fresque","16":"tag-inauguree","17":"tag-loire-atlantique","18":"tag-nantes","19":"tag-news","20":"tag-participative","21":"tag-pays-de-la-loire","22":"tag-republique-francaise"},"share_on_mastodon":{"url":"https:\/\/pubeurope.com\/@fr\/114808518300601390","error":""},"_links":{"self":[{"href":"https:\/\/www.europesays.com\/fr\/wp-json\/wp\/v2\/posts\/231314","targetHints":{"allow":["GET"]}}],"collection":[{"href":"https:\/\/www.europesays.com\/fr\/wp-json\/wp\/v2\/posts"}],"about":[{"href":"https:\/\/www.europesays.com\/fr\/wp-json\/wp\/v2\/types\/post"}],"author":[{"embeddable":true,"href":"https:\/\/www.europesays.com\/fr\/wp-json\/wp\/v2\/users\/2"}],"replies":[{"embeddable":true,"href":"https:\/\/www.europesays.com\/fr\/wp-json\/wp\/v2\/comments?post=231314"}],"version-history":[{"count":0,"href":"https:\/\/www.europesays.com\/fr\/wp-json\/wp\/v2\/posts\/231314\/revisions"}],"wp:featuredmedia":[{"embeddable":true,"href":"https:\/\/www.europesays.com\/fr\/wp-json\/wp\/v2\/media\/231315"}],"wp:attachment":[{"href":"https:\/\/www.europesays.com\/fr\/wp-json\/wp\/v2\/media?parent=231314"}],"wp:term":[{"taxonomy":"category","embeddable":true,"href":"https:\/\/www.europesays.com\/fr\/wp-json\/wp\/v2\/categories?post=231314"},{"taxonomy":"post_tag","embeddable":true,"href":"https:\/\/www.europesays.com\/fr\/wp-json\/wp\/v2\/tags?post=231314"}],"curies":[{"name":"wp","href":"https:\/\/api.w.org\/{rel}","templated":true}]}}