{"id":231316,"date":"2025-07-06T21:56:18","date_gmt":"2025-07-06T21:56:18","guid":{"rendered":"https:\/\/www.europesays.com\/fr\/231316\/"},"modified":"2025-07-06T21:56:18","modified_gmt":"2025-07-06T21:56:18","slug":"fc-nantes-melissa-bethi-de-retour-apres-son-pret-a-metz-sport-2","status":"publish","type":"post","link":"https:\/\/www.europesays.com\/fr\/231316\/","title":{"rendered":"FC Nantes. M\u00e9lissa Bethi de retour apr\u00e8s son pr\u00eat \u00e0 Metz . Sport"},"content":{"rendered":"<p>Arriv\u00e9e \u00e0 l\u2019\u00e9t\u00e9 2024 en provenance de l\u2019Olympique Lyonnais, o\u00f9 elle a \u00e9t\u00e9 form\u00e9e, M\u00e9lissa Bethi avait \u00e9t\u00e9 pr\u00eat\u00e9e dans la foul\u00e9e par le FC Nantes \u00e0 Metz, afin qu\u2019elle puisse s\u2019aguerrir en Seconde Ligue. Apr\u00e8s 14\u00a0matches disput\u00e9s en Moselle, dont 11 en tant que titulaire, et un but marqu\u00e9, la jeune attaquante de 19\u00a0ans revient sur les bords de Loire pour int\u00e9grer le groupe de Nicolas Chabot, qui a termin\u00e9 7e de Premi\u00e8re Ligue la saison pass\u00e9e. Le club a officialis\u00e9 son retour ce dimanche 6\u00a0juillet.<\/p>\n<p><strong>Lire aussi\u00a0:<\/strong> <a href=\"https:\/\/nantes.maville.com\/sport\/detail_-info-ouest-france.-fc-nantes-on-vous-devoile-tout-le-recrutement-des-feminines-_8-6848796_actu.Htm\" target=\"_self\" rel=\"noopener\">FC Nantes\u00a0: On vous d\u00e9voile tout le recrutement des f\u00e9minines<\/a><\/p>\n<p>Internationale alg\u00e9rienne, M\u00e9lissa Bethi dispute la Coupe d\u2019Afrique des Nations f\u00e9minine, cet \u00e9t\u00e9, au Maroc.<\/p>\n<p>\u00a0<\/p>\n","protected":false},"excerpt":{"rendered":"Arriv\u00e9e \u00e0 l\u2019\u00e9t\u00e9 2024 en provenance de l\u2019Olympique Lyonnais, o\u00f9 elle a \u00e9t\u00e9 form\u00e9e, M\u00e9lissa Bethi avait \u00e9t\u00e9&hellip;\n","protected":false},"author":2,"featured_media":230649,"comment_status":"","ping_status":"","sticky":false,"template":"","format":"standard","meta":{"footnotes":""},"categories":[2818],"tags":[1111,11,3809,1465,1777,674,63,1011,27,1792,1922,766,12,2636,25,479,3272,517,1470],"class_list":{"0":"post-231316","1":"post","2":"type-post","3":"status-publish","4":"format-standard","5":"has-post-thumbnail","7":"category-nantes","8":"tag-actu","9":"tag-actualites","10":"tag-ball","11":"tag-basket","12":"tag-eu","13":"tag-europe","14":"tag-football","15":"tag-fr","16":"tag-france","17":"tag-handball","18":"tag-info","19":"tag-nantes","20":"tag-news","21":"tag-pays-de-la-loire","22":"tag-republique-francaise","23":"tag-rugby","24":"tag-saint-nazaire","25":"tag-sport","26":"tag-volley"},"share_on_mastodon":{"url":"https:\/\/pubeurope.com\/@fr\/114808526164054840","error":""},"_links":{"self":[{"href":"https:\/\/www.europesays.com\/fr\/wp-json\/wp\/v2\/posts\/231316","targetHints":{"allow":["GET"]}}],"collection":[{"href":"https:\/\/www.europesays.com\/fr\/wp-json\/wp\/v2\/posts"}],"about":[{"href":"https:\/\/www.europesays.com\/fr\/wp-json\/wp\/v2\/types\/post"}],"author":[{"embeddable":true,"href":"https:\/\/www.europesays.com\/fr\/wp-json\/wp\/v2\/users\/2"}],"replies":[{"embeddable":true,"href":"https:\/\/www.europesays.com\/fr\/wp-json\/wp\/v2\/comments?post=231316"}],"version-history":[{"count":0,"href":"https:\/\/www.europesays.com\/fr\/wp-json\/wp\/v2\/posts\/231316\/revisions"}],"wp:featuredmedia":[{"embeddable":true,"href":"https:\/\/www.europesays.com\/fr\/wp-json\/wp\/v2\/media\/230649"}],"wp:attachment":[{"href":"https:\/\/www.europesays.com\/fr\/wp-json\/wp\/v2\/media?parent=231316"}],"wp:term":[{"taxonomy":"category","embeddable":true,"href":"https:\/\/www.europesays.com\/fr\/wp-json\/wp\/v2\/categories?post=231316"},{"taxonomy":"post_tag","embeddable":true,"href":"https:\/\/www.europesays.com\/fr\/wp-json\/wp\/v2\/tags?post=231316"}],"curies":[{"name":"wp","href":"https:\/\/api.w.org\/{rel}","templated":true}]}}