{"id":231319,"date":"2025-07-06T21:58:10","date_gmt":"2025-07-06T21:58:10","guid":{"rendered":"https:\/\/www.europesays.com\/fr\/231319\/"},"modified":"2025-07-06T21:58:10","modified_gmt":"2025-07-06T21:58:10","slug":"jaimerais-vraiment-racheter-les-girondins-de-bordeaux-linattendue-annonce-de-dj-snake-en-plein-concert","status":"publish","type":"post","link":"https:\/\/www.europesays.com\/fr\/231319\/","title":{"rendered":"\u00ab J\u2019aimerais vraiment racheter les Girondins de Bordeaux \u00bb : l\u2019inattendue annonce de DJ Snake en plein concert"},"content":{"rendered":"<p class=\"paragraph text_align_left lp-f-body-02\">Bient\u00f4t un nouveau propri\u00e9taire pour les Girondins de Bordeaux ? Si certains supporters en r\u00eavent, et verraient d\u2019un tr\u00e8s bon \u0153il la vente du club de <a href=\"https:\/\/www.leparisien.fr\/sports\/football\/\" target=\"_blank\" rel=\"noreferrer nofollow noopener\">football <\/a>par G\u00e9rard Lopez, rien ne dit cependant que le dernier candidat d\u00e9clar\u00e9 ne soit s\u00e9rieux dans ses d\u00e9marches. <\/p>\n<p class=\"paragraph text_align_left lp-f-body-02\">Et pour cause : c\u2019est <a href=\"https:\/\/www.leparisien.fr\/culture-loisirs\/musique\/le-psg-champion-deurope-niska-et-dj-snake-devoilent-un-morceau-pour-celebrer-la-victoire-01-06-2025-PWQZDACHGBEMBGU472CVQ3VWIY.php\" target=\"_blank\" rel=\"noreferrer nofollow noopener\">DJ Snake<\/a>, fan absolu du <a href=\"https:\/\/www.leparisien.fr\/sports\/football\/psg\/\" target=\"_blank\" rel=\"noreferrer nofollow noopener\">Paris Saint-Germain<\/a>, qui a annonc\u00e9 son int\u00e9r\u00eat pour le rachat du club au scapulaire, en plein durant son concert \u00e0 Garorock, le c\u00e9l\u00e8bre festival de musique qui se d\u00e9roule annuellement \u00e0 Marmande (Lot-et-Garonne), \u00e0 90 kilom\u00e8tres de Bordeaux. <\/p>\n<p class=\"paragraph text_align_left lp-f-body-02\">\u00ab J\u2019aimerais vraiment racheter les Girondins de Bordeaux si possible, a-t-il assur\u00e9 en plein set, devant un public conquis. Parce qu\u2019on a besoin des Girondins en <a href=\"https:\/\/www.leparisien.fr\/sports\/football\/ligue-1\/\" target=\"_blank\" rel=\"noreferrer nofollow noopener\">Ligue 1<\/a>, c\u2019est un club l\u00e9gendaire. Je ne sais pas ce qu\u2019ils ont merd\u00e9 (sic) mais bon&#8230; Respect aux Girondins de Bordeaux. \u00bb<\/p>\n<p class=\"paragraph text_align_left lp-f-body-02\">De nouveaux <a href=\"https:\/\/www.leparisien.fr\/sports\/football\/football-sanctionnes-par-la-dncg-les-girondins-de-bordeaux-evitent-le-pire-24-06-2025-YUNIXNHFCJFMJKWEXSKHLC4VFE.php\" target=\"_blank\" rel=\"noreferrer nofollow noopener\">menac\u00e9s par la DNCG cet \u00e9t\u00e9<\/a>, les Girondins de Bordeaux se sont finalement vus maintenir en National 2, <a href=\"https:\/\/www.leparisien.fr\/sports\/football\/football-les-girondins-de-bordeaux-officiellement-retrogrades-en-national-2-01-08-2024-S3XXVRCZZJFOJEMMQJUYZPGU54.php\" target=\"_blank\" rel=\"noreferrer nofollow noopener\">o\u00f9 ils avaient \u00e9t\u00e9 r\u00e9trograd\u00e9s \u00e0 l\u2019\u00e9t\u00e9 2024<\/a> apr\u00e8s deux ann\u00e9es de lutte sportive et extrasportive pour leur survie. Candidat le plus r\u00e9cent \u00e0 un rachat du club, <a href=\"https:\/\/www.leparisien.fr\/sports\/football\/football-oliver-kahn-renonce-a-reprendre-les-girondins-de-bordeaux-02-06-2025-CQVJZENR2RDK5A4RGDZ6GWTJPY.php\" target=\"_blank\" rel=\"noreferrer nofollow noopener\">l\u2019ancien gardien allemand Oliver Kahn avait retir\u00e9 son offre d\u00e9but juin<\/a>.<\/p>\n","protected":false},"excerpt":{"rendered":"Bient\u00f4t un nouveau propri\u00e9taire pour les Girondins de Bordeaux ? Si certains supporters en r\u00eavent, et verraient d\u2019un&hellip;\n","protected":false},"author":2,"featured_media":231320,"comment_status":"","ping_status":"","sticky":false,"template":"","format":"standard","meta":{"footnotes":""},"categories":[2817],"tags":[1111,11,1997,872,1777,674,63,1011,27,12,2219,25,60],"class_list":{"0":"post-231319","1":"post","2":"type-post","3":"status-publish","4":"format-standard","5":"has-post-thumbnail","7":"category-bordeaux","8":"tag-actu","9":"tag-actualites","10":"tag-bordeaux","11":"tag-culture-et-loisirs","12":"tag-eu","13":"tag-europe","14":"tag-football","15":"tag-fr","16":"tag-france","17":"tag-news","18":"tag-nouvelle-aquitaine","19":"tag-republique-francaise","20":"tag-sports"},"share_on_mastodon":{"url":"https:\/\/pubeurope.com\/@fr\/114808533984181730","error":""},"_links":{"self":[{"href":"https:\/\/www.europesays.com\/fr\/wp-json\/wp\/v2\/posts\/231319","targetHints":{"allow":["GET"]}}],"collection":[{"href":"https:\/\/www.europesays.com\/fr\/wp-json\/wp\/v2\/posts"}],"about":[{"href":"https:\/\/www.europesays.com\/fr\/wp-json\/wp\/v2\/types\/post"}],"author":[{"embeddable":true,"href":"https:\/\/www.europesays.com\/fr\/wp-json\/wp\/v2\/users\/2"}],"replies":[{"embeddable":true,"href":"https:\/\/www.europesays.com\/fr\/wp-json\/wp\/v2\/comments?post=231319"}],"version-history":[{"count":0,"href":"https:\/\/www.europesays.com\/fr\/wp-json\/wp\/v2\/posts\/231319\/revisions"}],"wp:featuredmedia":[{"embeddable":true,"href":"https:\/\/www.europesays.com\/fr\/wp-json\/wp\/v2\/media\/231320"}],"wp:attachment":[{"href":"https:\/\/www.europesays.com\/fr\/wp-json\/wp\/v2\/media?parent=231319"}],"wp:term":[{"taxonomy":"category","embeddable":true,"href":"https:\/\/www.europesays.com\/fr\/wp-json\/wp\/v2\/categories?post=231319"},{"taxonomy":"post_tag","embeddable":true,"href":"https:\/\/www.europesays.com\/fr\/wp-json\/wp\/v2\/tags?post=231319"}],"curies":[{"name":"wp","href":"https:\/\/api.w.org\/{rel}","templated":true}]}}