{"id":231325,"date":"2025-07-06T22:02:18","date_gmt":"2025-07-06T22:02:18","guid":{"rendered":"https:\/\/www.europesays.com\/fr\/231325\/"},"modified":"2025-07-06T22:02:18","modified_gmt":"2025-07-06T22:02:18","slug":"volotea-renforce-sa-liaison-lille-perpignan-actualite-aeronautique","status":"publish","type":"post","link":"https:\/\/www.europesays.com\/fr\/231325\/","title":{"rendered":"Volotea renforce sa liaison Lille-Perpignan &#8211; Actualit\u00e9 a\u00e9ronautique"},"content":{"rendered":"<p class=\"subtitle\">Article publi\u00e9 le 6 juillet 2025 par David Dagouret<\/p>\n<p>Ces vols suppl\u00e9mentaires seront op\u00e9r\u00e9s les jeudis et dimanches entre novembre et mars.\u00a0\u00a0<\/p>\n<p>Volotea annonce l\u2019extension de sa liaison entre Lille et Perpignan tout au long de la saison hivernale, avec deux fr\u00e9quences par semaine. Ces vols suppl\u00e9mentaires seront op\u00e9r\u00e9s les jeudis et dimanches entre novembre et mars.\u00a0\u00a0<\/p>\n<p>La compagnie a\u00e9rienne connecte aujourd\u2019hui Lille \u00e0 31 destinations r\u00e9parties dans 8 pays : la Bulgarie, la Croatie, l\u2019Espagne, la France, la Gr\u00e8ce, l\u2019Italie, le Maroc et le Portugal.<\/p>\n<p><strong>Gilles Gosselin, Directeur France de Volotea a d\u00e9clar\u00e9 :<\/strong> \u00ab\u00a0Nous sommes tr\u00e8s heureux de maintenir une offre soutenue entre Lille et Perpignan, m\u00eame en hiver. C\u2019est une ligne pl\u00e9biscit\u00e9e par nos clients qui t\u00e9moigne de la pertinence de notre mod\u00e8le : connecter les capitales r\u00e9gionales entre elles avec des vols directs, \u00e0 des prix comp\u00e9titifs, tout en garantissant un excellent niveau de service.\u00a0\u00bb<\/p>\n<p><img loading=\"lazy\" decoding=\"async\" src=\"https:\/\/www.europesays.com\/fr\/wp-content\/uploads\/2025\/07\/9627.jpg\" alt=\"volotea\" width=\"600\" height=\"400\" style=\"border:0px solid;\" \/><\/p>\n<p>  Sur le m\u00eame sujet<\/p>\n","protected":false},"excerpt":{"rendered":"Article publi\u00e9 le 6 juillet 2025 par David Dagouret Ces vols suppl\u00e9mentaires seront op\u00e9r\u00e9s les jeudis et dimanches&hellip;\n","protected":false},"author":2,"featured_media":231326,"comment_status":"","ping_status":"","sticky":false,"template":"","format":"standard","meta":{"footnotes":""},"categories":[2815],"tags":[1111,47,11,296,30397,30398,7182,13796,17318,30399,9919,11821,341,1777,674,30400,5556,1011,27,811,30401,30402,1307,1031,12,25],"class_list":{"0":"post-231325","1":"post","2":"type-post","3":"status-publish","4":"format-standard","5":"has-post-thumbnail","7":"category-lille","8":"tag-actu","9":"tag-actualite","10":"tag-actualites","11":"tag-aeronautique","12":"tag-aeroweb","13":"tag-aeroweb-fr-net","14":"tag-aviation","15":"tag-avions","16":"tag-compagnies-aeriennes","17":"tag-constructeurs-aeronautiques","18":"tag-cv","19":"tag-dossiers","20":"tag-emploi","21":"tag-eu","22":"tag-europe","23":"tag-fiches-techniques","24":"tag-forum","25":"tag-fr","26":"tag-france","27":"tag-hauts-de-france","28":"tag-histoire-de-laeronautique","29":"tag-histoire-de-laviation","30":"tag-lille","31":"tag-magazine","32":"tag-news","33":"tag-republique-francaise"},"share_on_mastodon":{"url":"https:\/\/pubeurope.com\/@fr\/114808550207929214","error":""},"_links":{"self":[{"href":"https:\/\/www.europesays.com\/fr\/wp-json\/wp\/v2\/posts\/231325","targetHints":{"allow":["GET"]}}],"collection":[{"href":"https:\/\/www.europesays.com\/fr\/wp-json\/wp\/v2\/posts"}],"about":[{"href":"https:\/\/www.europesays.com\/fr\/wp-json\/wp\/v2\/types\/post"}],"author":[{"embeddable":true,"href":"https:\/\/www.europesays.com\/fr\/wp-json\/wp\/v2\/users\/2"}],"replies":[{"embeddable":true,"href":"https:\/\/www.europesays.com\/fr\/wp-json\/wp\/v2\/comments?post=231325"}],"version-history":[{"count":0,"href":"https:\/\/www.europesays.com\/fr\/wp-json\/wp\/v2\/posts\/231325\/revisions"}],"wp:featuredmedia":[{"embeddable":true,"href":"https:\/\/www.europesays.com\/fr\/wp-json\/wp\/v2\/media\/231326"}],"wp:attachment":[{"href":"https:\/\/www.europesays.com\/fr\/wp-json\/wp\/v2\/media?parent=231325"}],"wp:term":[{"taxonomy":"category","embeddable":true,"href":"https:\/\/www.europesays.com\/fr\/wp-json\/wp\/v2\/categories?post=231325"},{"taxonomy":"post_tag","embeddable":true,"href":"https:\/\/www.europesays.com\/fr\/wp-json\/wp\/v2\/tags?post=231325"}],"curies":[{"name":"wp","href":"https:\/\/api.w.org\/{rel}","templated":true}]}}