{"id":231330,"date":"2025-07-06T22:05:16","date_gmt":"2025-07-06T22:05:16","guid":{"rendered":"https:\/\/www.europesays.com\/fr\/231330\/"},"modified":"2025-07-06T22:05:16","modified_gmt":"2025-07-06T22:05:16","slug":"la-justice-annule-la-nouvelle-oqtf-de-kele-la-prefecture-sommee-de-lui-donner-des-papiers","status":"publish","type":"post","link":"https:\/\/www.europesays.com\/fr\/231330\/","title":{"rendered":"la justice annule la nouvelle OQTF de K\u00e9l\u00e9, la pr\u00e9fecture somm\u00e9e de lui donner des papiers"},"content":{"rendered":"<p itemprop=\"description\"><strong>Le tribunal administratif de Lyon a entendu les arguments des soutiens de Keletigui Sylla, dit K\u00e9l\u00e9.<\/strong><\/p>\n<p>La justice vient d&rsquo;annuler la seconde OQTF d\u00e9livr\u00e9e par la pr\u00e9fecture du Rh\u00f4ne \u00e0 l&rsquo;encontre de ce Guin\u00e9en arriv\u00e9 en France \u00e0 l&rsquo;\u00e2ge de 14 ans et qui n&rsquo;a jamais pu l\u00e9galiser sa situation.<\/p>\n<p>Son assignation \u00e0 r\u00e9sidence est \u00e9galement annul\u00e9e, avec effet imm\u00e9diat, et le tribunal administratif enjoint la pr\u00e9fecture \u00e0 accorder \u00e0 K\u00e9l\u00e9 une carte de s\u00e9jour \u00ab\u00a0vie priv\u00e9e et familiale\u00a0\u00bb d&rsquo;une dur\u00e9e d&rsquo;un an d&rsquo;ici le 1er septembre.<\/p>\n<p>\u00ab\u00a0Cette d\u00e9cision est une grande avanc\u00e9e pour K\u00e9l\u00e9 et l&rsquo;ensemble de ses soutiens, ainsi qu&rsquo;un soulagement longtemps attendu. Nous esp\u00e9rons maintenant que la pr\u00e9fecture d\u00e9livrera son autorisation provisoire de s\u00e9jour et son titre de s\u00e9jour \u00e0 K\u00e9l\u00e9 dans les d\u00e9lais impartis\u00a0\u00bb, a r\u00e9agi le collectif de soutien \u00e0 K\u00e9l\u00e9, conscient que les services de l&rsquo;Etat n&rsquo;abdiquent pas dans ce dossier.<\/p>\n<p>En effet, la pr\u00e9fecture avait subi le m\u00eame camouflet le 12 d\u00e9cembre dernier, avec annulation d&rsquo;une OQTF et obligation de d\u00e9livrer une Autorisation provisoire de s\u00e9jour (APS) \u00e0 K\u00e9l\u00e9. Mais elle avait fait appel.<\/p>\n<p>\u00ab\u00a0Aujourd&rsquo;hui c&rsquo;est un grand pas en avant que K\u00e9l\u00e9 vient de faire, une nouvelle reconnaissance de son parcours et de ses qualit\u00e9s qu&rsquo;il vient de recevoir, mais il reste encore du chemin \u00e0 parcourir\u00a0\u00bb, concluent les soutiens du po\u00e8te guin\u00e9en, d\u00e9sormais attentifs aux signaux envoy\u00e9s ces prochains jours par l&rsquo;administration.<\/p>\n","protected":false},"excerpt":{"rendered":"Le tribunal administratif de Lyon a entendu les arguments des soutiens de Keletigui Sylla, dit K\u00e9l\u00e9. La justice&hellip;\n","protected":false},"author":2,"featured_media":231331,"comment_status":"","ping_status":"","sticky":false,"template":"","format":"standard","meta":{"footnotes":""},"categories":[1889],"tags":[1111,11,2813,2190,2430,1109,251,1112,2811,1777,674,118,1011,27,1922,1110,1114,2428,2810,12,241,316,25,2812,517,800],"class_list":{"0":"post-231330","1":"post","2":"type-post","3":"status-publish","4":"format-standard","5":"has-post-thumbnail","7":"category-lyon","8":"tag-actu","9":"tag-actualites","10":"tag-article","11":"tag-asvel","12":"tag-auvergne-rhone-alpes","13":"tag-breves","14":"tag-culture","15":"tag-depeches","16":"tag-economique","17":"tag-eu","18":"tag-europe","19":"tag-faits-divers","20":"tag-fr","21":"tag-france","22":"tag-info","23":"tag-informations","24":"tag-infos","25":"tag-lyon","26":"tag-lyonmag","27":"tag-news","28":"tag-ol","29":"tag-politique","30":"tag-republique-francaise","31":"tag-sociale","32":"tag-sport","33":"tag-transports"},"share_on_mastodon":{"url":"https:\/\/pubeurope.com\/@fr\/114808561577616248","error":""},"_links":{"self":[{"href":"https:\/\/www.europesays.com\/fr\/wp-json\/wp\/v2\/posts\/231330","targetHints":{"allow":["GET"]}}],"collection":[{"href":"https:\/\/www.europesays.com\/fr\/wp-json\/wp\/v2\/posts"}],"about":[{"href":"https:\/\/www.europesays.com\/fr\/wp-json\/wp\/v2\/types\/post"}],"author":[{"embeddable":true,"href":"https:\/\/www.europesays.com\/fr\/wp-json\/wp\/v2\/users\/2"}],"replies":[{"embeddable":true,"href":"https:\/\/www.europesays.com\/fr\/wp-json\/wp\/v2\/comments?post=231330"}],"version-history":[{"count":0,"href":"https:\/\/www.europesays.com\/fr\/wp-json\/wp\/v2\/posts\/231330\/revisions"}],"wp:featuredmedia":[{"embeddable":true,"href":"https:\/\/www.europesays.com\/fr\/wp-json\/wp\/v2\/media\/231331"}],"wp:attachment":[{"href":"https:\/\/www.europesays.com\/fr\/wp-json\/wp\/v2\/media?parent=231330"}],"wp:term":[{"taxonomy":"category","embeddable":true,"href":"https:\/\/www.europesays.com\/fr\/wp-json\/wp\/v2\/categories?post=231330"},{"taxonomy":"post_tag","embeddable":true,"href":"https:\/\/www.europesays.com\/fr\/wp-json\/wp\/v2\/tags?post=231330"}],"curies":[{"name":"wp","href":"https:\/\/api.w.org\/{rel}","templated":true}]}}