{"id":231335,"date":"2025-07-06T22:08:11","date_gmt":"2025-07-06T22:08:11","guid":{"rendered":"https:\/\/www.europesays.com\/fr\/231335\/"},"modified":"2025-07-06T22:08:11","modified_gmt":"2025-07-06T22:08:11","slug":"quelles-perturbations-prevoir-pour-la-ratp-et-la-sncf-cette-semaine-20","status":"publish","type":"post","link":"https:\/\/www.europesays.com\/fr\/231335\/","title":{"rendered":"Quelles perturbations pr\u00e9voir pour la RATP et la SNCF cette semaine ?"},"content":{"rendered":"<p><strong>TRANSPORTS &#8211; La premi\u00e8re semaine de vacances estivales sera perturb\u00e9e dans les transports parisiens et franciliens. Tour d\u2019horizon des changements \u00e0 prendre en compte<\/strong><\/p>\n<p>Le trafic sera perturb\u00e9 dans le RER, le m\u00e9tro, le transilien et le tramway, d\u00e8s la premi\u00e8re semaine des vacances estivales (7-13 juillet). Voici les changements sur les lignes concern\u00e9s, \u00e0 Paris et en \u00cele-de-France.<\/p>\n<p>M\u00e9tro<\/p>\n<ul class=\"caas-list caas-list-bullet\">\n<li>\n<p>Ligne 3 : jusqu\u2019au 3 ao\u00fbt, le trafic sera interrompu entre Op\u00e9ra et Gallieni (travaux). Des bus de substitution seront mis en place entre R\u00e9publique et Gallieni.<\/p>\n<\/li>\n<li>\n<p>Ligne 4 : jusqu\u2019au lundi 14 juillet, le trafic sera interrompu entre Les Halles et Porte d\u2019Orl\u00e9ans (travaux). Des bus de substitution seront mis en place.<\/p>\n<\/li>\n<li>\n<p>Ligne 6 : jusqu\u2019au 28 septembre, l\u2019arr\u00eat n\u2019est pas desservi \u00e0 Cambronne (travaux).<\/p>\n<\/li>\n<li>\n<p>Ligne 14 : jusqu\u2019au 23 juillet, le mercredi \u00e0 partir de 22 heures, le trafic sera interrompu sur l\u2019ensemble de la ligne en raison de travaux.<\/p>\n<\/li>\n<\/ul>\n<p>RER<\/p>\n<ul class=\"caas-list caas-list-bullet\">\n<li>\n<p><a href=\"https:\/\/www.20minutes.fr\/paris\/rer_a\/?at_medium=RSS%20feed&amp;at_campaign=ynews&amp;utm_source=yahoo&amp;utm_medium=rss&amp;utm_campaign=news_feed&amp;utm_content=in_article_link\" rel=\"nofollow noopener\" target=\"_blank\" data-ylk=\"slk:RER A;elm:context_link;itc:0;sec:content-canvas\" class=\"link \">RER A<\/a> : du lundi 7 au vendredi 11 juillet, d\u00e8s 22h15, le trafic sera interrompu entre Maisons-Laffitte et Poissy (travaux). Des bus de substitution seront mis en place entre Sartrouville et Poissy.<\/p>\n<\/li>\n<li>\n<p>RER B : du lundi 7 au jeudi 10 juillet, d\u00e8s 22h45, le trafic sera interrompu entre Gare du Nord et A\u00e9roport Charles de Gaulle 2 \u2013 TGV via Mitry \u2013 Claye (travaux). Des bus de substitution seront mis en place. Week-end du 12,13 et 14 juillet, changement de train n\u00e9cessaire en Gare du Nord, entre les voies souterraines et les voies de surface.<\/p>\n<\/li>\n<\/ul>\n<p>RER C : jusqu\u2019au 31 juillet, l\u2019arr\u00eat n\u2019est pas desservi \u00e0 Issy vers Massy \u2013 Palaiseau, Saint-Martin d\u2019\u00c9tampes et Dourdan la For\u00eat (mesures de s\u00e9curit\u00e9). Dimanche 13 juillet, le trafic sera in(&#8230;)<\/p>\n<p><a href=\"https:\/\/www.20minutes.fr\/paris\/4162203-20250706-paris-ile-france-perturbations-prevoir-ratp-sncf-semaine?at_medium=RSS%20feed&amp;at_campaign=ynews&amp;utm_source=yahoo&amp;utm_medium=rss&amp;utm_campaign=news_feed&amp;utm_content=read_more_link\" rel=\"nofollow noopener\" target=\"_blank\" data-ylk=\"slk:Lire la suite sur 20minutes;elm:context_link;itc:0;sec:content-canvas\" class=\"link \">Lire la suite sur 20minutes<\/a><\/p>\n<p>\u00c0 lire aussi :<br \/><a href=\"https:\/\/www.20minutes.fr\/societe\/4161556-20250702-clim-tgv-chat-voyageuse-failli-mourir-coup-chaleur?at_medium=RSS%20feed&amp;at_campaign=ynews&amp;utm_source=yahoo&amp;utm_medium=rss&amp;utm_campaign=news_feed&amp;utm_content=related_content_link\" rel=\"nofollow noopener\" target=\"_blank\" data-ylk=\"slk:Pas de clim dans le TGV, le chat d\u2019une voyageuse a failli mourir d\u2019un coup de chaleur;elm:context_link;itc:0;sec:content-canvas\" class=\"link \">Pas de clim dans le TGV, le chat d\u2019une voyageuse a failli mourir d\u2019un coup de chaleur<\/a><br \/><a href=\"https:\/\/www.20minutes.fr\/arts-stars\/people\/4162152-20250705-nouvelle-altercation-entre-omar-sy-controleur-sncf-dement-formellement?at_medium=RSS%20feed&amp;at_campaign=ynews&amp;utm_source=yahoo&amp;utm_medium=rss&amp;utm_campaign=news_feed&amp;utm_content=related_content_link\" rel=\"nofollow noopener\" target=\"_blank\" data-ylk=\"slk:Nouvelle altercation entre Omar Sy et un contr\u00f4leur ? La SNCF d\u00e9ment formellement;elm:context_link;itc:0;sec:content-canvas\" class=\"link \">Nouvelle altercation entre Omar Sy et un contr\u00f4leur ? La SNCF d\u00e9ment formellement<\/a><\/p>\n","protected":false},"excerpt":{"rendered":"TRANSPORTS &#8211; La premi\u00e8re semaine de vacances estivales sera perturb\u00e9e dans les transports parisiens et franciliens. Tour d\u2019horizon&hellip;\n","protected":false},"author":2,"featured_media":231336,"comment_status":"","ping_status":"","sticky":false,"template":"","format":"standard","meta":{"footnotes":""},"categories":[1592],"tags":[10915,1111,11,4191,1777,674,1011,27,662,12,626,25,12396,15375],"class_list":{"0":"post-231335","1":"post","2":"type-post","3":"status-publish","4":"format-standard","5":"has-post-thumbnail","7":"category-ile-de-france","8":"tag-14-juillet","9":"tag-actu","10":"tag-actualites","11":"tag-aeroport-charles-de-gaulle","12":"tag-eu","13":"tag-europe","14":"tag-fr","15":"tag-france","16":"tag-ile-de-france","17":"tag-news","18":"tag-paris","19":"tag-republique-francaise","20":"tag-rer","21":"tag-transports-parisiens"},"share_on_mastodon":{"url":"https:\/\/pubeurope.com\/@fr\/114808573382918001","error":""},"_links":{"self":[{"href":"https:\/\/www.europesays.com\/fr\/wp-json\/wp\/v2\/posts\/231335","targetHints":{"allow":["GET"]}}],"collection":[{"href":"https:\/\/www.europesays.com\/fr\/wp-json\/wp\/v2\/posts"}],"about":[{"href":"https:\/\/www.europesays.com\/fr\/wp-json\/wp\/v2\/types\/post"}],"author":[{"embeddable":true,"href":"https:\/\/www.europesays.com\/fr\/wp-json\/wp\/v2\/users\/2"}],"replies":[{"embeddable":true,"href":"https:\/\/www.europesays.com\/fr\/wp-json\/wp\/v2\/comments?post=231335"}],"version-history":[{"count":0,"href":"https:\/\/www.europesays.com\/fr\/wp-json\/wp\/v2\/posts\/231335\/revisions"}],"wp:featuredmedia":[{"embeddable":true,"href":"https:\/\/www.europesays.com\/fr\/wp-json\/wp\/v2\/media\/231336"}],"wp:attachment":[{"href":"https:\/\/www.europesays.com\/fr\/wp-json\/wp\/v2\/media?parent=231335"}],"wp:term":[{"taxonomy":"category","embeddable":true,"href":"https:\/\/www.europesays.com\/fr\/wp-json\/wp\/v2\/categories?post=231335"},{"taxonomy":"post_tag","embeddable":true,"href":"https:\/\/www.europesays.com\/fr\/wp-json\/wp\/v2\/tags?post=231335"}],"curies":[{"name":"wp","href":"https:\/\/api.w.org\/{rel}","templated":true}]}}