{"id":231339,"date":"2025-07-06T22:10:11","date_gmt":"2025-07-06T22:10:11","guid":{"rendered":"https:\/\/www.europesays.com\/fr\/231339\/"},"modified":"2025-07-06T22:10:11","modified_gmt":"2025-07-06T22:10:11","slug":"rassemblement-de-soutien-a-paris-pour-la-liberation-de-cecile-kohler-et-jacques-paris","status":"publish","type":"post","link":"https:\/\/www.europesays.com\/fr\/231339\/","title":{"rendered":"rassemblement de soutien \u00e0 Paris pour la lib\u00e9ration de C\u00e9cile Kohler et Jacques Paris"},"content":{"rendered":"<p>Rescap\u00e9s de la prison d\u2019Evin, bombard\u00e9e le mois dernier par les forces isra\u00e9liennes, les Fran\u00e7ais Jacques Paris, 72 ans, et C\u00e9cile Kohler, 40 ans, risquent aujourd\u2019hui la peine de mort. Les autorit\u00e9s iraniennes les accusent d\u2019espionnage pour le Mossad, complot pour renverser le r\u00e9gime et corruption sur Terre. Les proches des otages ont organis\u00e9 un rassemblement de soutien ce dimanche 6 juillet \u00e0 Paris.<\/p>\n<p>Sous l\u2019orage et la pluie battante, sur une petite estrade devant le Panth\u00e9on, la fille de Jacques Paris fait la liste des mensonges dont elle accuse la R\u00e9publique islamique. Parmi les quelque dizaines de participants mass\u00e9s sous les parapluies, Astrid porte un t-shirt \u00e0 l\u2019effigie de C\u00e9cile Kohler.<\/p>\n<p>\u00ab Ils servent d&rsquo;otage, de monnaie d&rsquo;\u00e9change&#8230; On sait que \u00e7a ne va pas \u00eatre facile, mais je crois que le gouvernement fran\u00e7ais est quand m\u00eame mobilis\u00e9 sur ces cas-l\u00e0. Donc, on croise les doigts pour eux et pour tous les autres. Parce qu&rsquo;il y en a beaucoup dans les prisons, des bandes. \u00bb<\/p>\n<p>D\u00e9tention dans un lieu secret<\/p>\n<p>Depuis<strong><a href=\"https:\/\/www.rfi.fr\/fr\/moyen-orient\/20250702-iran-les-fran\u00e7ais-c\u00e9cile-kohler-et-jacques-paris-inculp\u00e9s-d-espionnage-pour-le-compte-d-isra\u00ebl\" rel=\"nofollow noopener\" target=\"_blank\" data-ylk=\"slk:leur inculpation pour espionnage au profit d\u2019Isra\u00ebl;elm:context_link;itc:0;sec:content-canvas\" class=\"link \"> leur inculpation pour espionnage au profit d\u2019Isra\u00ebl<\/a><\/strong>, C\u00e9cile Kohler et Jacques Paris sont maintenus dans un lieu tenu secret. En milieu de semaine, ils ont re\u00e7u une visite consulaire.<\/p>\n<p><strong><a href=\"https:\/\/www.rfi.fr\/fr\/tag\/emmanuel-macron\/\" class=\"link \" rel=\"nofollow noopener\" target=\"_blank\" data-ylk=\"slk:Emmanuel Macron;elm:context_link;itc:0;sec:content-canvas\">Emmanuel Macron<\/a><\/strong> a menac\u00e9 l\u2019Iran de mesures de r\u00e9torsion s\u2019il maintenait l\u2019inculpation pour espionnage au profit d\u2019Isra\u00ebl.<\/p>\n<p><a href=\"https:\/\/www.rfi.fr\/fr\/moyen-orient\/20250706-iran-rassemblement-de-soutien-%C3%A0-paris-pour-la-lib%C3%A9ration-de-c%C3%A9cile-kohler-et-jacques-paris\" rel=\"nofollow noopener\" target=\"_blank\" data-ylk=\"slk:Lire la suite sur RFI;elm:context_link;itc:0;sec:content-canvas\" class=\"link \">Lire la suite sur RFI<\/a><\/p>\n","protected":false},"excerpt":{"rendered":"Rescap\u00e9s de la prison d\u2019Evin, bombard\u00e9e le mois dernier par les forces isra\u00e9liennes, les Fran\u00e7ais Jacques Paris, 72&hellip;\n","protected":false},"author":2,"featured_media":231340,"comment_status":"","ping_status":"","sticky":false,"template":"","format":"standard","meta":{"footnotes":""},"categories":[1888],"tags":[1111,1928,11,1927,37033,1777,674,1011,27,18926,8550,37034,37032,12,1926,626,1925,25],"class_list":{"0":"post-231339","1":"post","2":"type-post","3":"status-publish","4":"format-standard","5":"has-post-thumbnail","7":"category-paris","8":"tag-actu","9":"tag-actu-paris","10":"tag-actualites","11":"tag-actualites-paris","12":"tag-cecile-kohler","13":"tag-eu","14":"tag-europe","15":"tag-fr","16":"tag-france","17":"tag-jacques-paris","18":"tag-la-prison","19":"tag-le-pantheon","20":"tag-mesures-de-retorsion","21":"tag-news","22":"tag-news-paris","23":"tag-paris","24":"tag-paris-news","25":"tag-republique-francaise"},"share_on_mastodon":{"url":"https:\/\/pubeurope.com\/@fr\/114808581211855832","error":""},"_links":{"self":[{"href":"https:\/\/www.europesays.com\/fr\/wp-json\/wp\/v2\/posts\/231339","targetHints":{"allow":["GET"]}}],"collection":[{"href":"https:\/\/www.europesays.com\/fr\/wp-json\/wp\/v2\/posts"}],"about":[{"href":"https:\/\/www.europesays.com\/fr\/wp-json\/wp\/v2\/types\/post"}],"author":[{"embeddable":true,"href":"https:\/\/www.europesays.com\/fr\/wp-json\/wp\/v2\/users\/2"}],"replies":[{"embeddable":true,"href":"https:\/\/www.europesays.com\/fr\/wp-json\/wp\/v2\/comments?post=231339"}],"version-history":[{"count":0,"href":"https:\/\/www.europesays.com\/fr\/wp-json\/wp\/v2\/posts\/231339\/revisions"}],"wp:featuredmedia":[{"embeddable":true,"href":"https:\/\/www.europesays.com\/fr\/wp-json\/wp\/v2\/media\/231340"}],"wp:attachment":[{"href":"https:\/\/www.europesays.com\/fr\/wp-json\/wp\/v2\/media?parent=231339"}],"wp:term":[{"taxonomy":"category","embeddable":true,"href":"https:\/\/www.europesays.com\/fr\/wp-json\/wp\/v2\/categories?post=231339"},{"taxonomy":"post_tag","embeddable":true,"href":"https:\/\/www.europesays.com\/fr\/wp-json\/wp\/v2\/tags?post=231339"}],"curies":[{"name":"wp","href":"https:\/\/api.w.org\/{rel}","templated":true}]}}