{"id":231341,"date":"2025-07-06T22:11:10","date_gmt":"2025-07-06T22:11:10","guid":{"rendered":"https:\/\/www.europesays.com\/fr\/231341\/"},"modified":"2025-07-06T22:11:10","modified_gmt":"2025-07-06T22:11:10","slug":"diana-ross-en-concert-a-laccor-arena-a-81-ans-la-diva-soul-a-fait-danser-ses-fans-a-plein-tubes","status":"publish","type":"post","link":"https:\/\/www.europesays.com\/fr\/231341\/","title":{"rendered":"Diana Ross en concert \u00e0 l\u2019Accor Arena\u00a0: \u00e0 81\u00a0ans, la diva soul a fait danser ses fans \u00e0 plein tubes"},"content":{"rendered":"<p class=\"paragraph text_align_left lp-f-body-02\">On a attendu pr\u00e8s de deux d\u00e9cennies, on peut patienter encore quelques minutes. Car avant de voir enfin Diana Ross en chair et en os, et en musique, elle appara\u00eet d\u2019abord en images sur un grand \u00e9cran qui diffuse un long film o\u00f9 elle raconte son parcours : son enfance modeste \u00e0 Detroit, son c\u00f4t\u00e9 gar\u00e7on manqu\u00e9, ses envies d\u00e8s le plus jeune \u00e2ge, la cr\u00e9ation des Supremes notamment avec ses voisines puis l\u2019aventure en solo, ses duos avec Lionel Richie ou Marvin Gaye. La salle vibre en entendant d\u00e9j\u00e0 des extraits de \u00ab Chain reaction \u00bb ou \u00ab Upside down \u00bb.<\/p>\n","protected":false},"excerpt":{"rendered":"On a attendu pr\u00e8s de deux d\u00e9cennies, on peut patienter encore quelques minutes. Car avant de voir enfin&hellip;\n","protected":false},"author":2,"featured_media":231342,"comment_status":"","ping_status":"","sticky":false,"template":"","format":"standard","meta":{"footnotes":""},"categories":[1888],"tags":[11,872,1777,674,1011,27,873,12,626,25],"class_list":{"0":"post-231341","1":"post","2":"type-post","3":"status-publish","4":"format-standard","5":"has-post-thumbnail","7":"category-paris","8":"tag-actualites","9":"tag-culture-et-loisirs","10":"tag-eu","11":"tag-europe","12":"tag-fr","13":"tag-france","14":"tag-musique","15":"tag-news","16":"tag-paris","17":"tag-republique-francaise"},"share_on_mastodon":{"url":"https:\/\/pubeurope.com\/@fr\/114808585406919212","error":""},"_links":{"self":[{"href":"https:\/\/www.europesays.com\/fr\/wp-json\/wp\/v2\/posts\/231341","targetHints":{"allow":["GET"]}}],"collection":[{"href":"https:\/\/www.europesays.com\/fr\/wp-json\/wp\/v2\/posts"}],"about":[{"href":"https:\/\/www.europesays.com\/fr\/wp-json\/wp\/v2\/types\/post"}],"author":[{"embeddable":true,"href":"https:\/\/www.europesays.com\/fr\/wp-json\/wp\/v2\/users\/2"}],"replies":[{"embeddable":true,"href":"https:\/\/www.europesays.com\/fr\/wp-json\/wp\/v2\/comments?post=231341"}],"version-history":[{"count":0,"href":"https:\/\/www.europesays.com\/fr\/wp-json\/wp\/v2\/posts\/231341\/revisions"}],"wp:featuredmedia":[{"embeddable":true,"href":"https:\/\/www.europesays.com\/fr\/wp-json\/wp\/v2\/media\/231342"}],"wp:attachment":[{"href":"https:\/\/www.europesays.com\/fr\/wp-json\/wp\/v2\/media?parent=231341"}],"wp:term":[{"taxonomy":"category","embeddable":true,"href":"https:\/\/www.europesays.com\/fr\/wp-json\/wp\/v2\/categories?post=231341"},{"taxonomy":"post_tag","embeddable":true,"href":"https:\/\/www.europesays.com\/fr\/wp-json\/wp\/v2\/tags?post=231341"}],"curies":[{"name":"wp","href":"https:\/\/api.w.org\/{rel}","templated":true}]}}