{"id":231343,"date":"2025-07-06T22:12:11","date_gmt":"2025-07-06T22:12:11","guid":{"rendered":"https:\/\/www.europesays.com\/fr\/231343\/"},"modified":"2025-07-06T22:12:11","modified_gmt":"2025-07-06T22:12:11","slug":"quelles-perturbations-prevoir-pour-la-ratp-et-la-sncf-cette-semaine-21","status":"publish","type":"post","link":"https:\/\/www.europesays.com\/fr\/231343\/","title":{"rendered":"Quelles perturbations pr\u00e9voir pour la RATP et la SNCF cette semaine\u00a0?"},"content":{"rendered":"<p>D\u00e8s la premi\u00e8re semaine des vacances estivales (7-13 juillet), le trafic sera perturb\u00e9 dans le RER, le m\u00e9tro, le transilien et le tramway. Voici les changements sur les lignes concern\u00e9s, \u00e0 Paris et en \u00cele-de-France, afin de mieux appr\u00e9hender les d\u00e9placements dans la capitale et sa r\u00e9gion.<\/p>\n<p>M\u00e9tro<\/p>\n<ul>\n<li>Ligne 3\u00a0: jusqu\u2019au 3\u00a0ao\u00fbt, le trafic sera interrompu entre Op\u00e9ra et Gallieni (travaux). Des bus de substitution seront mis en place entre R\u00e9publique et Gallieni.<\/li>\n<li>Ligne 4\u00a0: jusqu\u2019au lundi 14\u00a0juillet, le trafic sera interrompu entre Les Halles et Porte d\u2019Orl\u00e9ans (travaux). Des bus de substitution seront mis en place.<\/li>\n<li>Ligne 6\u00a0: jusqu\u2019au 28\u00a0septembre, l\u2019arr\u00eat n\u2019est pas desservi \u00e0 Cambronne (travaux).<\/li>\n<li>Ligne 14\u00a0: jusqu\u2019au 23\u00a0juillet, le mercredi \u00e0 partir de 22 heures, le trafic sera interrompu sur l\u2019ensemble de la ligne en raison de travaux.<\/li>\n<\/ul>\n<p>RER<\/p>\n<ul>\n<li><a href=\"https:\/\/www.20minutes.fr\/paris\/rer_a\/\" class=\"color-ultramarine c-link\" target=\"_blank\" rel=\"noopener\">RER A<\/a>\u00a0: du lundi\u00a07 au vendredi 11\u00a0juillet, d\u00e8s 22h15, le trafic sera interrompu entre Maisons-Laffitte et Poissy (travaux). Des bus de substitution seront mis en place entre Sartrouville et Poissy.<\/li>\n<li>RER B\u00a0: du lundi\u00a07 au jeudi 10\u00a0juillet, d\u00e8s 22h45, le trafic sera interrompu entre Gare du Nord et A\u00e9roport Charles de Gaulle 2 \u2013 TGV via Mitry \u2013 Claye (travaux). Des bus de substitution seront mis en place. Week-end du 12,13 et 14\u00a0juillet, changement de train n\u00e9cessaire en Gare du Nord, entre les voies souterraines et les voies de surface.<\/li>\n<li>RER C\u00a0: jusqu\u2019au 31\u00a0juillet, l\u2019arr\u00eat n\u2019est pas desservi \u00e0 Issy vers Massy \u2013 Palaiseau, Saint-Martin d\u2019\u00c9tampes et Dourdan la For\u00eat (mesures de s\u00e9curit\u00e9). Dimanche 13\u00a0juillet, le trafic sera interrompu entre Dourdan et Paris Austerlitz, \u2013 et entre Saint-Martin d\u2019Etampes et Paris Austerlitz. Des bus de substitution seront mis en place (travaux). Du lundi\u00a07 au vendredi 11\u00a0juillet, le trafic sera interrompu ente Paris Austerlitz et Juvisy via Choisy le Roi d\u00e8s 23 heures. Des bus de substitution seront mis en place (travaux). Du lundi\u00a07 au vendredi 11\u00a0juillet, le trafic sera interrompu entre Avenue Henri Martin et Pontoise d\u00e8s 23 heures. Dernier train au d\u00e9part d\u2019Avenue Henri Martin. Des bus de substitution seront mis en place. Du lundi\u00a07 au vendredi 11\u00a0juillet, le trafic sera interrompu entre Paris Austerlitz et Pont de Rungis d\u00e8s 23 heures (se reporter sur les lignes du M\u00e9tro, les tramways et les lignes de bus de ville). Du lundi\u00a07 au vendredi 11\u00a0juillet, le trafic sera interrompu de Javel \u00e0 St-Quentin en Yvelines d\u00e8s 23h30 (travaux sur le r\u00e9seau ferroviaire). Du 7 au 11\u00a0juillet, le trafic sera interrompu entre Versailles Ch\u00e2teau Rive Gauche et Javel d\u00e8s 23h30. Report sur la ligne N ou les lignes de bus de ville 169,171 (travaux sur le r\u00e9seau ferroviaire). Samedi\u00a012 et dimanche 13\u00a0juillet, le trafic sera interrompu entre Massy-Palaiseau et Pont de Rungis. Des bus de substitution seront mis en place, avec desserte des gares interm\u00e9diaires. Motif\u00a0: Cr\u00e9ation d\u2019une voie d\u00e9di\u00e9e aux <a href=\"https:\/\/www.20minutes.fr\/dossier\/tgv\" class=\"color-ultramarine c-link\" target=\"_blank\" rel=\"noopener\">TGV<\/a><\/li>\n<li>RER D\u00a0: samedi\u00a012 et dimanche 13\u00a0juillet, le trafic sera interrompu entre Combs-la-Ville \u2013 Quincy et Melun. Des bus de substitution seront mis en place, avec desserte des gares interm\u00e9diaires (travaux). Du lundi\u00a07 au dimanche 13\u00a0juillet, le trafic sera interrompu entre Creil et Paris Gare du Nord d\u00e8s 23h35. Des bus de substitution seront mis en place (travaux sur le r\u00e9seau ferroviaire). Du lundi\u00a07 au vendredi 11\u00a0juillet, le trafic sera interrompu entre Villeneuve S Georges et Corbeil-Essonnes. Des bus de substitution seront mis en place (travaux). Du lundi\u00a07 au vendredi 11\u00a0juillet \u00e0 partir de 23h20, le trafic sera interrompu entre Gare du Nord et Creil (travaux). Des bus de substitution seront mis en place. Du lundi\u00a07 au vendredi 11\u00a0juillet, de 9h30 \u00e0 16h30, le trafic est all\u00e9g\u00e9 entre Combs-la-Ville \u2013 Quincy et Melun, seul un train sur deux en circulation (travaux sur le r\u00e9seau ferroviaire). Vendredi 11\u00a0juillet, le trafic sera interrompu entre Combs-la-Ville \u2013 Quincy et Melun d\u00e8s 22h30. Des bus de substitution seront mis en place (travaux). Du samedi\u00a012 au lundi 14\u00a0juillet. Le trafic sera interrompu entre Paris Gare de Lyon et Paris Gare du Nord. La gare de Stade de France n\u2019est pas desservie. Des bus de substitution seront mis en place (travaux). Du lundi\u00a07 au vendredi 11\u00a0juillet, apr\u00e8s 23h, les trains ne marquent pas l\u2019arr\u00eat \u00e0 Maisons-Alfort, Vert de Maisons, Cr\u00e9teil Pompadour et Villeneuve-Triage dans les deux sens de circulation (travaux).<\/li>\n<li>RER E\u00a0: le lundi\u00a07 et mardi 8\u00a0juillet, d\u00e8s 20h00, entre Nanterre-La-Folie et Tournan, d\u00e8s 22h30, entre Nanterre-La-Folie et Villiers-sur-Marne \u2013 Le Plessis-Tr\u00e9vise (travaux). M\u00eame chose du mercredi\u00a09 au vendredi 11\u00a0juillet. Samedi\u00a012 et dimanche 13\u00a0juillet, \u00e0 partir de 22h25, le trafic sera interrompu entre Nanterre-la-Folie et <a href=\"https:\/\/www.20minutes.fr\/dossier\/villiers_sur_marne\" class=\"color-ultramarine c-link\" target=\"_blank\" rel=\"noopener\">Villiers-sur-Marne<\/a> \u2013 Le Plessis-Tr\u00e9vise et entre Nanterre-la-Folie et Tournan (travaux). Samedi\u00a012 et dimanche 13\u00a0juillet, \u00e0 partir de 22h45, le trafic sera interrompu entre Nanterre-la-Folie et Chelles Gournay (travaux). Des bus de substitution seront mis en place.<\/li>\n<\/ul>\n<p>Transilien<\/p>\n<ul>\n<li>Ligne H\u00a0: du lundi\u00a07 au vendredi 11\u00a0juillet, le trafic sera interrompu entre Paris Gare du Nord et <a href=\"https:\/\/www.20minutes.fr\/dossier\/pontoise\" class=\"color-ultramarine c-link\" target=\"_blank\" rel=\"noopener\">Pontoise<\/a> en soir\u00e9e. Des bus de substitution seront mis en place (travaux). Il en va de m\u00eame entre Paris Gare du Nord et Persan \u2013 Beaumont via Montsoult \u2013 Maffliers. Des bus de substitution seront mis en place \u00e0 GDN (travaux). M\u00eame chose ce samedi\u00a012 et dimanche 13\u00a0juillet toute la journ\u00e9e entre Persan \u2013 Beaumont et Creil. Des bus de substitution seront mis en place, avec desserte des gares interm\u00e9diaires (travaux). Du lundi\u00a07 au vendredi 11\u00a0juillet, en soir\u00e9e, le trafic sera interrompu entre Paris Gare du Nord et Persan \u2013 Beaumont via Valmondois. Des bus de substitution seront mis en place (dalle routi\u00e8re de Paris Nord), en raison de travaux.<\/li>\n<li>Ligne J\u00a0: du lundi\u00a07 au vendredi 11\u00a0juillet, le trafic sera interrompu entre Paris Saint-Lazare et Mantes la Jolie via Poissy \u00e0 partir de 21h40 (travaux). Des bus de substitution seront mis en place. Les deux derniers trains au d\u00e9part de Paris Saint-Lazare et \u00e0 destination de Mantes la Jolie via Conflans Sainte-Honorine sont terminus en gare d&rsquo;Issou Porcheville. Du lundi\u00a07 au vendredi 11\u00a0juillet, les deux derniers trains au d\u00e9part de Paris Saint-Lazare et \u00e0 destination de Mantes la Jolie via Conflans Sainte-Honorine sont terminus en gare d&rsquo;Issou Porcheville. Des bus de substitution seront mis en place entre Issou Porcheville et Mantes la Jolie, avec desserte des gares interm\u00e9diaires (travaux).<\/li>\n<li>Ligne K\u00a0: du lundi\u00a07 au dimanche 13\u00a0juillet, le trafic sera interrompu entre Paris Gare du Nord et Cr\u00e9py-en-Valois en soir\u00e9e. Du samedi\u00a012 au lundi 14\u00a0juillet, le trafic sera interrompu entre Paris Gare du Nord et Aulnay-sous-Bois. Veuillez emprunter le RER B entre Paris Gare du Nord et Aulnay-sous-Bois puis un train de la ligne K entre <a href=\"https:\/\/www.20minutes.fr\/economie\/aulnay\/\" class=\"color-ultramarine c-link\" target=\"_blank\" rel=\"noopener\">Aulnay-sous-Bois<\/a> et Cr\u00e9py en Valois (travaux).<\/li>\n<li>Ligne N\u00a0: du lundi\u00a07 au vendredi 11\u00a0juillet, le trafic sera interrompu de Paris Montparnasse vers Mantes-la-Jolie d\u00e8s 21 heures (travaux). M\u00eame chose entre Paris Montparnasse vers Rambouillet \u00e0 partir de 0h35. M\u00eame chose entre Paris Montparnasse et Dreux d\u00e8s 22 heures.<\/li>\n<li>Ligne P\u00a0: du lundi\u00a07 au vendredi 11\u00a0juillet, d\u00e8s 20h45, le trafic est interrompu entre Paris Est et Provins. Du lundi\u00a07 au dimanche 13\u00a0juillet, le trafic sera interrompu entre Paris Est et Ch\u00e2teau-Thierry d\u00e8s 22 heures (travaux). Samedi\u00a012 et dimanche 13\u00a0juillet, d\u00e8s 23 heures, le trafic sera interrompu entre Paris Est et Ch\u00e2teau-Thierry. Des bus de substitution seront mis en place. Travaux. Samedi\u00a012 et dimanche 13\u00a0juillet, d\u00e8s 22h30, le trafic sera interrompu entre Paris Est et Coulommiers (travaux). Du lundi\u00a07 au vendredi 11\u00a0juillet, 22h20 \u00e0 02h50, le trafic sera interrompu entre Paris Est et <a href=\"https:\/\/www.20minutes.fr\/dossier\/meaux\" class=\"color-ultramarine c-link\" target=\"_blank\" rel=\"noopener\">Meaux<\/a> (travaux).<\/li>\n<li>Ligne R\u00a0: du lundi au vendredi, le trafic sera interrompu entre Moret Veneux les S. et Montargis \u00e0 partir de minuit. Des bus de substitution seront mis en place.<\/li>\n<li>Ligne V\u00a0: samedi\u00a012 et dimanche 13\u00a0juillet Le trafic sera interrompu sur l\u2019ensemble de la ligne V. Des bus de substitution seront mis en place (travaux).<\/li>\n<\/ul>\n<p>Tramway<\/p>\n<ul>\n<li>T1\u00a0: Le trafic sera interrompu entre <a href=\"https:\/\/www.20minutes.fr\/dossier\/asnieres\" class=\"color-ultramarine c-link\" target=\"_blank\" rel=\"noopener\">Asni\u00e8res<\/a> \u2013 Quatre Routes et Gare de Saint-Denis et perturb\u00e9 sur le reste de la ligne (d\u00e9gradation par un tiers \u00e0 L\u2019\u00cele-Saint-Denis). Aucune reprise pr\u00e9vue jusqu\u2019\u00e0 nouvel ordre.<\/li>\n<li>T2\u00a0: jusqu\u2019au 2\u00a0novembre 2025, le trafic sera interrompu entre Porte de Versailles et Suzanne Lenglen (travaux).<\/li>\n<li>Pour rejoindre la Porte de Versailles, depuis Suzanne Lenglen, allez \u00e0 la station Balard du T3a \u00e0 pied.<\/li>\n<li>T12\u00a0: du samedi\u00a012 au dimanche 13\u00a0juillet, le trafic sera interrompu entre Massy-Palaiseau et \u00c9pinay-sur-Orge. Des bus de substitution seront mis en place, avec desserte des gares interm\u00e9diaires (travaux Grand Paris Express pour le <a href=\"https:\/\/www.20minutes.fr\/dossier\/metro\" class=\"color-ultramarine c-link\" target=\"_blank\" rel=\"noopener\">M\u00e9tro<\/a> 18).<\/li>\n<\/ul>\n","protected":false},"excerpt":{"rendered":"D\u00e8s la premi\u00e8re semaine des vacances estivales (7-13 juillet), le trafic sera perturb\u00e9 dans le RER, le m\u00e9tro,&hellip;\n","protected":false},"author":2,"featured_media":231344,"comment_status":"","ping_status":"","sticky":false,"template":"","format":"standard","meta":{"footnotes":""},"categories":[1888],"tags":[11,1777,674,1011,27,662,12,626,625,1306,25,17235],"class_list":{"0":"post-231343","1":"post","2":"type-post","3":"status-publish","4":"format-standard","5":"has-post-thumbnail","7":"category-paris","8":"tag-actualites","9":"tag-eu","10":"tag-europe","11":"tag-fr","12":"tag-france","13":"tag-ile-de-france","14":"tag-news","15":"tag-paris","16":"tag-ratp","17":"tag-regions","18":"tag-republique-francaise","19":"tag-rer-b"},"share_on_mastodon":{"url":"https:\/\/pubeurope.com\/@fr\/114808589240877696","error":""},"_links":{"self":[{"href":"https:\/\/www.europesays.com\/fr\/wp-json\/wp\/v2\/posts\/231343","targetHints":{"allow":["GET"]}}],"collection":[{"href":"https:\/\/www.europesays.com\/fr\/wp-json\/wp\/v2\/posts"}],"about":[{"href":"https:\/\/www.europesays.com\/fr\/wp-json\/wp\/v2\/types\/post"}],"author":[{"embeddable":true,"href":"https:\/\/www.europesays.com\/fr\/wp-json\/wp\/v2\/users\/2"}],"replies":[{"embeddable":true,"href":"https:\/\/www.europesays.com\/fr\/wp-json\/wp\/v2\/comments?post=231343"}],"version-history":[{"count":0,"href":"https:\/\/www.europesays.com\/fr\/wp-json\/wp\/v2\/posts\/231343\/revisions"}],"wp:featuredmedia":[{"embeddable":true,"href":"https:\/\/www.europesays.com\/fr\/wp-json\/wp\/v2\/media\/231344"}],"wp:attachment":[{"href":"https:\/\/www.europesays.com\/fr\/wp-json\/wp\/v2\/media?parent=231343"}],"wp:term":[{"taxonomy":"category","embeddable":true,"href":"https:\/\/www.europesays.com\/fr\/wp-json\/wp\/v2\/categories?post=231343"},{"taxonomy":"post_tag","embeddable":true,"href":"https:\/\/www.europesays.com\/fr\/wp-json\/wp\/v2\/tags?post=231343"}],"curies":[{"name":"wp","href":"https:\/\/api.w.org\/{rel}","templated":true}]}}