{"id":231349,"date":"2025-07-06T22:15:17","date_gmt":"2025-07-06T22:15:17","guid":{"rendered":"https:\/\/www.europesays.com\/fr\/231349\/"},"modified":"2025-07-06T22:15:17","modified_gmt":"2025-07-06T22:15:17","slug":"selon-the-information-tiktok-developpe-une-nouvelle-version-de-lapplication-avant-une-vente-prevue-aux-etats-unis-06-07-2025-a-1845","status":"publish","type":"post","link":"https:\/\/www.europesays.com\/fr\/231349\/","title":{"rendered":"Selon The Information, TikTok d\u00e9veloppe une nouvelle version de l&rsquo;application avant une vente pr\u00e9vue aux \u00c9tats-Unis &#8211; 06\/07\/2025 \u00e0 18:45"},"content":{"rendered":"<p>\n ((Traduction automatis\u00e9e par Reuters \u00e0 l&rsquo;aide de l&rsquo;apprentissage<br \/>\nautomatique et de l&rsquo;IA g\u00e9n\u00e9rative, veuillez vous r\u00e9f\u00e9rer \u00e0<br \/>\nl&rsquo;avertissement suivant: https:\/\/bit.ly\/rtrsauto))\n<\/p>\n<p>\n (Ajout de d\u00e9tails tir\u00e9s du rapport de The Information et<br \/>\nd&rsquo;\u00e9l\u00e9ments de contexte dans l&rsquo;ensemble de l&rsquo;article)\n<\/p>\n<p>\n TikTok est en train de construire une<br \/>\nnouvelle version de son application pour les utilisateurs aux<br \/>\n\u00c9tats-Unis avant une vente pr\u00e9vue de l&rsquo;application \u00e0 un groupe<br \/>\nd&rsquo;investisseurs, a rapport\u00e9 The Information dimanche, citant des<br \/>\nsources anonymes.\n<\/p>\n<p>\n Cela intervient alors que le pr\u00e9sident am\u00e9ricain Donald Trump<br \/>\n a d\u00e9clar\u00e9 vendredi qu&rsquo;il commencerait \u00e0 parler \u00e0 la Chine<br \/>\nlundi ou mardi au sujet d&rsquo;un \u00e9ventuel accord avec TikTok .\n<\/p>\n<p>\n Il a d\u00e9clar\u00e9 que les \u00c9tats-Unis avaient \u00ab\u00a0\u00e0 peu pr\u00e8s\u00a0\u00bb conclu un<br \/>\naccord sur la vente de l&rsquo;application de vid\u00e9os courtes TikTok.\n<\/p>\n<p>\n TikTok a \u00e9labor\u00e9 un plan pour lancer la nouvelle application<br \/>\ndans les magasins d&rsquo;applications am\u00e9ricains le 5 septembre,<br \/>\nselon le rapport.\n<\/p>\n<p>\n Le mois dernier, Donald Trump a repouss\u00e9 au 17 septembre la<br \/>\ndate limite \u00e0 laquelle ByteDance, bas\u00e9 en Chine, devait c\u00e9der<br \/>\nles actifs am\u00e9ricains de TikTok.\n<\/p>\n<p>\n Le rapport ajoute que les utilisateurs de TikTok devront<br \/>\nfinalement t\u00e9l\u00e9charger la nouvelle application pour pouvoir<br \/>\ncontinuer \u00e0 utiliser le service, m\u00eame si l&rsquo;application existante<br \/>\nfonctionnera jusqu&rsquo;en mars de l&rsquo;ann\u00e9e prochaine, bien que le<br \/>\ncalendrier puisse changer.\n<\/p>\n<p>\n TikTok n&rsquo;a pas r\u00e9pondu imm\u00e9diatement \u00e0 une demande de<br \/>\ncommentaire de Reuters. Reuters n&rsquo;a pas pu confirmer<br \/>\nimm\u00e9diatement l&rsquo;information.\n<\/p>\n<p>\n Au d\u00e9but de l&rsquo;ann\u00e9e, un accord avait \u00e9t\u00e9 conclu pour que les<br \/>\nactivit\u00e9s am\u00e9ricaines de TikTok soient int\u00e9gr\u00e9es dans une<br \/>\nnouvelle soci\u00e9t\u00e9 bas\u00e9e aux \u00c9tats-Unis, d\u00e9tenue et g\u00e9r\u00e9e<br \/>\nmajoritairement par des investisseurs am\u00e9ricains. Ce projet a<br \/>\n\u00e9t\u00e9 suspendu apr\u00e8s que la Chine a indiqu\u00e9 qu&rsquo;elle ne<br \/>\nl&rsquo;approuverait pas \u00e0 la suite de l&rsquo;annonce par Donald Trump de<br \/>\ndroits de douane \u00e9lev\u00e9s  sur les produits chinois.\n<\/p>\n<p>\n Donald Trump a d\u00e9clar\u00e9 que les \u00c9tats-Unis devraient<br \/>\nprobablement faire approuver un accord par la Chine.<\/p>\n","protected":false},"excerpt":{"rendered":"((Traduction automatis\u00e9e par Reuters \u00e0 l&rsquo;aide de l&rsquo;apprentissage automatique et de l&rsquo;IA g\u00e9n\u00e9rative, veuillez vous r\u00e9f\u00e9rer \u00e0 l&rsquo;avertissement&hellip;\n","protected":false},"author":2,"featured_media":2554,"comment_status":"","ping_status":"","sticky":false,"template":"","format":"standard","meta":{"footnotes":""},"categories":[1589],"tags":[400,11,398,408,405,73,1866,403,402,399,404,12,401,406,1864,1865,1863,308,407],"class_list":{"0":"post-231349","1":"post","2":"type-post","3":"status-publish","4":"format-standard","5":"has-post-thumbnail","7":"category-etats-unis","8":"tag-action-cac-40","9":"tag-actualites","10":"tag-bourse-de-paris","11":"tag-boursorama","12":"tag-cotations","13":"tag-etats-unis","14":"tag-etats-unis-damerique","15":"tag-indices-devises","16":"tag-investir","17":"tag-investissement","18":"tag-marche-boursier","19":"tag-news","20":"tag-sicav","21":"tag-trackers","22":"tag-united-states","23":"tag-united-states-of-america","24":"tag-us","25":"tag-usa","26":"tag-warrants"},"share_on_mastodon":{"url":"https:\/\/pubeurope.com\/@fr\/114808601085705577","error":""},"_links":{"self":[{"href":"https:\/\/www.europesays.com\/fr\/wp-json\/wp\/v2\/posts\/231349","targetHints":{"allow":["GET"]}}],"collection":[{"href":"https:\/\/www.europesays.com\/fr\/wp-json\/wp\/v2\/posts"}],"about":[{"href":"https:\/\/www.europesays.com\/fr\/wp-json\/wp\/v2\/types\/post"}],"author":[{"embeddable":true,"href":"https:\/\/www.europesays.com\/fr\/wp-json\/wp\/v2\/users\/2"}],"replies":[{"embeddable":true,"href":"https:\/\/www.europesays.com\/fr\/wp-json\/wp\/v2\/comments?post=231349"}],"version-history":[{"count":0,"href":"https:\/\/www.europesays.com\/fr\/wp-json\/wp\/v2\/posts\/231349\/revisions"}],"wp:featuredmedia":[{"embeddable":true,"href":"https:\/\/www.europesays.com\/fr\/wp-json\/wp\/v2\/media\/2554"}],"wp:attachment":[{"href":"https:\/\/www.europesays.com\/fr\/wp-json\/wp\/v2\/media?parent=231349"}],"wp:term":[{"taxonomy":"category","embeddable":true,"href":"https:\/\/www.europesays.com\/fr\/wp-json\/wp\/v2\/categories?post=231349"},{"taxonomy":"post_tag","embeddable":true,"href":"https:\/\/www.europesays.com\/fr\/wp-json\/wp\/v2\/tags?post=231349"}],"curies":[{"name":"wp","href":"https:\/\/api.w.org\/{rel}","templated":true}]}}