{"id":231352,"date":"2025-07-06T22:17:11","date_gmt":"2025-07-06T22:17:11","guid":{"rendered":"https:\/\/www.europesays.com\/fr\/231352\/"},"modified":"2025-07-06T22:17:11","modified_gmt":"2025-07-06T22:17:11","slug":"en-allemagne-sahra-wagenknecht-leader-dun-parti-de-gauche-radicale-fait-des-appels-du-pied-a-lafd","status":"publish","type":"post","link":"https:\/\/www.europesays.com\/fr\/231352\/","title":{"rendered":"En Allemagne, Sahra Wagenknecht, leader d\u2019un parti de gauche radicale, fait des appels du pied \u00e0 l\u2019AfD"},"content":{"rendered":"<p>                         <img loading=\"lazy\" decoding=\"async\" src=\"https:\/\/www.europesays.com\/fr\/wp-content\/uploads\/2025\/07\/429aabf_upload-1-x6pp78s5qgz1-000-37288z6.jpg\" alt=\"Sahra Wagenknecht, au Bundestag, \u00e0 Berlin, le 13\u00a0mars 2025.\"   width=\"664\" height=\"443\"\/>    Sahra Wagenknecht, au Bundestag, \u00e0 Berlin, le 13\u00a0mars 2025.  TOBIAS SCHWARZ\/AFP                 <\/p>\n<p class=\"article__paragraph  \">Ph\u00e9nom\u00e8ne politique dans l\u2019est de l\u2019Allemagne, Sahra Wagenknecht, fondatrice du mouvement de gauche radicale auquel elle a donn\u00e9 son nom B\u00fcndnis Sahra Wagenknecht (BSW), pourrait-elle s\u2019allier avec le parti d\u2019extr\u00eame droite\u00a0Alternative f\u00fcr Deutschland (AfD), lui permettant ainsi de gouverner dans certains L\u00e4nder\u00a0? Des d\u00e9clarations ambigu\u00ebs prononc\u00e9es par les dirigeants des deux partis semblent indiquer des r\u00e9flexions en ce sens qui, si elles se confirment, repr\u00e9senteraient un tournant pour le parti d\u2019extr\u00eame droite, en particulier dans la perspective des \u00e9lections r\u00e9gionales de 2026. Bien que l\u2019AfD soit arriv\u00e9e deuxi\u00e8me aux \u00e9lections f\u00e9d\u00e9rales du 23\u00a0f\u00e9vrier et qu\u2019elle occupe depuis un quart des si\u00e8ges au Bundestag, aucun parti ne veut pour l\u2019instant former de coalition avec elle, ni au niveau f\u00e9d\u00e9ral, ni au niveau r\u00e9gional.<\/p>\n<p class=\"article__paragraph  \">C\u2019est le copr\u00e9sident de l\u2019AfD, Tino Chrupalla, qui a ouvert le front sur Welt TV vendredi 3\u00a0juillet affirmant que des discussions avaient d\u00e9j\u00e0 lieu avec le BSW, concernant en particulier \u00ab\u00a0la mani\u00e8re dont on peut changer les majorit\u00e9s\u00a0\u00bb, a-t-il d\u00e9taill\u00e9. \u00ab\u00a0Si vous me demandez si je parlerais aussi avec M.\u00a0Chrupalla s\u2019il y avait une raison concr\u00e8te de le faire (\u2026) : oui, bien s\u00fbr\u00a0\u00bb, a r\u00e9pondu de son c\u00f4t\u00e9 Sahra Wagenknecht \u00e0 l\u2019agence de presse allemande DPA, sans confirmer l\u2019existence de discussions.<\/p>\n<p class=\"reading-mode-only \"><strong>Il vous reste 62.64% de cet article \u00e0 lire. La suite est r\u00e9serv\u00e9e aux abonn\u00e9s.<\/strong><\/p>\n","protected":false},"excerpt":{"rendered":"Sahra Wagenknecht, au Bundestag, \u00e0 Berlin, le 13\u00a0mars 2025. TOBIAS SCHWARZ\/AFP Ph\u00e9nom\u00e8ne politique dans l\u2019est de l\u2019Allemagne, Sahra&hellip;\n","protected":false},"author":2,"featured_media":231353,"comment_status":"","ping_status":"","sticky":false,"template":"","format":"standard","meta":{"footnotes":""},"categories":[1587],"tags":[11,672,1804,1805,1803,1777,674,1801,12,1802],"class_list":{"0":"post-231352","1":"post","2":"type-post","3":"status-publish","4":"format-standard","5":"has-post-thumbnail","7":"category-allemagne","8":"tag-actualites","9":"tag-allemagne","10":"tag-bundesrepublik-deutschland","11":"tag-de","12":"tag-deutschland","13":"tag-eu","14":"tag-europe","15":"tag-germany","16":"tag-news","17":"tag-republique-federale-dallemagne"},"share_on_mastodon":{"url":"https:\/\/pubeurope.com\/@fr\/114808608977177512","error":""},"_links":{"self":[{"href":"https:\/\/www.europesays.com\/fr\/wp-json\/wp\/v2\/posts\/231352","targetHints":{"allow":["GET"]}}],"collection":[{"href":"https:\/\/www.europesays.com\/fr\/wp-json\/wp\/v2\/posts"}],"about":[{"href":"https:\/\/www.europesays.com\/fr\/wp-json\/wp\/v2\/types\/post"}],"author":[{"embeddable":true,"href":"https:\/\/www.europesays.com\/fr\/wp-json\/wp\/v2\/users\/2"}],"replies":[{"embeddable":true,"href":"https:\/\/www.europesays.com\/fr\/wp-json\/wp\/v2\/comments?post=231352"}],"version-history":[{"count":0,"href":"https:\/\/www.europesays.com\/fr\/wp-json\/wp\/v2\/posts\/231352\/revisions"}],"wp:featuredmedia":[{"embeddable":true,"href":"https:\/\/www.europesays.com\/fr\/wp-json\/wp\/v2\/media\/231353"}],"wp:attachment":[{"href":"https:\/\/www.europesays.com\/fr\/wp-json\/wp\/v2\/media?parent=231352"}],"wp:term":[{"taxonomy":"category","embeddable":true,"href":"https:\/\/www.europesays.com\/fr\/wp-json\/wp\/v2\/categories?post=231352"},{"taxonomy":"post_tag","embeddable":true,"href":"https:\/\/www.europesays.com\/fr\/wp-json\/wp\/v2\/tags?post=231352"}],"curies":[{"name":"wp","href":"https:\/\/api.w.org\/{rel}","templated":true}]}}