{"id":231356,"date":"2025-07-06T22:19:14","date_gmt":"2025-07-06T22:19:14","guid":{"rendered":"https:\/\/www.europesays.com\/fr\/231356\/"},"modified":"2025-07-06T22:19:14","modified_gmt":"2025-07-06T22:19:14","slug":"le-defi-fou-de-louis-godeman-habitant-de-eu-de-26-ans","status":"publish","type":"post","link":"https:\/\/www.europesays.com\/fr\/231356\/","title":{"rendered":"le d\u00e9fi fou de Louis Godeman, habitant de Eu de 26 ans"},"content":{"rendered":"<p>            Par<br \/>\n        <strong><br \/>\n            <a href=\"https:\/\/actu.fr\/auteur\/jerome-buresi\" title=\"Consulter tous les articles de J\u00e9r\u00f4me Buresi\" target=\"_blank\" rel=\"noopener\">J\u00e9r\u00f4me Buresi<\/a><br \/>\n        <\/strong><\/p>\n<p>        Publi\u00e9 le<\/p>\n<p>            6 juil. 2025 \u00e0 20h00        <\/p>\n<p>\u00ab Je suis fier, mais en m\u00eame temps, je me dis que c\u2019est un peu dingue \u00bb. C\u2019est en effet un pari fou que s\u2019est lanc\u00e9 <b>Louis Godeman<\/b>, conducteur de travaux de 26 ans, habitant \u00e0 <a href=\"https:\/\/actu.fr\/normandie\/eu_76255\" target=\"_blank\" rel=\"noopener\">Eu<\/a>, en <b>Seine-Maritime<\/b>. Un d\u00e9fi que nous ne vous conseillons pas forc\u00e9ment d\u2019essayer de reproduire.<\/p>\n<p class=\" wall-content\">Il s\u2019est \u00e9lanc\u00e9 le 14\u00a0juin sur le mythique et redout\u00e9 <a href=\"https:\/\/www.le-gr20.fr\/\" target=\"_blank\" rel=\"noopener\">GR 20<\/a>.<\/p>\n<p class=\" wall-content\">Ce sentier de <b>grande randonn\u00e9e <\/b>est en effet consid\u00e9r\u00e9 comme l\u2019un des plus <b>difficiles <\/b>en Europe. Il traverse la Corse, du nord au sud, passant au c\u0153ur de la montagne.<\/p>\n<p class=\" wall-content\">Cela repr\u00e9sente presque 200\u00a0km.<\/p>\n<p>En solo<\/p>\n<p class=\" wall-content\">Louis Godeman s\u2019est compliqu\u00e9 la t\u00e2che, en le r\u00e9alisant en solo et en semi-autonomie, avec tout le mat\u00e9riel n\u00e9cessaire pour le bivouac. Il a souhait\u00e9 le r\u00e9aliser en version trail, c\u2019est-\u00e0-dire en courant\u2026 quand le relief le permettait.<\/p>\n<p class=\" wall-content\">\u00ab \u00c0 raison d\u2019une\u00a0\u00e9tape par jour, le p\u00e9riple est normalement de 16\u00a0jours. Mon objectif \u00e9tait de le faire en huit jours, mais je l\u2019ai fait finalement en six jours, soit 61 h 15 \u00bb, affirme le jeune homme.<\/p>\n<p>Vid\u00e9os : en ce moment sur Actu\u00ab Le d\u00e9passement de soi \u00bb<\/p>\n<p class=\" wall-content\">C\u2019\u00e9tait la premi\u00e8re fois qu\u2019il se lan\u00e7ait dans une telle \u00e9preuve\u2026 Il \u00e9tait d\u00e9j\u00e0 sportif et a notamment pratiqu\u00e9 le judo. Il s\u2019est entra\u00een\u00e9, mais sur le terrain du GR20, c\u2019est toujours plus difficile que l\u2019on peut se l\u2019imaginer.<\/p>\n<p class=\" wall-content\">\u00ab Ce qui m\u2019int\u00e9ressait, c\u2019\u00e9tait le challenge sportif, de vivre une aventure. C\u2019est une question de d\u00e9passement de soi \u00bb, indique Louis Godeman. Il a souhait\u00e9 t\u00e9moigner justement pour inciter tout le monde \u00e0 oser se lancer des d\u00e9fis, \u00e0 se d\u00e9passer.<\/p>\n<p class=\" wall-content\">Il est donc parti de <b>Calenzana<\/b>, pr\u00e8s de Calvi, en Haute-Corse. \u00ab Ce sont des paysages de dingue, avec toute cette faune et cette flore, m\u00eame si je restais concentr\u00e9 sur l\u2019\u00e9preuve \u00bb.<\/p>\n<p class=\" wall-content\">Difficile d\u2019avoir du r\u00e9seau. \u00ab Quand je le retrouvais, les messages de soutien de mes proches me redonnaient un coup de boost \u00bb. Il retient aussi les rencontres et les \u00e9changes de conseils avec les autres randonneurs et le bon accueil des Corses, dans les refuges. \u00ab Quand je disais que je venais de Eu, cela faisait rire mes interlocuteurs \u00bb.<\/p>\n<p class=\" wall-content\">Le p\u00e9riple aurait cependant pu tourner court. \u00ab J\u2019ai fait une grosse <b>chute<\/b> et je me suis bless\u00e9 \u00e0 la cheville. J\u2019\u00e9tais \u00e0 la fois en col\u00e8re et triste \u00e0 l\u2019id\u00e9e de devoir arr\u00eater. Un rouleau de strap et du mental, j\u2019ai poursuivi l\u2019aventure \u00bb.<\/p>\n<p class=\" wall-content\">Il est donc arriv\u00e9 \u00e0 <b>Conca<\/b>, en Corse-du-Sud. La photo pr\u00e8s du panneau d\u2019arriv\u00e9e du GR 20 est un passage oblig\u00e9 pour les <b>finisseurs<\/b>.<\/p>\n<p class=\" wall-content\">Si Louis Godeman parle \u00e0 pr\u00e9sent de vacances et de r\u00e9cup\u00e9ration\u2026 Il a une autre \u00e9pop\u00e9e sportive en t\u00eate : un trail de 120\u00a0km, dans le d\u00e9sert du <b>Maroc<\/b>, en octobre. \u00ab Ce sera tout \u00e0 fait autre chose, en raison du sable et de la chaleur \u00bb, souligne-t-il.<\/p>\n<p class=\" wall-content\">Une id\u00e9e qui lui ouvre d\u00e9j\u00e0 les portes d\u2019autres horizons\u2026 bien au-del\u00e0 des montagnes corses.<\/p>\n<p class=\" wall-content\">Suivez toute l\u2019actualit\u00e9 de vos villes et m\u00e9dias favoris en vous inscrivant \u00e0 <a href=\"https:\/\/moncompte.actu.fr\" title=\"D\u00e9couvez Mon Actu\" rel=\"nofollow noopener\" data-trk=\"{&quot;cta&quot;:{&quot;action&quot;:&quot;https:\\\/\\\/moncompte.actu.fr&quot;,&quot;category&quot;:&quot;mon compte&quot;,&quot;from&quot;:&quot;article footer&quot;,&quot;name&quot;:&quot;Mon actu&quot;,&quot;type&quot;:&quot;cta&quot;}}\" target=\"_blank\">Mon Actu<\/a>.<\/p>\n","protected":false},"excerpt":{"rendered":"Par J\u00e9r\u00f4me Buresi Publi\u00e9 le 6 juil. 2025 \u00e0 20h00 \u00ab Je suis fier, mais en m\u00eame temps,&hellip;\n","protected":false},"author":2,"featured_media":231357,"comment_status":"","ping_status":"","sticky":false,"template":"","format":"standard","meta":{"footnotes":""},"categories":[1586],"tags":[11,1777,674,1779,1011,27,12,7553,25,104,240,1778,364,3587],"class_list":{"0":"post-231356","1":"post","2":"type-post","3":"status-publish","4":"format-standard","5":"has-post-thumbnail","7":"category-europe","8":"tag-actualites","9":"tag-eu","10":"tag-europe","11":"tag-european-union","12":"tag-fr","13":"tag-france","14":"tag-news","15":"tag-randonnee","16":"tag-republique-francaise","17":"tag-societe","18":"tag-temoignage","19":"tag-ue","20":"tag-union-europeenne","21":"tag-villes-soeurs"},"share_on_mastodon":{"url":"https:\/\/pubeurope.com\/@fr\/114808616624573758","error":""},"_links":{"self":[{"href":"https:\/\/www.europesays.com\/fr\/wp-json\/wp\/v2\/posts\/231356","targetHints":{"allow":["GET"]}}],"collection":[{"href":"https:\/\/www.europesays.com\/fr\/wp-json\/wp\/v2\/posts"}],"about":[{"href":"https:\/\/www.europesays.com\/fr\/wp-json\/wp\/v2\/types\/post"}],"author":[{"embeddable":true,"href":"https:\/\/www.europesays.com\/fr\/wp-json\/wp\/v2\/users\/2"}],"replies":[{"embeddable":true,"href":"https:\/\/www.europesays.com\/fr\/wp-json\/wp\/v2\/comments?post=231356"}],"version-history":[{"count":0,"href":"https:\/\/www.europesays.com\/fr\/wp-json\/wp\/v2\/posts\/231356\/revisions"}],"wp:featuredmedia":[{"embeddable":true,"href":"https:\/\/www.europesays.com\/fr\/wp-json\/wp\/v2\/media\/231357"}],"wp:attachment":[{"href":"https:\/\/www.europesays.com\/fr\/wp-json\/wp\/v2\/media?parent=231356"}],"wp:term":[{"taxonomy":"category","embeddable":true,"href":"https:\/\/www.europesays.com\/fr\/wp-json\/wp\/v2\/categories?post=231356"},{"taxonomy":"post_tag","embeddable":true,"href":"https:\/\/www.europesays.com\/fr\/wp-json\/wp\/v2\/tags?post=231356"}],"curies":[{"name":"wp","href":"https:\/\/api.w.org\/{rel}","templated":true}]}}