{"id":231358,"date":"2025-07-06T22:20:10","date_gmt":"2025-07-06T22:20:10","guid":{"rendered":"https:\/\/www.europesays.com\/fr\/231358\/"},"modified":"2025-07-06T22:20:10","modified_gmt":"2025-07-06T22:20:10","slug":"lannonce-surprise-de-lartiste-dj-snake","status":"publish","type":"post","link":"https:\/\/www.europesays.com\/fr\/231358\/","title":{"rendered":"l\u2019annonce surprise de l\u2019artiste DJ Snake"},"content":{"rendered":"<p>En concert lors du festival Garorock, le DJ de 39 ans a dit vouloir aider le club girondin aujourd\u2019hui en cinqui\u00e8me division.<\/p>\n<p class=\"fig-paragraph\">Une lueur d\u2019espoir \u00e0 Bordeaux\u00a0? Ce dimanche,\u00a0<a href=\"http:\/\/www.lefigaro.fr\/cinema\/on-se-bat-pour-la-dignite-des-gens-dj-snake-et-omar-sy-devoilent-patience-un-clip-sur-l-exil-migratoire-20250605\" target=\"_blank\" data-fig-type=\"NewsFlash\" rel=\"noopener\" data-gtm-custom-categorie=\"navigation\" data-gtm-custom-action=\"crossclick\" data-gtm-custom-label=\"Contextuel\" data-gtm-event=\"customEventSPE\" data-fig-domain=\"LEFIGARO\">l\u2019artiste DJ Snake<\/a>\u00a0a apport\u00e9 son soutien aux Girondins lors de son concert au festival Garorock \u00e0 Marmande (Lot-et-Garonne), \u00e0 80 kilom\u00e8tres au sud-est de la ville bordelaise.<\/p>\n<p class=\"fig-paragraph\">\u00abJ\u2019aimerais vraiment racheter les Girondins de Bordeaux, si possible\u00bb, a m\u00eame d\u00e9voil\u00e9, \u00e0 la surprise g\u00e9n\u00e9rale, le DJ de 39 ans,\u00a0<a href=\"http:\/\/www.lefigaro.fr\/sports\/football\/ligue-des-champions\/dembele-ballon-d-or-dj-snake-et-le-psg-lancent-le-lobbying-20250602\" target=\"_blank\" data-fig-type=\"NewsFlash\" rel=\"noopener\" data-gtm-custom-categorie=\"navigation\" data-gtm-custom-action=\"crossclick\" data-gtm-custom-label=\"Contextuel\" data-gtm-event=\"customEventSPE\" data-fig-domain=\"LEFIGARO\">grand supporter du Paris Saint-Germain<\/a>. \u00ab On a besoin des Girondins en Ligue 1, c\u2019est un club l\u00e9gendaire. Je ne sais pas ce qu\u2019ils ont merd\u00e9 (sic) mais bon&#8230; Respect aux Girondins de Bordeaux\u00bb, a-t-il ajout\u00e9.<\/p>\n<p>                                    <a class=\"fig-a11y-skip a11y-hidden\" href=\"#fig-a11y-skip-main-inarticle\"><br \/>\n        Passer la publicit\u00e9<br \/>\n    <\/a><\/p>\n<p>L\u2019avenir des Girondins reste incertain<\/p>\n<p class=\"fig-paragraph\">Toujours dans le flou concernant son avenir, le club girondin d\u00e9tenu par G\u00e9rard Lopez \u00e9voluera \u00e0 nouveau en National 2, cinqui\u00e8me \u00e9chelon du football fran\u00e7ais, la saison prochaine. Le 24 juin dernier,\u00a0<a href=\"http:\/\/www.lefigaro.fr\/sports\/football\/foot-les-girondins-de-bordeaux-echappent-a-la-liquidation-judiciaire-20250624\" target=\"_blank\" data-fig-type=\"NewsFlash\" rel=\"noopener\" data-gtm-custom-categorie=\"navigation\" data-gtm-custom-action=\"crossclick\" data-gtm-custom-label=\"Contextuel\" data-gtm-event=\"customEventSPE\" data-fig-domain=\"LEFIGARO\">le plan de continuation pr\u00e9sent\u00e9 par le propri\u00e9taire avait \u00e9t\u00e9 valid\u00e9 par le tribunal de commerce de Bordeaux<\/a>, avant que la DNCG annonce un encadrement de la masse salariale du club.<\/p>\n<p class=\"fig-paragraph\">Pour l\u2019heure, d\u2019\u00e9ventuels repreneurs ne se bousculent pas au portillon. D\u2019abord int\u00e9ress\u00e9,<a href=\"http:\/\/www.lefigaro.fr\/sports\/football\/girondins-de-bordeaux-oliver-kahn-renonce-a-reprendre-le-club-20250602\" target=\"_blank\" data-fig-type=\"NewsFlash\" rel=\"noopener\" data-gtm-custom-categorie=\"navigation\" data-gtm-custom-action=\"crossclick\" data-gtm-custom-label=\"Contextuel\" data-gtm-event=\"customEventSPE\" data-fig-domain=\"LEFIGARO\">\u00a0l\u2019ex-gardien international allemand Oliver Kahn avait retir\u00e9 son offre<\/a>\u00a0au d\u00e9but du mois de juin.<\/p>\n","protected":false},"excerpt":{"rendered":"En concert lors du festival Garorock, le DJ de 39 ans a dit vouloir aider le club girondin&hellip;\n","protected":false},"author":2,"featured_media":231359,"comment_status":"","ping_status":"","sticky":false,"template":"","format":"standard","meta":{"footnotes":""},"categories":[2],"tags":[11,20128,1011,27,2908,12,25],"class_list":{"0":"post-231358","1":"post","2":"type-post","3":"status-publish","4":"format-standard","5":"has-post-thumbnail","7":"category-actualites","8":"tag-actualites","9":"tag-dj-snake","10":"tag-fr","11":"tag-france","12":"tag-girondins-de-bordeaux","13":"tag-news","14":"tag-republique-francaise"},"share_on_mastodon":{"url":"https:\/\/pubeurope.com\/@fr\/114808620768245435","error":""},"_links":{"self":[{"href":"https:\/\/www.europesays.com\/fr\/wp-json\/wp\/v2\/posts\/231358","targetHints":{"allow":["GET"]}}],"collection":[{"href":"https:\/\/www.europesays.com\/fr\/wp-json\/wp\/v2\/posts"}],"about":[{"href":"https:\/\/www.europesays.com\/fr\/wp-json\/wp\/v2\/types\/post"}],"author":[{"embeddable":true,"href":"https:\/\/www.europesays.com\/fr\/wp-json\/wp\/v2\/users\/2"}],"replies":[{"embeddable":true,"href":"https:\/\/www.europesays.com\/fr\/wp-json\/wp\/v2\/comments?post=231358"}],"version-history":[{"count":0,"href":"https:\/\/www.europesays.com\/fr\/wp-json\/wp\/v2\/posts\/231358\/revisions"}],"wp:featuredmedia":[{"embeddable":true,"href":"https:\/\/www.europesays.com\/fr\/wp-json\/wp\/v2\/media\/231359"}],"wp:attachment":[{"href":"https:\/\/www.europesays.com\/fr\/wp-json\/wp\/v2\/media?parent=231358"}],"wp:term":[{"taxonomy":"category","embeddable":true,"href":"https:\/\/www.europesays.com\/fr\/wp-json\/wp\/v2\/categories?post=231358"},{"taxonomy":"post_tag","embeddable":true,"href":"https:\/\/www.europesays.com\/fr\/wp-json\/wp\/v2\/tags?post=231358"}],"curies":[{"name":"wp","href":"https:\/\/api.w.org\/{rel}","templated":true}]}}