{"id":231366,"date":"2025-07-06T22:25:20","date_gmt":"2025-07-06T22:25:20","guid":{"rendered":"https:\/\/www.europesays.com\/fr\/231366\/"},"modified":"2025-07-06T22:25:20","modified_gmt":"2025-07-06T22:25:20","slug":"le-club-soffre-un-international-samoan-en-provenance-de-northampton","status":"publish","type":"post","link":"https:\/\/www.europesays.com\/fr\/231366\/","title":{"rendered":"le club s\u2019offre un international samoan en provenance de Northampton"},"content":{"rendered":"<p>Une quatri\u00e8me recrue pour le Stade Fran\u00e7ais. Apr\u00e8s avoir d\u00e9j\u00e0 officialis\u00e9 les arriv\u00e9es de Tawera Kerr-Barlow, Thierry Pa\u00efva et Tani Vili, le club de la capitale a annonc\u00e9 sur ses r\u00e9seaux sociaux la signature de Iakopo Mapu. Le troisi\u00e8me-ligne de 27 ans d\u00e9barque en provenance de Northampton, o\u00f9 il \u00e9tait barr\u00e9 par la concurrence, en t\u00e9moigne ses 7 petites apparitions cette saison, pour seulement trois titularisations.<\/p>\n<p>Quatri\u00e8me recrue estivale<\/p>\n<p>Si la dur\u00e9e de son contrat n\u2019a pas \u00e9t\u00e9 pr\u00e9cis\u00e9e, l\u2019international samoan tentera de se relancer dans le Top 14, \u00e0 l\u2019image de son \u00e9quipe. Apr\u00e8s avoir \u00e9chou\u00e9 aux portes de la finale l\u2019an pass\u00e9, le Stade Fran\u00e7ais a connu une saison cauchemardesque. Trois entra\u00eeneurs en chef se sont succ\u00e9d\u00e9 sur le banc et les Parisiens se sont sauv\u00e9s \u00e0 l\u2019ultime journ\u00e9e. Il convient d\u00e9sormais d\u2019entamer un nouveau cycle et de renouer avec un classement plus conforme aux attentes et aux ambitions du club.<\/p>\n<blockquote class=\"twitter-tweet\">\n<p dir=\"ltr\" lang=\"fr\">Le 3\u00e8me ligne Iakopo Mapu s&rsquo;engage avec les Soldats Roses et arrive en provenance des <a href=\"https:\/\/twitter.com\/SaintsRugby?ref_src=twsrc%5Etfw\" rel=\"nofollow noopener\" target=\"_blank\">@SaintsRugby<\/a> ! \ud83c\udf38<\/p>\n<p>Bienvenue Iaks ! \u26a1\ufe0f<a href=\"https:\/\/twitter.com\/hashtag\/SFParis?src=hash&amp;ref_src=twsrc%5Etfw\" rel=\"nofollow noopener\" target=\"_blank\">#SFParis<\/a> <a href=\"https:\/\/t.co\/JzOUraoA9t\" rel=\"nofollow\">pic.twitter.com\/JzOUraoA9t<\/a><\/p>\n<p>\u2014 Stade Fran\u00e7ais Paris (@SFParisRugby) <a href=\"https:\/\/twitter.com\/SFParisRugby\/status\/1939715666304438715?ref_src=twsrc%5Etfw\" rel=\"nofollow noopener\" target=\"_blank\">June 30, 2025<\/a><\/p>\n<\/blockquote>\n<p>Partagez cette info avec vos amis et vos proches en cliquant ici<br \/>Pour r\u00e9sumer<\/p>\n<p>Le Stade Fran\u00e7ais a officialis\u00e9 sur les r\u00e9seaux sociaux la signature d\u2019un troisi\u00e8me-ligne samoan. Il \u00e9voluait cette saison du c\u00f4t\u00e9 de Northampton. Le club parisien voudra se relancer apr\u00e8s une saison d\u00e9licate achev\u00e9e \u00e0 la 12\u00e8me place.<\/p>\n<p> <img decoding=\"async\" width=\"76\" height=\"76\" loading=\"lazy\" src=\"https:\/\/www.europesays.com\/fr\/wp-content\/uploads\/2025\/04\/avatar-quinze.png\" alt=\"Arnaud D\u00e9chelotte\"\/><script async src=\"https:\/\/platform.twitter.com\/widgets.js\" charset=\"utf-8\"><\/script><\/p>\n","protected":false},"excerpt":{"rendered":"Une quatri\u00e8me recrue pour le Stade Fran\u00e7ais. Apr\u00e8s avoir d\u00e9j\u00e0 officialis\u00e9 les arriv\u00e9es de Tawera Kerr-Barlow, Thierry Pa\u00efva&hellip;\n","protected":false},"author":2,"featured_media":231367,"comment_status":"","ping_status":"","sticky":false,"template":"","format":"standard","meta":{"footnotes":""},"categories":[1416],"tags":[1011,27,479,1468,60],"class_list":{"0":"post-231366","1":"post","2":"type-post","3":"status-publish","4":"format-standard","5":"has-post-thumbnail","7":"category-rugby","8":"tag-fr","9":"tag-france","10":"tag-rugby","11":"tag-rugby-football","12":"tag-sports"},"share_on_mastodon":{"url":"https:\/\/pubeurope.com\/@fr\/114808640263518437","error":""},"_links":{"self":[{"href":"https:\/\/www.europesays.com\/fr\/wp-json\/wp\/v2\/posts\/231366","targetHints":{"allow":["GET"]}}],"collection":[{"href":"https:\/\/www.europesays.com\/fr\/wp-json\/wp\/v2\/posts"}],"about":[{"href":"https:\/\/www.europesays.com\/fr\/wp-json\/wp\/v2\/types\/post"}],"author":[{"embeddable":true,"href":"https:\/\/www.europesays.com\/fr\/wp-json\/wp\/v2\/users\/2"}],"replies":[{"embeddable":true,"href":"https:\/\/www.europesays.com\/fr\/wp-json\/wp\/v2\/comments?post=231366"}],"version-history":[{"count":0,"href":"https:\/\/www.europesays.com\/fr\/wp-json\/wp\/v2\/posts\/231366\/revisions"}],"wp:featuredmedia":[{"embeddable":true,"href":"https:\/\/www.europesays.com\/fr\/wp-json\/wp\/v2\/media\/231367"}],"wp:attachment":[{"href":"https:\/\/www.europesays.com\/fr\/wp-json\/wp\/v2\/media?parent=231366"}],"wp:term":[{"taxonomy":"category","embeddable":true,"href":"https:\/\/www.europesays.com\/fr\/wp-json\/wp\/v2\/categories?post=231366"},{"taxonomy":"post_tag","embeddable":true,"href":"https:\/\/www.europesays.com\/fr\/wp-json\/wp\/v2\/tags?post=231366"}],"curies":[{"name":"wp","href":"https:\/\/api.w.org\/{rel}","templated":true}]}}