{"id":231373,"date":"2025-07-06T22:30:10","date_gmt":"2025-07-06T22:30:10","guid":{"rendered":"https:\/\/www.europesays.com\/fr\/231373\/"},"modified":"2025-07-06T22:30:10","modified_gmt":"2025-07-06T22:30:10","slug":"tdf-tour-de-france-jonas-vingegaard-on-voulait-que-van-aert-gagne-mais","status":"publish","type":"post","link":"https:\/\/www.europesays.com\/fr\/231373\/","title":{"rendered":"TDF. Tour de France &#8211; Jonas Vingegaard : \u00abOn voulait que Van Aert gagne mais&#8230;\u00bb"},"content":{"rendered":"<p>Ce dimanche 6 juillet, les 182 coureurs du <strong><a href=\"https:\/\/www.cyclismactu.net\/..\/news-tdf-route-tour-de-france-mathieu-van-der-poel-2e-etape-et-jaune-tadej-pogacar-battu-88745.html\" target=\"_blank\" rel=\"nofollow noopener\">Tour de France<\/a><\/strong> 2025 s\u2019\u00e9lan\u00e7aient pour l\u2019\u00e9tape la plus longue de cette 112e \u00e9dition entre Lauwin-Planque et Boulogne-sur-Mer, avec 2 550 m\u00e8tres de d\u00e9nivel\u00e9 au programme et un bel encha\u00eenement de trois bosses dans un final explosif et mouvement\u00e9. Au bout de cette journ\u00e9e, c\u2019est l\u2019ultra favori de cette \u00e9tape, le N\u00e9erlandais <strong>Mathieu van der Poel<\/strong> (Alpecin-Deceuninck), qui s\u2019est impos\u00e9 devant le champion du monde <strong>Tadej Pogacar<\/strong> (UAE Team Emirates-XRG) et le Danois <strong>Jonas Vingegaard<\/strong> (Team Visma | Lease a Bike). Ce dernier s\u2019est exprim\u00e9 au micro de <strong>Cyclism&rsquo;Actu<\/strong> pour parler de l\u2019objectif principal de l\u2019\u00e9quipe sur cette deuxi\u00e8me \u00e9tape.<\/p>\n<p>Vid\u00e9o &#8211; Jonas Vingegaard au micro de Cyclism&rsquo;Actu Lire la suite de l&rsquo;article&#13;<\/p>\n<p>\u00a0<\/p>\n<p>&#13;<br \/>\n<strong>\u00ab\u00a0Je n\u2019ai pas encore eu de burn-out&#8230;\u00a0\u00bb<\/strong>&#13;<\/p>\n<p>Apr\u00e8s l\u2019\u00e9tape, le double vainqueur de la Grande Boucle (2022 et 2023) s\u2019est confi\u00e9 \u00e0 notre micro de <strong>Cyclism&rsquo;Actu<\/strong> et a d\u00e9clar\u00e9 : \u00ab\u00a0Il y a beaucoup de stages d&rsquo;entra\u00eenement et de stages en altitude dans l\u2019ann\u00e9e, donc c\u2019est aussi difficile pour ma vie de famille. Je roule encore, donc au moins je n\u2019ai pas encore eu de burn-out. Bien s\u00fbr, notre objectif est de remporter le classement g\u00e9n\u00e9ral, mais nous avons aussi d\u2019autres objectifs, comme gagner des \u00e9tapes. Jusqu\u2019\u00e0 pr\u00e9sent, nous voulions viser l\u2019\u00e9tape avec Wout, mais il ne se sentait pas tr\u00e8s bien, alors j\u2019ai essay\u00e9 de gagner. Je ne m\u2019attendais pas \u00e0 terminer troisi\u00e8me sur une \u00e9tape comme celle-ci, donc oui, je suis \u00e9videmment tr\u00e8s content de mes jambes.<\/p>\n<p>&#13;<\/p>\n<p>On voulait tout faire pour que Wout Van Aert gagne aujourd\u2019hui. Je pense qu\u2019il n\u2019avait pas les jambes, alors on a essay\u00e9 de gagner avec moi et m\u00eame avec Matteo Jorgenson. Finalement, \u00e7a s\u2019est bien pass\u00e9. On aurait aim\u00e9 gagner l\u2019\u00e9tape avec Wout aujourd\u2019hui. Troisi\u00e8me, c\u2019est le maximum qu\u2019on puisse faire aujourd\u2019hui. Pour \u00eatre honn\u00eate, c\u2019est tr\u00e8s intense ici quand on commence des \u00e9tapes comme celle-ci. Personnellement, j\u2019ai pr\u00e9f\u00e9r\u00e9 les deux derni\u00e8res \u00e9ditions, o\u00f9 c\u2019est dur d\u00e8s le d\u00e9part. C\u2019est beaucoup plus stressant, mais \u00e7a fait partie du Tour de France\u00a0\u00bb, conclut <strong>Jonas Vingegaard<\/strong> apr\u00e8s cette 2e \u00e9tape.<\/p>\n<p>Tour de France &#8211; Classement de la 2\u00e8 \u00e9tape Tour de France &#8211; Classement g\u00e9n\u00e9ral provisoire apr\u00e8s la 2\u00e8 \u00e9tape<\/p>\n","protected":false},"excerpt":{"rendered":"Ce dimanche 6 juillet, les 182 coureurs du Tour de France 2025 s\u2019\u00e9lan\u00e7aient pour l\u2019\u00e9tape la plus longue&hellip;\n","protected":false},"author":2,"featured_media":231374,"comment_status":"","ping_status":"","sticky":false,"template":"","format":"standard","meta":{"footnotes":""},"categories":[1411],"tags":[1154,207,211,1011,27,209,60,210,212,208,213],"class_list":{"0":"post-231373","1":"post","2":"type-post","3":"status-publish","4":"format-standard","5":"has-post-thumbnail","7":"category-cyclisme","8":"tag-cycling","9":"tag-cyclisme","10":"tag-ffc","11":"tag-fr","12":"tag-france","13":"tag-route","14":"tag-sports","15":"tag-tour-de-france","16":"tag-uci","17":"tag-velo","18":"tag-world-tour"},"share_on_mastodon":{"url":"https:\/\/pubeurope.com\/@fr\/114808659892655349","error":""},"_links":{"self":[{"href":"https:\/\/www.europesays.com\/fr\/wp-json\/wp\/v2\/posts\/231373","targetHints":{"allow":["GET"]}}],"collection":[{"href":"https:\/\/www.europesays.com\/fr\/wp-json\/wp\/v2\/posts"}],"about":[{"href":"https:\/\/www.europesays.com\/fr\/wp-json\/wp\/v2\/types\/post"}],"author":[{"embeddable":true,"href":"https:\/\/www.europesays.com\/fr\/wp-json\/wp\/v2\/users\/2"}],"replies":[{"embeddable":true,"href":"https:\/\/www.europesays.com\/fr\/wp-json\/wp\/v2\/comments?post=231373"}],"version-history":[{"count":0,"href":"https:\/\/www.europesays.com\/fr\/wp-json\/wp\/v2\/posts\/231373\/revisions"}],"wp:featuredmedia":[{"embeddable":true,"href":"https:\/\/www.europesays.com\/fr\/wp-json\/wp\/v2\/media\/231374"}],"wp:attachment":[{"href":"https:\/\/www.europesays.com\/fr\/wp-json\/wp\/v2\/media?parent=231373"}],"wp:term":[{"taxonomy":"category","embeddable":true,"href":"https:\/\/www.europesays.com\/fr\/wp-json\/wp\/v2\/categories?post=231373"},{"taxonomy":"post_tag","embeddable":true,"href":"https:\/\/www.europesays.com\/fr\/wp-json\/wp\/v2\/tags?post=231373"}],"curies":[{"name":"wp","href":"https:\/\/api.w.org\/{rel}","templated":true}]}}