{"id":231381,"date":"2025-07-06T22:35:29","date_gmt":"2025-07-06T22:35:29","guid":{"rendered":"https:\/\/www.europesays.com\/fr\/231381\/"},"modified":"2025-07-06T22:35:29","modified_gmt":"2025-07-06T22:35:29","slug":"apres-un-an-et-demi-dattente-la-saison-3-de-cette-excellente-serie-de-science-fiction-a-enfin-une-date-de-sortie","status":"publish","type":"post","link":"https:\/\/www.europesays.com\/fr\/231381\/","title":{"rendered":"Apr\u00e8s un an et demi d\u2019attente, la saison 3 de cette excellente s\u00e9rie de science-fiction a enfin une date de sortie"},"content":{"rendered":"<p>En octobre 2023, les fans de science-fiction \u00e9taient rest\u00e9s sur leur faim face \u00e0 une s\u00e9rie du genre sur Apple TV+. Pr\u00e8s de deux ans apr\u00e8s, cette excellente s\u00e9rie revient enfin pour une saison 3 tr\u00e8s attendue.<\/p>\n<p>Il lui aura fallu pr\u00e8s de deux ans, mais elle fait enfin son retour. La saison 3 de la <a href=\"https:\/\/www.programme-tv.net\/news\/series-tv\/332914-notre-top-10-des-meilleures-series-de-science-fiction-a-voir-en-streaming\/\" data-api-deeplink=\"teleloisirs:\/\/news\/332914\" rel=\"nofollow noopener\" target=\"_blank\">s\u00e9rie de science-fiction <\/a><a href=\"https:\/\/www.programme-tv.net\/news\/series-tv\/338983-invasion-lexcellente-serie-de-science-fiction-qui-cartonne-partout-aura-t-elle-une-saison-3\/\" data-api-deeplink=\"teleloisirs:\/\/news\/338983\" rel=\"nofollow noopener\" target=\"_blank\">Invasion <\/a>reviendra le 22 ao\u00fbt sur Apple TV+. L\u2019annonce de son renouvellement avait eu lieu quelques mois seulement apr\u00e8s le final de la saison 2, mais les fans attendaient depuis qu\u2019une date officielle de retour soit annonc\u00e9e. C\u2019est donc chose faite. Avec Invasion, les cr\u00e9ateurs <a href=\"https:\/\/www.programme-tv.net\/biographie\/75104-kinberg-simon\/\" data-link-people=\"3de25e6b-9819-4aea-9161-8b9c774781b9\" rel=\"nofollow noopener\" target=\"_blank\">Simon Kinberg<\/a> (<a href=\"https:\/\/www.programme-tv.net\/news\/cinema\/87172-x-men-le-commencement-tf1-professeur-x-jean-grey-tornade-decouvrez-les-mutants-dans-leurs-versions-jeunes-et-plus-agees-24-photos\/\" data-api-deeplink=\"teleloisirs:\/\/news\/87172\" rel=\"nofollow noopener\" target=\"_blank\">X-Men<\/a>) et David Weil ont choisi d\u2019explorer toute la partie morale et philosophique qui entoure l\u2019existence suppos\u00e9e d\u2019extraterrestres. S\u2019ils envahissaient la Terre demain, que feriez-vous ? La s\u00e9rie suit cinq personnages \u00e0 travers le monde qui, apr\u00e8s l\u2019arriv\u00e9e inopin\u00e9e de visiteurs aliens, tentent de naviguer dans cette nouvelle vie. Doivent-ils tenter d\u2019entrer en contact avec les extraterrestres ou garder leurs distances ? Comment prot\u00e9ger l\u2019humanit\u00e9 ?<\/p>\n<p>                        Que s\u2019est-il pass\u00e9 dans le final de la saison 2 d\u2019Invasion ?<\/p>\n<p>La saison 3 d\u2019Invasion sera diff\u00e9rente de ce que l\u2019on a vu jusqu\u2019\u00e0 pr\u00e9sent. Les cinq perspectives et personnages vont se rencontrer et s\u2019allier pour la premi\u00e8re fois. \u00c0 la fin de la saison 2, les humains n\u2019\u00e9taient pas parvenus \u00e0 une r\u00e9ponse pour stopper les aliens, qui enlevaient des personnes sans que personne ne sache o\u00f9 ils les emmenaient avant de les red\u00e9poser sur Terre, dans le coma. Mais les capacit\u00e9s psychiques de Mitsuki et Caspar pourraient peut-\u00eatre changer la donne. Les deux personnages savent entrer en contact avec les extraterrestres par la pens\u00e9e. Un don qui les aidera s\u00fbrement \u00e0 trouver une solution pour l\u2019humanit\u00e9\u2026 \u00e0 moins qu\u2019il ne leur soit fatal. Dans la saison 3, les h\u00e9ros m\u00e8neront une mission conjointe pour infiltrer le vaisseau alien.<\/p>\n<p>            \u00c0 quel rythme seront diffus\u00e9s les \u00e9pisodes de la saison 3 d\u2019Invasion ?<\/p>\n<p><a href=\"https:\/\/www.programme-tv.net\/news\/cinema\/71823-my-sweet-pepper-land-arte-golshifteh-farahani-femme-libre-et-sublime-actrice-28-photos\/\" data-api-deeplink=\"teleloisirs:\/\/news\/71823\" rel=\"nofollow noopener\" target=\"_blank\">Golshifteh Farahani<\/a> (Aneesha), Shioli Kutsuna (Mitsuki), Shamier Anderson (Trevante), India Brown (Jamila), Shane Zaza (Nikhil) et Enver Gjokaj (Clark) sont tous de retour dans cette nouvelle saison. Un premier \u00e9pisode sera diffus\u00e9 sur Apple TV+ le vendredi 22 ao\u00fbt prochain. Les suivants seront d\u00e9voil\u00e9s \u00e0 un rythme hebdomadaire jusqu\u2019au vendredi 24 octobre. De quoi passer deux mois complets en compagnie de ces h\u00e9ros.<\/p>\n<p>Article \u00e9crit en collaboration avec 6M\u00e9dias.<\/p>\n","protected":false},"excerpt":{"rendered":"En octobre 2023, les fans de science-fiction \u00e9taient rest\u00e9s sur leur faim face \u00e0 une s\u00e9rie du genre&hellip;\n","protected":false},"author":2,"featured_media":231382,"comment_status":"","ping_status":"","sticky":false,"template":"","format":"standard","meta":{"footnotes":""},"categories":[1356],"tags":[36733,1409,244,58,59,1011,27,37038,3578,37039,10395,129,252,1364],"class_list":{"0":"post-231381","1":"post","2":"type-post","3":"status-publish","4":"format-standard","5":"has-post-thumbnail","7":"category-television","8":"tag-apple-tv-plus","9":"tag-bande-annonce","10":"tag-commentaire","11":"tag-divertissement","12":"tag-entertainment","13":"tag-fr","14":"tag-france","15":"tag-golshifteh-farahani","16":"tag-invasion","17":"tag-invasion-su00e9rie-96088","18":"tag-pub-streaming","19":"tag-svod","20":"tag-television","21":"tag-tv"},"share_on_mastodon":{"url":"https:\/\/pubeurope.com\/@fr\/114808679700135397","error":""},"_links":{"self":[{"href":"https:\/\/www.europesays.com\/fr\/wp-json\/wp\/v2\/posts\/231381","targetHints":{"allow":["GET"]}}],"collection":[{"href":"https:\/\/www.europesays.com\/fr\/wp-json\/wp\/v2\/posts"}],"about":[{"href":"https:\/\/www.europesays.com\/fr\/wp-json\/wp\/v2\/types\/post"}],"author":[{"embeddable":true,"href":"https:\/\/www.europesays.com\/fr\/wp-json\/wp\/v2\/users\/2"}],"replies":[{"embeddable":true,"href":"https:\/\/www.europesays.com\/fr\/wp-json\/wp\/v2\/comments?post=231381"}],"version-history":[{"count":0,"href":"https:\/\/www.europesays.com\/fr\/wp-json\/wp\/v2\/posts\/231381\/revisions"}],"wp:featuredmedia":[{"embeddable":true,"href":"https:\/\/www.europesays.com\/fr\/wp-json\/wp\/v2\/media\/231382"}],"wp:attachment":[{"href":"https:\/\/www.europesays.com\/fr\/wp-json\/wp\/v2\/media?parent=231381"}],"wp:term":[{"taxonomy":"category","embeddable":true,"href":"https:\/\/www.europesays.com\/fr\/wp-json\/wp\/v2\/categories?post=231381"},{"taxonomy":"post_tag","embeddable":true,"href":"https:\/\/www.europesays.com\/fr\/wp-json\/wp\/v2\/tags?post=231381"}],"curies":[{"name":"wp","href":"https:\/\/api.w.org\/{rel}","templated":true}]}}