{"id":231383,"date":"2025-07-06T22:36:23","date_gmt":"2025-07-06T22:36:23","guid":{"rendered":"https:\/\/www.europesays.com\/fr\/231383\/"},"modified":"2025-07-06T22:36:23","modified_gmt":"2025-07-06T22:36:23","slug":"veronique-sanson-carbonne-soolking-et-quelques-nuages-revivez-en-images-le-troisieme-et-dernier-jour-du-festidreuz-de-fouesnant","status":"publish","type":"post","link":"https:\/\/www.europesays.com\/fr\/231383\/","title":{"rendered":"V\u00e9ronique Sanson, Carbonne, Soolking et quelques nuages\u00a0: revivez en images le troisi\u00e8me et dernier jour du Festidreuz de Fouesnant"},"content":{"rendered":"<p>Le 06 juillet 2025 \u00e0 21h22<\/p>\n<p class=\"tlg-h5\">Pour la derni\u00e8re soir\u00e9e de l\u2019\u00e9dition 2025 du Festidreuz, V\u00e9ronique Sanson a assur\u00e9 le show, avant de laisser la place au chanteur Carbonne et rappeur Soolking. Et malgr\u00e9 quelques nuages, la bonne humeur des spectateurs \u00e9tait encore de mise ce dimanche 6\u00a0juillet.<\/p>\n<p>fermetureprecedent1<br \/>\n            \/<br \/>\n            16suivant<\/p>\n<p><img fetchpriority=\"high\" decoding=\"async\" src=\"https:\/\/www.europesays.com\/fr\/wp-content\/uploads\/2025\/07\/686aeb314df39f03e40dcf06.1.jpeg\"   width=\"960\" height=\"600\" class=\"web_golden_xl\" loading=\"eager\" alt=\"V\u00e9ronique Sanson a enflamm\u00e9 la sc\u00e8ne du Festidreuz avec ses fid\u00e8les musiciens.\"\/>1<\/p>\n<p>V\u00e9ronique Sanson a enflamm\u00e9 la sc\u00e8ne du Festidreuz avec ses fid\u00e8les musiciens.<\/p>\n<p> Le T\u00e9l\u00e9gramme\/Gabrielle Gillot<\/p>\n<p><img decoding=\"async\" src=\"https:\/\/www.europesays.com\/fr\/wp-content\/uploads\/2025\/07\/686aeb31ca9c25f328004792.1.jpeg\"   width=\"960\" height=\"600\" class=\"web_golden_xl\" loading=\"eager\" alt=\"V\u00e9ronique Sanson au Festidreuz.\"\/>2<\/p>\n<p>V\u00e9ronique Sanson au Festidreuz.<\/p>\n<p> Le T\u00e9l\u00e9gramme\/Gabrielle Gillot<\/p>\n<p><img decoding=\"async\" src=\"https:\/\/www.europesays.com\/fr\/wp-content\/uploads\/2025\/07\/686aeb31ca9c25f328004793.1.jpeg\"   width=\"960\" height=\"600\" class=\"web_golden_xl\" loading=\"eager\" alt=\"V\u00e9ronique Sanson a enflamm\u00e9 la sc\u00e8ne du festidreuz avec ses fid\u00e8les musiciens.\"\/>3<\/p>\n<p>V\u00e9ronique Sanson a enflamm\u00e9 la sc\u00e8ne du festidreuz avec ses fid\u00e8les musiciens.<\/p>\n<p> Le T\u00e9l\u00e9gramme\/Gabrielle Gillot<\/p>\n<p><img decoding=\"async\" src=\"https:\/\/www.europesays.com\/fr\/wp-content\/uploads\/2025\/07\/686aeb324df39f03e40dcf07.1.jpeg\"   width=\"960\" height=\"600\" class=\"web_golden_xl\" loading=\"eager\" alt=\"Ma\u00ebl, finaliste de Koh Lanta 2025, \u00e9tait pr\u00e9sent au Festidreuz avec ses proches.\"\/>4<\/p>\n<p>Ma\u00ebl, finaliste de Koh Lanta 2025, \u00e9tait pr\u00e9sent au Festidreuz avec ses proches.<\/p>\n<p> Le T\u00e9l\u00e9gramme\/Gabrielle Gillot<\/p>\n<p><img decoding=\"async\" src=\"https:\/\/www.europesays.com\/fr\/wp-content\/uploads\/2025\/07\/686aeb328d1172a030047914.1.jpeg\"   width=\"960\" height=\"600\" class=\"web_golden_xl\" loading=\"eager\" alt=\"Les b\u00e9n\u00e9voles tr\u00e8s actifs pour le bon d\u00e9roulement du festival.\"\/>5<\/p>\n<p>Les b\u00e9n\u00e9voles tr\u00e8s actifs pour le bon d\u00e9roulement du festival.<\/p>\n<p> Le T\u00e9l\u00e9gramme\/Gabrielle Gillot<\/p>\n<p><img decoding=\"async\" src=\"https:\/\/www.europesays.com\/fr\/wp-content\/uploads\/2025\/07\/686aeb321c71ddf8930585e4.1.jpeg\"   width=\"960\" height=\"600\" class=\"web_golden_xl\" loading=\"eager\" alt=\"Pour ne pas se perdre, ces copines ont d\u00e9cid\u00e9 d\u2019opter pour un accessoire amusant.\"\/>6<\/p>\n<p>Pour ne pas se perdre, ces copines ont d\u00e9cid\u00e9 d\u2019opter pour un accessoire amusant.<\/p>\n<p> Le T\u00e9l\u00e9gramme\/Gabrielle Gillot<\/p>\n<p><img decoding=\"async\" src=\"https:\/\/www.europesays.com\/fr\/wp-content\/uploads\/2025\/07\/686aeb321c71ddf8930585e5.1.jpeg\"   width=\"960\" height=\"600\" class=\"web_golden_xl\" loading=\"eager\" alt=\"Un groupe d\u2019amis aux chapeaux roses pour profiter du Festidreuz de Fouesnant.\"\/>7<\/p>\n<p>Un groupe d\u2019amis aux chapeaux roses pour profiter du Festidreuz de Fouesnant.<\/p>\n<p> Le T\u00e9l\u00e9gramme\/Gabrielle Gillot<\/p>\n<p><img decoding=\"async\" src=\"https:\/\/www.europesays.com\/fr\/wp-content\/uploads\/2025\/07\/686aeb32efd24ab3a90ee12a.1.jpeg\"   width=\"960\" height=\"600\" class=\"web_golden_xl\" loading=\"eager\" alt=\"Des spectateurs ont choisi l\u2019option d\u00e9guisement pour profiter du festival fouesnantais Festidreuz.\"\/>8<\/p>\n<p>Des spectateurs ont choisi l\u2019option d\u00e9guisement pour profiter du festival fouesnantais Festidreuz.<\/p>\n<p> Le T\u00e9l\u00e9gramme\/Tom Froidefond<\/p>\n<p><img decoding=\"async\" src=\"https:\/\/www.europesays.com\/fr\/wp-content\/uploads\/2025\/07\/686aeb320352c9de110c4916.1.jpeg\"   width=\"960\" height=\"600\" class=\"web_golden_xl\" loading=\"eager\" alt=\"Des spectateurs ont choisi des tee-shirts humoristiques pour le Festidreuz.\"\/>9<\/p>\n<p>Des spectateurs ont choisi des tee-shirts humoristiques pour le Festidreuz.<\/p>\n<p> Le T\u00e9l\u00e9gramme\/Tom Froidefond<\/p>\n<p><img decoding=\"async\" src=\"https:\/\/www.europesays.com\/fr\/wp-content\/uploads\/2025\/07\/686aeb3294b1d45eba0baf36.1.jpeg\"   width=\"960\" height=\"600\" class=\"web_golden_xl\" loading=\"eager\" alt=\"Pr\u00e8s de 1\u00a0000 b\u00e9n\u00e9voles ont assur\u00e9 les trois jours du Festidreuz, comme ici dans une des buvettes.\"\/>10<\/p>\n<p>Pr\u00e8s de 1\u00a0000 b\u00e9n\u00e9voles ont assur\u00e9 les trois jours du Festidreuz, comme ici dans une des buvettes.<\/p>\n<p> Le T\u00e9l\u00e9gramme\/Tom Froidefond<\/p>\n<p><img decoding=\"async\" src=\"https:\/\/www.europesays.com\/fr\/wp-content\/uploads\/2025\/07\/686aeb3394b1d45eba0baf37.1.jpeg\"   width=\"960\" height=\"600\" class=\"web_golden_xl\" loading=\"eager\" alt=\"Des b\u00e9n\u00e9voles ont pris un temps de pause pour profiter du spectacle de V\u00e9ronique Sanson depuis un escabeau.\"\/>11<\/p>\n<p>Des b\u00e9n\u00e9voles ont pris un temps de pause pour profiter du spectacle de V\u00e9ronique Sanson depuis un escabeau.<\/p>\n<p> Le T\u00e9l\u00e9gramme\/Tom Froidefond<\/p>\n<p><img decoding=\"async\" src=\"https:\/\/www.europesays.com\/fr\/wp-content\/uploads\/2025\/07\/686aeb3394b1d45eba0baf38.1.jpeg\"   width=\"960\" height=\"600\" class=\"web_golden_xl\" loading=\"eager\" alt=\"Un public jeune est venu \u00e9couter Carbone au Festidreuz de Fouesnant ce dimanche 6 juillet\"\/>12<\/p>\n<p>Un public jeune est venu \u00e9couter Carbone au Festidreuz de Fouesnant ce dimanche 6 juillet<\/p>\n<p>Le T\u00e9l\u00e9gramme\/Gabrielle Gillot<\/p>\n<p><img decoding=\"async\" src=\"https:\/\/www.europesays.com\/fr\/wp-content\/uploads\/2025\/07\/686aeb3366b7dcf6b5008a34.1.jpeg\"   width=\"960\" height=\"600\" class=\"web_golden_xl\" loading=\"eager\" alt=\"Le chanteur Carbonne, originaire de Montpellier, a fait le show ce dimanche 6 juillet au Festidreuz de Fouesnant\"\/>13<\/p>\n<p>Le chanteur Carbonne, originaire de Montpellier, a fait le show ce dimanche 6 juillet au Festidreuz de Fouesnant<\/p>\n<p>Le T\u00e9l\u00e9gramme\/Gabrielle Gillot<\/p>\n<p><img decoding=\"async\" src=\"https:\/\/www.europesays.com\/fr\/wp-content\/uploads\/2025\/07\/686aeb33efd24ab3a90ee12b.1.jpeg\"   width=\"960\" height=\"600\" class=\"web_golden_xl\" loading=\"eager\" alt=\"Le chanteur Carbonne a interpr\u00e9t\u00e9 sur la sc\u00e8ne du Festidreuz son tube \u00ab Imagine \u00bb, pour la plus grande joie du public.\"\/>14<\/p>\n<p>Le chanteur Carbonne a interpr\u00e9t\u00e9 sur la sc\u00e8ne du Festidreuz son tube \u00ab Imagine \u00bb, pour la plus grande joie du public.<\/p>\n<p> Le T\u00e9l\u00e9gramme\/Gabrielle Gillot<\/p>\n<p><img decoding=\"async\" src=\"https:\/\/www.europesays.com\/fr\/wp-content\/uploads\/2025\/07\/686aeb333e37cc4db9076ab6.1.jpeg\"   width=\"960\" height=\"600\" class=\"web_golden_xl\" loading=\"eager\" alt=\"Le rappeur franco-alg\u00e9rien Soolking a assur\u00e9 l\u2019ambiance du Festidreuz, dimanche 6 juillet, en interpr\u00e9tant notamment son titre \u00ab Bebeto \u00bb..\"\/>15<\/p>\n<p>Le rappeur franco-alg\u00e9rien Soolking a assur\u00e9 l\u2019ambiance du Festidreuz, dimanche 6 juillet, en interpr\u00e9tant notamment son titre \u00ab Bebeto \u00bb..<\/p>\n<p>Le T\u00e9l\u00e9gramme\/Gabrielle Gillot<\/p>\n<p><img decoding=\"async\" src=\"https:\/\/www.europesays.com\/fr\/wp-content\/uploads\/2025\/07\/686aeb33efd24ab3a90ee12c.1.jpeg\"   width=\"960\" height=\"600\" class=\"web_golden_xl\" loading=\"eager\" alt=\"Le rappeur franco-alg\u00e9rien Soolking a assur\u00e9 l\u2019ambiance du Festidreuz, dimanche 6 juillet, en interpr\u00e9tant notamment son titre \u00ab Bebeto \u00bb.\"\/>16<\/p>\n<p>Le rappeur franco-alg\u00e9rien Soolking a assur\u00e9 l\u2019ambiance du Festidreuz, dimanche 6 juillet, en interpr\u00e9tant notamment son titre \u00ab Bebeto \u00bb.<\/p>\n<p> Le T\u00e9l\u00e9gramme\/Gabrielle Gillot<\/p>\n","protected":false},"excerpt":{"rendered":"Le 06 juillet 2025 \u00e0 21h22 Pour la derni\u00e8re soir\u00e9e de l\u2019\u00e9dition 2025 du Festidreuz, V\u00e9ronique Sanson a&hellip;\n","protected":false},"author":2,"featured_media":231384,"comment_status":"","ping_status":"","sticky":false,"template":"","format":"standard","meta":{"footnotes":""},"categories":[1355],"tags":[58,59,3321,5127,1011,27,4555,1361,873],"class_list":{"0":"post-231383","1":"post","2":"type-post","3":"status-publish","4":"format-standard","5":"has-post-thumbnail","7":"category-musique","8":"tag-divertissement","9":"tag-entertainment","10":"tag-finistere","11":"tag-fouesnant","12":"tag-fr","13":"tag-france","14":"tag-local","15":"tag-music","16":"tag-musique"},"share_on_mastodon":{"url":"https:\/\/pubeurope.com\/@fr\/114808684246607723","error":""},"_links":{"self":[{"href":"https:\/\/www.europesays.com\/fr\/wp-json\/wp\/v2\/posts\/231383","targetHints":{"allow":["GET"]}}],"collection":[{"href":"https:\/\/www.europesays.com\/fr\/wp-json\/wp\/v2\/posts"}],"about":[{"href":"https:\/\/www.europesays.com\/fr\/wp-json\/wp\/v2\/types\/post"}],"author":[{"embeddable":true,"href":"https:\/\/www.europesays.com\/fr\/wp-json\/wp\/v2\/users\/2"}],"replies":[{"embeddable":true,"href":"https:\/\/www.europesays.com\/fr\/wp-json\/wp\/v2\/comments?post=231383"}],"version-history":[{"count":0,"href":"https:\/\/www.europesays.com\/fr\/wp-json\/wp\/v2\/posts\/231383\/revisions"}],"wp:featuredmedia":[{"embeddable":true,"href":"https:\/\/www.europesays.com\/fr\/wp-json\/wp\/v2\/media\/231384"}],"wp:attachment":[{"href":"https:\/\/www.europesays.com\/fr\/wp-json\/wp\/v2\/media?parent=231383"}],"wp:term":[{"taxonomy":"category","embeddable":true,"href":"https:\/\/www.europesays.com\/fr\/wp-json\/wp\/v2\/categories?post=231383"},{"taxonomy":"post_tag","embeddable":true,"href":"https:\/\/www.europesays.com\/fr\/wp-json\/wp\/v2\/tags?post=231383"}],"curies":[{"name":"wp","href":"https:\/\/api.w.org\/{rel}","templated":true}]}}