{"id":231387,"date":"2025-07-06T22:38:10","date_gmt":"2025-07-06T22:38:10","guid":{"rendered":"https:\/\/www.europesays.com\/fr\/231387\/"},"modified":"2025-07-06T22:38:10","modified_gmt":"2025-07-06T22:38:10","slug":"microbe-miroir-une-menace-pour-la-vie-telle-que-nous-la-connaissons","status":"publish","type":"post","link":"https:\/\/www.europesays.com\/fr\/231387\/","title":{"rendered":"Microbe miroir, \u00ab une menace pour la vie telle que nous la connaissons \u00bb"},"content":{"rendered":"<p>Cr\u00e9er une mol\u00e9cule en miroir, c\u2019est comme fabriquer une version \u00ab\u00a0gauch\u00e8re\u00a0\u00bb d\u2019un objet \u00ab\u00a0droitier\u00a0\u00bb. En chimie, cela s\u2019appelle la <a href=\"https:\/\/fr.wikipedia.org\/wiki\/Chiralit\u00e9\" rel=\"nofollow noopener\" target=\"_blank\">chiralit\u00e9<\/a> : certaines mol\u00e9cules existent sous deux formes sym\u00e9triques, dites \u00ab\u00a0main droite\u00a0\u00bb ou \u00ab\u00a0main gauche\u00a0\u00bb. C\u2019est Louis Pasteur qui, en 1848, en a pos\u00e9 les bases.<\/p>\n<p> La chimie invers\u00e9e qui inqui\u00e8te <\/p>\n<p>Dans la nature, la vie fonctionne avec un certain ordre\u00a0: les prot\u00e9ines sont faites d\u2019acides amin\u00e9s gauchers, l\u2019ADN contient des sucres droitiers. Renverser cet ordre, c\u2019est comme changer toutes les serrures d\u2019un monde bas\u00e9 sur des cl\u00e9s pr\u00e9cises. D\u2019o\u00f9 l\u2019attrait scientifique\u00a0: des mol\u00e9cules invers\u00e9es seraient invisibles pour notre syst\u00e8me immunitaire et plus r\u00e9sistantes \u00e0 la d\u00e9gradation. Des chercheurs imaginent d\u00e9j\u00e0 des versions \u00ab\u00a0miroir\u00a0\u00bb de m\u00e9dicaments, comme l\u2019insuline, qui seraient plus stables et n\u00e9cessiteraient moins d\u2019injections.<\/p>\n<p>Mais ce qui intrigue aujourd\u2019hui va bien plus loin\u00a0: et si l\u2019on cr\u00e9ait une bact\u00e9rie enti\u00e8re en miroir\u00a0? Un \u00eatre vivant artificiel, dont tous les composants seraient sym\u00e9triques par rapport \u00e0 ceux de la vie naturelle. C\u2019est l\u00e0 que la fascination fait craindre le pire dans le monde scientifique.<\/p>\n<p>L\u2019id\u00e9e est encore th\u00e9orique, mais suffisamment cr\u00e9dible pour que le gouvernement britannique ait r\u00e9uni une douzaine d\u2019experts en janvier dernier, dont la professeure Dame Angela McLean, conseill\u00e8re scientifique en chef. Les conclusions, rendues publiques en juin, sont claires\u00a0: une telle cr\u00e9ature pourrait devenir \u00ab\u00a0une menace pour la vie telle que nous la connaissons\u00a0\u00bb, rapporte le Times.<\/p>\n<p>En effet, un microbe miroir \u00e9chapperait aux d\u00e9fenses biologiques connues. Aucun anticorps ne pourrait le reconna\u00eetre, aucun pr\u00e9dateur ne saurait le dig\u00e9rer. Pire\u00a0: certaines mol\u00e9cules de notre environnement, comme le glyc\u00e9rol, sont sans chiralit\u00e9, et pourraient nourrir ces organismes, leur permettant de prolif\u00e9rer sans limites. En quelque sorte, ce serait l\u2019esp\u00e8ce invasive ultime\u2026<\/p>\n<p>Les pires sc\u00e9narios \u00e9voquent des bact\u00e9ries capables de se maintenir en vie par photosynth\u00e8se, accaparant l\u2019oxyg\u00e8ne, les nutriments et les ressources, comme un cancer \u00e0 l\u2019\u00e9chelle plan\u00e9taire. Elles pourraient d\u00e9truire la biodiversit\u00e9, d\u00e9stabiliser les \u00e9cosyst\u00e8mes et contaminer les cha\u00eenes alimentaires.<\/p>\n<p>Face \u00e0 ces risques, un groupe de 38 chercheurs \u2014 dont deux prix Nobel \u2014 a appel\u00e9 \u00e0 un moratoire imm\u00e9diat sur la cr\u00e9ation d\u2019organismes miroir. Une conf\u00e9rence s\u2019est tenue \u00e0 Paris en juin, une autre est pr\u00e9vue \u00e0 Manchester en septembre. L\u2019objectif\u00a0: obtenir un accord international pour interdire d\u00e9finitivement cette voie de recherche.<\/p>\n<p>Une distinction est toutefois faite entre les mol\u00e9cules invers\u00e9es, utiles en m\u00e9decine ou en agriculture, et la fabrication de micro-organismes auto-r\u00e9plicants. \u00ab\u00a0Ce que nous ne voulons pas, c\u2019est assembler ces briques pour cr\u00e9er une bact\u00e9rie vivante\u00a0\u00bb, a r\u00e9sum\u00e9 Patrick Cai, sp\u00e9cialiste en g\u00e9nomique synth\u00e9tique.<\/p>\n<p>Pour Filippa Lentzos, experte en bios\u00e9curit\u00e9 \u00e0 Londres, le parall\u00e8le est \u00e9vident\u00a0: les craintes actuelles rappellent carr\u00e9ment les dilemmes des ann\u00e9es 1930 autour de la bombe atomique. Le potentiel est immense, mais les cons\u00e9quences d\u2019un accident seraient irr\u00e9versibles.<\/p>\n<blockquote>\n<p class=\"text-base text-neutral-700 dark:text-neutral-300\">\ud83d\udfe3 Pour ne manquer aucune news sur le Journal du Geek, abonnez-vous sur <a href=\"https:\/\/news.google.com\/publications\/CAAqBwgKMNr_hAswwYyCAw?hl=fr&amp;gl=FR&amp;ceid=FR%3Afr\" target=\"_blank\" rel=\"nofollow noopener\">Google Actualit\u00e9s<\/a> et sur <a href=\"https:\/\/whatsapp.com\/channel\/0029VaClM5y4tRry12tb7D2h\" target=\"_blank\" rel=\"nofollow noopener\">notre WhatsApp<\/a>. Et si vous nous adorez, on a <a href=\"https:\/\/www.journaldugeek.com\/newsletter\/\" target=\"_blank\" rel=\"nofollow noopener\">une newsletter tous les matins<\/a>.<\/p>\n<\/blockquote>\n","protected":false},"excerpt":{"rendered":"Cr\u00e9er une mol\u00e9cule en miroir, c\u2019est comme fabriquer une version \u00ab\u00a0gauch\u00e8re\u00a0\u00bb d\u2019un objet \u00ab\u00a0droitier\u00a0\u00bb. En chimie, cela s\u2019appelle&hellip;\n","protected":false},"author":2,"featured_media":231388,"comment_status":"","ping_status":"","sticky":false,"template":"","format":"standard","meta":{"footnotes":""},"categories":[10],"tags":[1011,27,72,18211,71],"class_list":{"0":"post-231387","1":"post","2":"type-post","3":"status-publish","4":"format-standard","5":"has-post-thumbnail","7":"category-sante","8":"tag-fr","9":"tag-france","10":"tag-health","11":"tag-microbe","12":"tag-sante"},"share_on_mastodon":{"url":"https:\/\/pubeurope.com\/@fr\/114808691445214092","error":""},"_links":{"self":[{"href":"https:\/\/www.europesays.com\/fr\/wp-json\/wp\/v2\/posts\/231387","targetHints":{"allow":["GET"]}}],"collection":[{"href":"https:\/\/www.europesays.com\/fr\/wp-json\/wp\/v2\/posts"}],"about":[{"href":"https:\/\/www.europesays.com\/fr\/wp-json\/wp\/v2\/types\/post"}],"author":[{"embeddable":true,"href":"https:\/\/www.europesays.com\/fr\/wp-json\/wp\/v2\/users\/2"}],"replies":[{"embeddable":true,"href":"https:\/\/www.europesays.com\/fr\/wp-json\/wp\/v2\/comments?post=231387"}],"version-history":[{"count":0,"href":"https:\/\/www.europesays.com\/fr\/wp-json\/wp\/v2\/posts\/231387\/revisions"}],"wp:featuredmedia":[{"embeddable":true,"href":"https:\/\/www.europesays.com\/fr\/wp-json\/wp\/v2\/media\/231388"}],"wp:attachment":[{"href":"https:\/\/www.europesays.com\/fr\/wp-json\/wp\/v2\/media?parent=231387"}],"wp:term":[{"taxonomy":"category","embeddable":true,"href":"https:\/\/www.europesays.com\/fr\/wp-json\/wp\/v2\/categories?post=231387"},{"taxonomy":"post_tag","embeddable":true,"href":"https:\/\/www.europesays.com\/fr\/wp-json\/wp\/v2\/tags?post=231387"}],"curies":[{"name":"wp","href":"https:\/\/api.w.org\/{rel}","templated":true}]}}