{"id":231392,"date":"2025-07-06T22:41:16","date_gmt":"2025-07-06T22:41:16","guid":{"rendered":"https:\/\/www.europesays.com\/fr\/231392\/"},"modified":"2025-07-06T22:41:16","modified_gmt":"2025-07-06T22:41:16","slug":"ce-videoprojecteur-full-hd-parfait-pour-vos-soirees-cine-dete-est-solde-a-un-super-prix","status":"publish","type":"post","link":"https:\/\/www.europesays.com\/fr\/231392\/","title":{"rendered":"Ce vid\u00e9oprojecteur Full HD parfait pour vos soir\u00e9es cin\u00e9 d\u2019\u00e9t\u00e9 est sold\u00e9 \u00e0 un super prix\u00a0"},"content":{"rendered":"<p>Les promotions sur nombreuses du c\u00f4t\u00e9 des t\u00e9l\u00e9viseurs pendant les soldes, mais si vous \u00eates int\u00e9ress\u00e9s par un vid\u00e9oprojecteur on trouve aussi de belles offres, comme le Philips NeoPix Ultra 2 TV+ qui passe de 239 euros \u00e0 179 euros.\u00a0<\/p>\n<p><a target=\"_blank\" href=\"https:\/\/images.frandroid.com\/wp-content\/uploads\/2025\/07\/philips-neopix-ultra-2-tv-soldes-dete-2025.jpg\" class=\"article-content__figure\" rel=\"noopener\"><img fetchpriority=\"high\" decoding=\"async\" loading=\"eager\" width=\"1200\" height=\"675\" src=\"https:\/\/www.europesays.com\/fr\/wp-content\/uploads\/2025\/07\/philips-neopix-ultra-2-tv-soldes-dete-2025.jpg\" alt=\"\" class=\"wp-image-2716233 wp-image wp-image\"  \/><\/a><\/p>\n<p>Si vous souhaitez transformer votre salon en cin\u00e9ma miniature, miser sur un <a href=\"https:\/\/www.frandroid.com\/guide-dachat\/843269_meilleurs-videoprojecteurs-selection\" target=\"_blank\" rel=\"noopener\">vid\u00e9oprojecteur<\/a> reste la meilleure solution.\u00a0Et si vous attendiez <a href=\"https:\/\/www.frandroid.com\/bons-plans\/2710589_soldes-dete-en-direct-voici-les-nouvelles-offres-incontournables-pour-cette-nouvelle-semaine-de-promotions\" target=\"_blank\" rel=\"noopener\">les soldes<\/a> pour vous en procurer un, vous pouvez vous tourner vers le Philips NeoPix Ultra 2 TV+. Il diffuse des images en FHD jusqu\u2019\u00e0 120 pouces, avec un prix plus doux <a href=\"https:\/\/shop.frandroid.com\/cf55c2bo\" target=\"_blank\" rel=\"noreferrer noopener affiliate nofollow\" data-gtm=\"{&quot;event&quot;:&quot;afficlic&quot;,&quot;nom_marchand&quot;:&quot;son_video&quot;,&quot;nom_produit&quot;:&quot;inconnu&quot;,&quot;categorie_produit&quot;:&quot;inconnu&quot;,&quot;module_produit&quot;:&quot;editolink&quot;,&quot;position_marchand&quot;:0,&quot;texte&quot;:&quot;suite-a-25-de-remise&quot;,&quot;offer_url&quot;:&quot;https:\/\/shop.frandroid.com\/cf55c2bo&quot;,&quot;zone&quot;:&quot;contenu-page&quot;}\">suite \u00e0 25 % de remise.<\/a><\/p>\n<p>Le Philips NeoPix Ultra 2 TV+ en r\u00e9sum\u00e9<\/p>\n<ul class=\"wp-block-list\">\n<li>Un format compact <\/li>\n<li>Une image FHD jusqu\u2019\u00e0 120 pouces <\/li>\n<li>Android TV de la partie <\/li>\n<\/ul>\n<p>Avec un prix barr\u00e9 \u00e0 239 euros, le vid\u00e9oprojecteur Philips NeoPix Ultra 2 TV+ est actuellement <a href=\"https:\/\/shop.frandroid.com\/cf55c2bo\" target=\"_blank\" rel=\"noreferrer noopener affiliate nofollow\" data-gtm=\"{&quot;event&quot;:&quot;afficlic&quot;,&quot;nom_marchand&quot;:&quot;son_video&quot;,&quot;nom_produit&quot;:&quot;inconnu&quot;,&quot;categorie_produit&quot;:&quot;inconnu&quot;,&quot;module_produit&quot;:&quot;editolink&quot;,&quot;position_marchand&quot;:0,&quot;texte&quot;:&quot;remise-a-179-euros-sur-le-site-son-video-com&quot;,&quot;offer_url&quot;:&quot;https:\/\/shop.frandroid.com\/cf55c2bo&quot;,&quot;zone&quot;:&quot;contenu-page&quot;}\">remis\u00e9 \u00e0 179 euros sur le site son-video.com.<\/a><\/p>\n<p>Un vid\u00e9oprojecteur simple \u00e0 mettre en route <\/p>\n<p>            <img decoding=\"async\" width=\"1200\" height=\"438\" loading=\"lazy\" alt=\"Remise de 500 euros(2)\" title=\"Remise de 500 euros(2)\" class=\"is-radiusless placeholder-default wp-image\" src=\"https:\/\/www.europesays.com\/fr\/wp-content\/uploads\/2025\/07\/remise-de-500-euros2-1200x438.jpg\" \/>        <\/p>\n<p>\n                -500 \u20ac pour cette barre de son not\u00e9e 9\/10            <\/p>\n<p class=\"has-text-weight-medium is-size-6 is-line-height-normal\">\n                Pour une exp\u00e9rience cin\u00e9ma \u00e0 la maison, d\u00e9couvrez la barre de son Samsung Q995F. Sa spatialisation 11.1.4 vous plonge dans l\u2019ambiance de vos films avec des d\u00e9tails subtils et une immersion bluffante.            <\/p>\n<p>Le Philips NeoPix Ultra 2 TV+ est un vid\u00e9oprojecteur qui se fond dans le d\u00e9cor, et peut se d\u00e9placer facilement d\u2019une pi\u00e8ce \u00e0 l\u2019autre malgr\u00e9 ses dimensions (315 mm x 235 mm x 120 mm et 2,9 kg). Il suffit de placer le projecteur sur une surface plane, une table ou un meuble, devant la surface de projection, ou de le monter au plafond si besoin. <\/p>\n<p>Le vid\u00e9oprojecteur mise sur un aspect minimaliste avec un coloris blanc qui s\u2019accompagne d\u2019une bonne connectique. Au dos, on retrouve un port USB-A, un port USB-C, un port HDMI et une entr\u00e9e casque.<\/p>\n<p>Du FHD sur 120 pouces <\/p>\n<p>Le Philips NeoPix Ultra 2 TV+ est capable de restituer une image en Full HD (1 920 x 1 080) et dispose \u00e0 pr\u00e9sent d\u2019une ampoule LED de 450 lumens. Il n\u2019est pas recommand\u00e9 de l\u2019utiliser en plein jour, mais il devrait apporter une bonne exp\u00e9rience dans la p\u00e9nombre. Et, l\u2019avantage, c\u2019est qu\u2019il peut projeter une image jusqu\u2019\u00e0 120 pouces, mais pour cela, pr\u00e9voyez tout de m\u00eame un recul de 2 \u00e0 3 m\u00e8tres pour obtenir une image grand format.<\/p>\n<p>Il se dote m\u00eame de quelques fonctionnalit\u00e9s bien pratiques comme la correction automatique du trap\u00e8ze et la mise au point manuelle qui permettent d\u2019obtenir rapidement une image parfaitement ajust\u00e9e. Enfin, fonctionnant sur Android TV, il propose toutes les applications phares des plateformes de streaming ainsi que tous les avantages qui vont avec, allant du Chromecast \u00e0 Google Assistant.<\/p>\n<p>Si vous souhaitez comparer le mod\u00e8le de Philips avec d\u2019autres r\u00e9f\u00e9rences sur le march\u00e9, nous vous invitons \u00e0 consulter\u00a0notre s\u00e9lection des <a href=\"https:\/\/www.frandroid.com\/guide-dachat\/1978676_quels-sont-les-meilleurs-videoprojecteurs-pas-chers-en-2024\" target=\"_blank\" rel=\"noopener\">meilleurs vid\u00e9oprojecteurs pas chers.\u00a0<\/a><\/p>\n<p>Les Soldes d\u2019\u00e9t\u00e9 2025 avec Frandroid<\/p>\n<p>Jusqu\u2019au 22 juillet prochain, ce sont <a href=\"https:\/\/www.frandroid.com\/bons-plans\/2717571_soldes-dete-la-deuxieme-demarque-est-lancee-voici-les-meilleures-offres-en-direct\" data-type=\"link\" data-id=\"https:\/\/www.frandroid.com\/bons-plans\/2717571_soldes-dete-la-deuxieme-demarque-est-lancee-voici-les-meilleures-offres-en-direct\" target=\"_blank\" rel=\"noreferrer noopener\">les soldes d\u2019\u00e9t\u00e9 en France<\/a>. En cette occasion, la r\u00e9daction de Frandroid met \u00e0 votre service son expertise en mati\u00e8re de nouvelles technologies pour vous aider \u00e0 faire votre choix dans votre prochain achat Tech \u00e0 prix r\u00e9duit. Il y a plusieurs articles avec diff\u00e9rentes th\u00e9matiques, \u00e0 vous de choisir :<\/p>\n<p>Et pour \u00eatre s\u00fbr de ne manquer aucun bon plan de l\u2019\u00e9dition 2025 des soldes d\u2019\u00e9t\u00e9, vous pouvez aussi : <\/p>\n<ul class=\"wp-block-list\">\n<li>Nous suivre sur notre compte X\u00a0<a href=\"https:\/\/twitter.com\/FrandroidPromos\" target=\"_blank\" rel=\"noopener noreferrer\">@FrandroidPromos<\/a> uniquement d\u00e9di\u00e9 aux bons plans (pensez \u00e0 activer la cloche pour recevoir les notifications en temps r\u00e9el)<\/li>\n<li>\n<a href=\"https:\/\/whatsapp.com\/channel\/0029VabYxm5LI8YhSlD8xc05\" target=\"_blank\" rel=\"noopener\">Rejoindre notre canal WhatsApp<\/a> pour recevoir une fois par jour un condens\u00e9 des meilleures offres<\/li>\n<li>T\u00e9l\u00e9charger notre <a href=\"https:\/\/www.frandroid.com\/telecharger\/apps\/frandroid\" target=\"_blank\" rel=\"noopener\">application Frandroid<\/a> (disponible sur iOS et Android) pour activer les notifications de la cat\u00e9gorie \u00ab Bons Plans \u00bb et ainsi recevoir en temps r\u00e9el les nouveaux articles li\u00e9s aux soldes d\u2019\u00e9t\u00e9 2025<\/li>\n<li>S\u2019abonner \u00e0 notre newsletter pour \u00eatre s\u00fbr de recevoir les offres en avant-premi\u00e8re (pas plus d\u2019un mail par jour, d\u00e9sinscription en 1 clic, aucune diffusion \u00e0 des tiers) :<\/li>\n<\/ul>\n<p class=\"newsletter-form__title is-size-6 is-size-7-mobile is-uppercase has-text-good-deals has-text-weight-semibold mb-4 px-5\">Frandroid Bons plans<\/p>\n<p class=\"has-text-centered-tablet newsletter-form__subtitle is-size-4 has-text-weight-bold has-text-primary column is-9-tablet is-10-mobile\">\n                C\u2019est enregistr\u00e9 ! Surveillez votre bo\u00eete aux lettres, vous allez entendre parler de nous\u00a0!\n            <\/p>\n<p class=\"newsletter-form__subtitle is-size-4 has-text-weight-bold has-text-gradient-pink\">Ne manquez aucun bon plan avec notre newsletter<\/p>\n<p class=\"is-size-7\">\n                Les donn\u00e9es transmises par le biais de ce formulaire sont destin\u00e9es \u00e0 Humanoid,<br \/>\n                soci\u00e9t\u00e9 \u00e9ditrice du site Frandroid en sa qualit\u00e9 de responsable de traitement.<br \/>\n                Elles ne seront en aucun cas c\u00e9d\u00e9es \u00e0 des tiers. Ces donn\u00e9es sont trait\u00e9es sous r\u00e9serve d\u2019obtention de<br \/>\n                votre consentement pour vous envoyer par e-mail des actualit\u00e9s et informations relatives aux contenus<br \/>\n                \u00e9ditoriaux publi\u00e9s sur Frandroid. Vous pouvez vous opposer \u00e0 tout moment \u00e0 ces e-mails<br \/>\n                en cliquant sur les liens de d\u00e9sinscriptions pr\u00e9sents dans chacun d\u2019eux. Pour plus d\u2019informations, vous<br \/>\n                pouvez consulter l\u2019int\u00e9gralit\u00e9 de notre <a href=\"https:\/\/www.frandroid.com\/politique-donnees-personnelles\" target=\"_blank\" rel=\"noopener\"><br \/>\n                politique de traitement de vos donn\u00e9es personnelles<\/a>.<br \/>\n                Vous disposez d\u2019un droit d\u2019acc\u00e8s, de rectification, d\u2019effacement, de limitation, de portabilit\u00e9 et<br \/>\n                d\u2019opposition pour motif l\u00e9gitime aux donn\u00e9es personnelles vous concernant. Pour exercer l\u2019un de ces droits,<br \/>\n                merci d\u2019effectuer votre demande via notre <a href=\"https:\/\/www.frandroid.com\/contact\/#RGPD\" target=\"_blank\" rel=\"noopener\">formulaire<br \/>\n                de demandes d\u2019exercices de droits d\u00e9di\u00e9<\/a>.\n            <\/p>\n<p>            <script async src=\"https:\/\/platform.twitter.com\/widgets.js\" charset=\"utf-8\"><\/script><\/p>\n","protected":false},"excerpt":{"rendered":"Les promotions sur nombreuses du c\u00f4t\u00e9 des t\u00e9l\u00e9viseurs pendant les soldes, mais si vous \u00eates int\u00e9ress\u00e9s par un&hellip;\n","protected":false},"author":2,"featured_media":231393,"comment_status":"","ping_status":"","sticky":false,"template":"","format":"standard","meta":{"footnotes":""},"categories":[7],"tags":[1011,27,43,40,41,39,37040,42,44],"class_list":{"0":"post-231392","1":"post","2":"type-post","3":"status-publish","4":"format-standard","5":"has-post-thumbnail","7":"category-sciences-et-technologies","8":"tag-fr","9":"tag-france","10":"tag-science","11":"tag-science-and-technology","12":"tag-sciences","13":"tag-sciences-et-technologies","14":"tag-son-video","15":"tag-technologies","16":"tag-technology"},"share_on_mastodon":{"url":"https:\/\/pubeurope.com\/@fr\/114808703317222769","error":""},"_links":{"self":[{"href":"https:\/\/www.europesays.com\/fr\/wp-json\/wp\/v2\/posts\/231392","targetHints":{"allow":["GET"]}}],"collection":[{"href":"https:\/\/www.europesays.com\/fr\/wp-json\/wp\/v2\/posts"}],"about":[{"href":"https:\/\/www.europesays.com\/fr\/wp-json\/wp\/v2\/types\/post"}],"author":[{"embeddable":true,"href":"https:\/\/www.europesays.com\/fr\/wp-json\/wp\/v2\/users\/2"}],"replies":[{"embeddable":true,"href":"https:\/\/www.europesays.com\/fr\/wp-json\/wp\/v2\/comments?post=231392"}],"version-history":[{"count":0,"href":"https:\/\/www.europesays.com\/fr\/wp-json\/wp\/v2\/posts\/231392\/revisions"}],"wp:featuredmedia":[{"embeddable":true,"href":"https:\/\/www.europesays.com\/fr\/wp-json\/wp\/v2\/media\/231393"}],"wp:attachment":[{"href":"https:\/\/www.europesays.com\/fr\/wp-json\/wp\/v2\/media?parent=231392"}],"wp:term":[{"taxonomy":"category","embeddable":true,"href":"https:\/\/www.europesays.com\/fr\/wp-json\/wp\/v2\/categories?post=231392"},{"taxonomy":"post_tag","embeddable":true,"href":"https:\/\/www.europesays.com\/fr\/wp-json\/wp\/v2\/tags?post=231392"}],"curies":[{"name":"wp","href":"https:\/\/api.w.org\/{rel}","templated":true}]}}