{"id":231398,"date":"2025-07-06T22:44:16","date_gmt":"2025-07-06T22:44:16","guid":{"rendered":"https:\/\/www.europesays.com\/fr\/231398\/"},"modified":"2025-07-06T22:44:16","modified_gmt":"2025-07-06T22:44:16","slug":"dissolution-piege-a-macron-liberation","status":"publish","type":"post","link":"https:\/\/www.europesays.com\/fr\/231398\/","title":{"rendered":"Dissolution, pi\u00e8ge \u00e0 Macron ? \u2013 Lib\u00e9ration"},"content":{"rendered":"<p class=\"sc-ksZaOG ehjQrN text-element\">Un anniversaire ? Quel anniversaire ? Le retour du pouvoir de dissolution d\u2019Emmanuel Macron, un an apr\u00e8s le second tour des \u00e9lections l\u00e9gislatives du 7 juillet 2024, est r\u00e9duit \u00e0 un non-\u00e9v\u00e9nement \u00e0 l\u2019Elys\u00e9e. \u00abIl y a des constitutionnalistes qui estiment qu\u2019il est d\u00e9j\u00e0 r\u00e9arm\u00e9 !\u00bb observe-t-on dans son entourage, en r\u00e9f\u00e9rence aux <a href=\"https:\/\/www.liberation.fr\/checknews\/a-partir-de-quelle-date-precisement-macron-peut-il-de-nouveau-dissoudre-lassemblee-nationale-20250630_K2SRXPDGRVGQLCZMMGQWWSM7II\/\" target=\"_blank\" rel=\"noreferrer nofollow noopener\" title=\"https:\/\/www.liberation.fr\/checknews\/a-partir-de-quelle-date-precisement-macron-peut-il-de-nouveau-dissoudre-lassemblee-nationale-20250630_K2SRXPDGRVGQLCZMMGQWWSM7II\/\">d\u00e9bats qui agitent les juristes sur la date exacte <\/a>o\u00f9 l\u2019article 12 de la Constitution permet \u00e0 nouveau au chef de l\u2019Etat de foudroyer l\u2019Assembl\u00e9e. La vraie question, arguties juridiques mises \u00e0 part, \u00e9tant de savoir s\u2019il compte y recourir \u00e0 nouveau avant 2027. Comme en mati\u00e8re de dissuasion nucl\u00e9aire, le pr\u00e9sident de la R\u00e9publique s\u2019ing\u00e9nie \u00e0 entretenir une forme d\u2019ambigu\u00eft\u00e9 strat\u00e9gique. A chaque fois que la question lui est pos\u00e9e, <a href=\"https:\/\/www.liberation.fr\/politique\/lelysee-dement-envisager-une-nouvelle-dissolution-cet-automne-20250423_RNMG7C2FWBHQLOWMQQTAYEVLPQ\/\" target=\"_blank\" rel=\"noreferrer nofollow noopener\" title=\"https:\/\/www.liberation.fr\/politique\/lelysee-dement-envisager-une-nouvelle-dissolution-cet-automne-20250423_RNMG7C2FWBHQLOWMQQTAYEVLPQ\/\">il jure que <\/a><\/p>\n","protected":false},"excerpt":{"rendered":"Un anniversaire ? Quel anniversaire ? Le retour du pouvoir de dissolution d\u2019Emmanuel Macron, un an apr\u00e8s le&hellip;\n","protected":false},"author":2,"featured_media":231399,"comment_status":"","ping_status":"","sticky":false,"template":"","format":"standard","meta":{"footnotes":""},"categories":[4],"tags":[11,416,1073,1011,27,12,25],"class_list":{"0":"post-231398","1":"post","2":"type-post","3":"status-publish","4":"format-standard","5":"has-post-thumbnail","7":"category-france","8":"tag-actualites","9":"tag-assemblee-nationale","10":"tag-emmanuel-macron","11":"tag-fr","12":"tag-france","13":"tag-news","14":"tag-republique-francaise"},"share_on_mastodon":{"url":"https:\/\/pubeurope.com\/@fr\/114808715096933867","error":""},"_links":{"self":[{"href":"https:\/\/www.europesays.com\/fr\/wp-json\/wp\/v2\/posts\/231398","targetHints":{"allow":["GET"]}}],"collection":[{"href":"https:\/\/www.europesays.com\/fr\/wp-json\/wp\/v2\/posts"}],"about":[{"href":"https:\/\/www.europesays.com\/fr\/wp-json\/wp\/v2\/types\/post"}],"author":[{"embeddable":true,"href":"https:\/\/www.europesays.com\/fr\/wp-json\/wp\/v2\/users\/2"}],"replies":[{"embeddable":true,"href":"https:\/\/www.europesays.com\/fr\/wp-json\/wp\/v2\/comments?post=231398"}],"version-history":[{"count":0,"href":"https:\/\/www.europesays.com\/fr\/wp-json\/wp\/v2\/posts\/231398\/revisions"}],"wp:featuredmedia":[{"embeddable":true,"href":"https:\/\/www.europesays.com\/fr\/wp-json\/wp\/v2\/media\/231399"}],"wp:attachment":[{"href":"https:\/\/www.europesays.com\/fr\/wp-json\/wp\/v2\/media?parent=231398"}],"wp:term":[{"taxonomy":"category","embeddable":true,"href":"https:\/\/www.europesays.com\/fr\/wp-json\/wp\/v2\/categories?post=231398"},{"taxonomy":"post_tag","embeddable":true,"href":"https:\/\/www.europesays.com\/fr\/wp-json\/wp\/v2\/tags?post=231398"}],"curies":[{"name":"wp","href":"https:\/\/api.w.org\/{rel}","templated":true}]}}