{"id":231400,"date":"2025-07-06T22:45:12","date_gmt":"2025-07-06T22:45:12","guid":{"rendered":"https:\/\/www.europesays.com\/fr\/231400\/"},"modified":"2025-07-06T22:45:12","modified_gmt":"2025-07-06T22:45:12","slug":"au-festival-garorock-dj-snake-lance-vouloir-racheter-ce-club-de-foot-en-peril","status":"publish","type":"post","link":"https:\/\/www.europesays.com\/fr\/231400\/","title":{"rendered":"Au festival Garorock, DJ Snake lance vouloir \u00ab\u00a0racheter\u00a0\u00bb ce club de foot en p\u00e9ril"},"content":{"rendered":"<p>        <img decoding=\"async\" loading=\"lazy\" src=\"https:\/\/www.europesays.com\/fr\/wp-content\/uploads\/2025\/07\/2dff2cc_upload-1-sov1ipabwwqh-000-48um8hk.jpg\"  width=\"728\" height=\"409\" alt=\"Lors du festival Garorock, \u00e0 Marmande, l\u2019artiste DJ Snake a affirm\u00e9 samedi 5\u00a0juillet au soir vouloir \u00ab\u00a0racheter\u00a0\u00bb un club de foot en p\u00e9ril. (Photo d\u2019illustration)\"\/>  <\/p>\n<p>FRANCK FIFE \/ AFP<\/p>\n<p>Lors du festival Garorock, \u00e0 Marmande, l\u2019artiste DJ Snake a affirm\u00e9 samedi 5\u00a0juillet au soir vouloir \u00ab\u00a0racheter\u00a0\u00bb un club de foot en p\u00e9ril. (Photo d\u2019illustration)<\/p>\n<p class=\"asset asset-text\">FOOTBALL &#8211; Sauveur de club\u00a0de foot en p\u00e9ril ? Lors du <a href=\"https:\/\/www.google.com\/search?sca_esv=e21497dcb0922721&amp;rlz=1C1GCEA_enFR1144FR1144&amp;q=festival+Garorock+le+huffpost&amp;tbm=nws&amp;source=lnms&amp;fbs=AIIjpHx4nJjfGojPVHhEACUHPiMQikyFH3CmH4hhupxxDAHumjJAfWz7twIw8cNREb7abfmjOESSzA6KgaG-GjLo7frf4CBQ24wY-_ZTeBvAhT80Nmq4oDebY2nKotirMy0v20Des08KOxdBZWpOzGeBrJfiB5j9g6qqHBOMY1EZtpJNHJiwhL_WTsMPRC3mh_b0pzgYuEcIyYdoq6BJv2nYIWQVj20V2Q&amp;sa=X&amp;ved=2ahUKEwih_pSkhamOAxU5klYBHUAFNt8Q0pQJKAF6BAgSEAE&amp;biw=1280&amp;bih=551&amp;dpr=1.5\" target=\"_blank\" rel=\"noopener\" title=\"Nouvelle fen\u00eatre\">festival Garorock<\/a>, \u00e0 Marmande, l\u2019artiste <a href=\"https:\/\/www.huffingtonpost.fr\/culture\/article\/meme-dj-snake-recherche-des-places-pour-son-propre-concert-au-stade-de-france_249844.html\" target=\"_blank\" rel=\"noopener\" title=\"Nouvelle fen\u00eatre\">DJ Snake<\/a> a affirm\u00e9 samedi 5\u00a0juillet au soir vouloir \u00ab\u00a0racheter\u00a0\u00bb les Girondins de Bordeaux, englu\u00e9 en National 2\u00a0depuis la saison derni\u00e8re, ont rapport\u00e9 en premier nos confr\u00e8res du quotidien <a href=\"https:\/\/www.sudouest.fr\/sport\/football\/girondins-de-bordeaux\/video-girondins-de-bordeaux-dj-snake-annonce-vouloir-racheter-le-club-en-concert-a-garorock-25140252.php\" target=\"_blank\" rel=\"noopener\" title=\"Nouvelle fen\u00eatre\">Sud Ouest<\/a>.<\/p>\n<p class=\"asset asset-text\">Celui qui est connu pour \u00eatre un fan du<a href=\"https:\/\/www.huffingtonpost.fr\/sport\/article\/le-psg-eteint-l-inter-miami-de-messi-et-file-en-quarts-de-finale-de-la-coupe-du-monde-des-clubs_251976.html\" target=\"_blank\" rel=\"noopener\"> Paris Saint-Germain<\/a> a lanc\u00e9 \u00e0 ses fans\u00a0: \u00ab\u00a0J\u2019aimerais beaucoup racheter les Girondins, parce qu\u2019on a besoin des Girondins de Bordeaux\u00a0en Ligue\u00a01, c\u2019est un club l\u00e9gendaire.\u00a0\u00bb<\/p>\n<p class=\"asset asset-text\">Avant de poursuivre, sous les acclamations nourries du public\u00a0: \u00ab\u00a0je ne sais pas s\u2019ils ont merd\u00e9&#8230; Mais respect aux Girondins de Bordeaux\u00a0!\u00a0\u00bb<\/p>\n<p>    Dettes colossales    <\/p>\n<p class=\"asset asset-text\">L\u2019annonce de DJ Snake, totalement inattendue, a forc\u00e9ment surpris le public, <strong>comme vous pouvez le voir sur la vid\u00e9o ci-dessous.<\/strong><\/p>\n<p> La lecture de ce contenu est susceptible d\u2019entra\u00eener un d\u00e9p\u00f4t de cookies de la part de l\u2019op\u00e9rateur tiers qui l\u2019h\u00e9berge. Compte-tenu des choix que vous avez exprim\u00e9s en mati\u00e8re de d\u00e9p\u00f4t de cookies, nous avons bloqu\u00e9 l\u2019affichage de ce contenu. Si vous souhaitez y acc\u00e9der, vous devez accepter la cat\u00e9gorie de cookies \u201cContenus tiers\u201d en cliquant sur le bouton ci-dessous. <\/p>\n<p> Lire la Vid\u00e9o        <\/p>\n<p class=\"asset asset-text\">Sous la pr\u00e9sidence de G\u00e9rard Lopez, les Girondins ont d\u00e9gringol\u00e9 en National 2\u00a0en raison d\u2019un redressement judiciaire entam\u00e9 \u00e0 l\u2019\u00e9t\u00e9 2024. Le club travaille actuellement \u00e0 la validation de son plan de continuation, une \u00e9tape cruciale pour son avenir.<\/p>\n<p class=\"asset asset-text\">Comme le souligne le m\u00e9dia sp\u00e9cialis\u00e9<a href=\"https:\/\/www.footmercato.net\/a667988106335026099-dj-snake-veut-racheter-bordeaux\" target=\"_blank\" rel=\"noopener\" title=\"Nouvelle fen\u00eatre\"> Foot Mercato<\/a>, le club bordelais a int\u00e9ress\u00e9 de nombreux investisseurs, comme l\u2019ancien gardien du Bayern Munich\u00a0Oliver Kahn, qui avait annonc\u00e9 avoir propos\u00e9 30\u00a0millions d\u2019euros pour le rachat des Girondins en mai\u00a02024, avant de se r\u00e9tracter d\u00e9but juin. Les dettes colossales des Girondins finissent toujours pas refroidir les potentiels acqu\u00e9reurs. Mais peut-\u00eatre pas DJ Snake.<\/p>\n","protected":false},"excerpt":{"rendered":"FRANCK FIFE \/ AFP Lors du festival Garorock, \u00e0 Marmande, l\u2019artiste DJ Snake a affirm\u00e9 samedi 5\u00a0juillet au&hellip;\n","protected":false},"author":2,"featured_media":231401,"comment_status":"","ping_status":"","sticky":false,"template":"","format":"standard","meta":{"footnotes":""},"categories":[2],"tags":[11,58,63,1011,27,2908,873,12,517],"class_list":{"0":"post-231400","1":"post","2":"type-post","3":"status-publish","4":"format-standard","5":"has-post-thumbnail","7":"category-actualites","8":"tag-actualites","9":"tag-divertissement","10":"tag-football","11":"tag-fr","12":"tag-france","13":"tag-girondins-de-bordeaux","14":"tag-musique","15":"tag-news","16":"tag-sport"},"share_on_mastodon":{"url":"https:\/\/pubeurope.com\/@fr\/114808718829870516","error":""},"_links":{"self":[{"href":"https:\/\/www.europesays.com\/fr\/wp-json\/wp\/v2\/posts\/231400","targetHints":{"allow":["GET"]}}],"collection":[{"href":"https:\/\/www.europesays.com\/fr\/wp-json\/wp\/v2\/posts"}],"about":[{"href":"https:\/\/www.europesays.com\/fr\/wp-json\/wp\/v2\/types\/post"}],"author":[{"embeddable":true,"href":"https:\/\/www.europesays.com\/fr\/wp-json\/wp\/v2\/users\/2"}],"replies":[{"embeddable":true,"href":"https:\/\/www.europesays.com\/fr\/wp-json\/wp\/v2\/comments?post=231400"}],"version-history":[{"count":0,"href":"https:\/\/www.europesays.com\/fr\/wp-json\/wp\/v2\/posts\/231400\/revisions"}],"wp:featuredmedia":[{"embeddable":true,"href":"https:\/\/www.europesays.com\/fr\/wp-json\/wp\/v2\/media\/231401"}],"wp:attachment":[{"href":"https:\/\/www.europesays.com\/fr\/wp-json\/wp\/v2\/media?parent=231400"}],"wp:term":[{"taxonomy":"category","embeddable":true,"href":"https:\/\/www.europesays.com\/fr\/wp-json\/wp\/v2\/categories?post=231400"},{"taxonomy":"post_tag","embeddable":true,"href":"https:\/\/www.europesays.com\/fr\/wp-json\/wp\/v2\/tags?post=231400"}],"curies":[{"name":"wp","href":"https:\/\/api.w.org\/{rel}","templated":true}]}}