{"id":231404,"date":"2025-07-06T22:51:03","date_gmt":"2025-07-06T22:51:03","guid":{"rendered":"https:\/\/www.europesays.com\/fr\/231404\/"},"modified":"2025-07-06T22:51:03","modified_gmt":"2025-07-06T22:51:03","slug":"football-un-diplome-supplementaire-au-centre-de-formation-de-las-nancy-lorraine-jordan-lhote","status":"publish","type":"post","link":"https:\/\/www.europesays.com\/fr\/231404\/","title":{"rendered":"Football. Un dipl\u00f4m\u00e9 suppl\u00e9mentaire au centre de formation de l\u2019AS Nancy Lorraine\u00a0: Jordan Lhote"},"content":{"rendered":"<p>Un dipl\u00f4m\u00e9 de plus, au centre de formation de l\u2019ASNL en For\u00eat de Haye. Quelques jours apr\u00e8s le coach des U18 du club, l\u2019ancien attaquant pro <a href=\"https:\/\/www.estrepublicain.fr\/sport\/2025\/06\/25\/as-nancy-lorraine-un-precieux-diplome-pour-gaston-curbelo\" target=\"_blank\" rel=\"noopener\">Gaston Curbelo qui a obtenu le pr\u00e9cieux BEFF<\/a> (Brevet d\u2019Entra\u00eeneur Formateur de Football, dipl\u00f4me supr\u00eame en France en mati\u00e8re de formation), c\u2019est le responsable des U16, Jordan Lhote, qui vient de d\u00e9crocher le DESJEPS mention football.<\/p>\n<p>Une bonne nouvelle pour le centre dirig\u00e9 par <a href=\"https:\/\/www.estrepublicain.fr\/sport\/2023\/08\/01\/as-nancy-lorraine-le-nouveau-directeur-du-centre-de-formation-est-nicolas-florentin\" target=\"_blank\" rel=\"noopener\">Nicolas Florentin<\/a> qui continue de performer, malgr\u00e9 des moyens limit\u00e9s. Une belle r\u00e9compense, surtout, pour Jordan Lhote lui-m\u00eame, un fid\u00e8le \u00e9ducateur de l\u2019ASNL appr\u00e9ci\u00e9 pour ses comp\u00e9tences sportives et humaines. Le DESJEPS est le Dipl\u00f4me d\u2019\u00c9tat sup\u00e9rieur de la Jeunesse, de l\u2018\u00c9ducation Populaire et du Sport.<\/p>\n","protected":false},"excerpt":{"rendered":"Un dipl\u00f4m\u00e9 de plus, au centre de formation de l\u2019ASNL en For\u00eat de Haye. Quelques jours apr\u00e8s le&hellip;\n","protected":false},"author":2,"featured_media":231405,"comment_status":"","ping_status":"","sticky":false,"template":"","format":"standard","meta":{"footnotes":""},"categories":[9635],"tags":[1111,11,3703,1704,1777,674,107,1701,63,1011,27,775,1702,1703,12,25,517,1700],"class_list":{"0":"post-231404","1":"post","2":"type-post","3":"status-publish","4":"format-standard","5":"has-post-thumbnail","7":"category-nancy","8":"tag-actu","9":"tag-actualites","10":"tag-asnl","11":"tag-edition-nancy-et-agglomeration","12":"tag-eu","13":"tag-europe","14":"tag-fil-info","15":"tag-fil-info-sport","16":"tag-football","17":"tag-fr","18":"tag-france","19":"tag-grand-est","20":"tag-nancy","21":"tag-nancy-ville-54b","22":"tag-news","23":"tag-republique-francaise","24":"tag-sport","25":"tag-sport-lorrain"},"share_on_mastodon":{"url":"https:\/\/pubeurope.com\/@fr\/114808742414551901","error":""},"_links":{"self":[{"href":"https:\/\/www.europesays.com\/fr\/wp-json\/wp\/v2\/posts\/231404","targetHints":{"allow":["GET"]}}],"collection":[{"href":"https:\/\/www.europesays.com\/fr\/wp-json\/wp\/v2\/posts"}],"about":[{"href":"https:\/\/www.europesays.com\/fr\/wp-json\/wp\/v2\/types\/post"}],"author":[{"embeddable":true,"href":"https:\/\/www.europesays.com\/fr\/wp-json\/wp\/v2\/users\/2"}],"replies":[{"embeddable":true,"href":"https:\/\/www.europesays.com\/fr\/wp-json\/wp\/v2\/comments?post=231404"}],"version-history":[{"count":0,"href":"https:\/\/www.europesays.com\/fr\/wp-json\/wp\/v2\/posts\/231404\/revisions"}],"wp:featuredmedia":[{"embeddable":true,"href":"https:\/\/www.europesays.com\/fr\/wp-json\/wp\/v2\/media\/231405"}],"wp:attachment":[{"href":"https:\/\/www.europesays.com\/fr\/wp-json\/wp\/v2\/media?parent=231404"}],"wp:term":[{"taxonomy":"category","embeddable":true,"href":"https:\/\/www.europesays.com\/fr\/wp-json\/wp\/v2\/categories?post=231404"},{"taxonomy":"post_tag","embeddable":true,"href":"https:\/\/www.europesays.com\/fr\/wp-json\/wp\/v2\/tags?post=231404"}],"curies":[{"name":"wp","href":"https:\/\/api.w.org\/{rel}","templated":true}]}}