{"id":231410,"date":"2025-07-06T23:04:06","date_gmt":"2025-07-06T23:04:06","guid":{"rendered":"https:\/\/www.europesays.com\/fr\/231410\/"},"modified":"2025-07-06T23:04:06","modified_gmt":"2025-07-06T23:04:06","slug":"des-restrictions-de-circulation-importantes-a-prevoir-voici-lesquelles","status":"publish","type":"post","link":"https:\/\/www.europesays.com\/fr\/231410\/","title":{"rendered":"des restrictions de circulation importantes \u00e0 pr\u00e9voir, voici lesquelles"},"content":{"rendered":"<p>            Par<br \/>\n        <strong><br \/>\n            <a href=\"https:\/\/actu.fr\/auteur\/brian-legoff\" title=\"Consulter tous les articles de Brian Le Goff\" rel=\"nofollow noopener\" target=\"_blank\">Brian Le Goff<\/a><br \/>\n        <\/strong><\/p>\n<p>        Publi\u00e9 le<\/p>\n<p>            4 juil. 2025 \u00e0 18h38        <\/p>\n<p>La Grande Boucle est <strong>de retour ce samedi 5 juillet<\/strong> sur les routes de France pour une 112\u1d49 \u00e9dition. Dans une semaine, les coureurs se retrouveront sur les terres bretonnes pour deux \u00e9tapes du <a href=\"https:\/\/actu.fr\/tag\/tour-de-france-2025\" rel=\"nofollow noopener\" target=\"_blank\">Tour de France 2025<\/a> :<\/p>\n<ul class=\" wall-content\">\n<li>vendredi 11 juillet, de Saint-Malo \u00e0 M\u00fbr-de-Bretagne pour la 7\u1d49 \u00e9tape ;<\/li>\n<li>samedi 12 juillet, de Saint-M\u00e9en-le-Grand \u00e0 Laval pour la 8\u1d49 \u00e9tape.<\/li>\n<\/ul>\n<p class=\" wall-content\">Par cons\u00e9quent, <strong>l\u2019\u00e9v\u00e9nement mondial entra\u00eenera des perturbations<\/strong> de circulation sur certains axes secondaires des communes travers\u00e9es, temporise la pr\u00e9fecture d\u2019Ille-et-Vilaine.<\/p>\n<p>    <img   decoding=\"async\" loading=\"lazy\" src=\"https:\/\/www.europesays.com\/fr\/wp-content\/uploads\/2025\/07\/restrictions-circulation-passage-2025-tour-de-france-pr7s-de-rennes-ille6et6vilaine-960x640.png\" alt=\"Les secteurs ferm\u00e9s \u00e0 la circulation lors de la 7\u00e8 \u00e9tape du Tour.\" width=\"960\" height=\"640\"\/><br \/>\n    Les secteurs ferm\u00e9s \u00e0 la circulation lors de la 7\u1d49 \u00e9tape du Tour. (\u00a9 Pr\u00e9fecture d\u2019Ille-et-Vilaine)<\/p>\n<p class=\" wall-content\"><strong>Lors de la 7\u1d49 \u00e9tape,<\/strong> deux secteurs seront ferm\u00e9s en Ille-et-Vilaine :<\/p>\n<ul class=\" wall-content\">\n<li>Entre Saint-Malo et Ch\u00e2teauneuf-d\u2019Ille-et-Vilaine d\u2019abord, entre 9 h15 et 13h15 ;<\/li>\n<li>\u00c0 partir de la D794 au nord de Plesder jusqu\u2019\u00e0 Tr\u00e9v\u00e9rien entre 10h et 13h45.<\/li>\n<\/ul>\n<p>Vid\u00e9os : en ce moment sur Actu<br \/>\n    <img   decoding=\"async\" loading=\"lazy\" src=\"https:\/\/www.europesays.com\/fr\/wp-content\/uploads\/2025\/07\/tour-de-france-2025-960x640.png\" alt=\"La carte des secteurs de routes ferm\u00e9s le samedi 12 juillet en Ille-et-Vilaine.\" width=\"960\" height=\"640\"\/><br \/>\n    La carte des secteurs de routes ferm\u00e9s le samedi 12 juillet en Ille-et-Vilaine. (\u00a9Pr\u00e9fecture d\u2019Ille-et-Vilaine)<\/p>\n<p class=\" wall-content\">Samedi 12 juillet, pour la huiti\u00e8me \u00e9tape, ce ne sont pas moins de quatre secteurs qui seront ferm\u00e9s \u00e0 la circulation pour une dur\u00e9e d\u2019environ 4h :<\/p>\n<ul class=\" wall-content\">\n<li>Entre Saint-M\u00e9en-le-Grand, village-d\u00e9part, et Romill\u00e9, de 10 h \u00e0 14h15 ;<\/li>\n<li>Entre Romill\u00e9 et Chasn\u00e9-sur-Illet, de 10h45 \u00e0 14h15 ;<\/li>\n<li>Entre Chasn\u00e9-sur-Illet et Marpir\u00e9, de 11h15 \u00e0 15h30 ;<\/li>\n<li>Entre Marpir\u00e9 et Gennes-sur-Seiche, de 11h45 \u00e0 16h ;<\/li>\n<\/ul>\n<p>Conseils au usagers de la route et habitants du d\u00e9partement<\/p>\n<p>La pr\u00e9fecture donne de nombreuses recommandations pour le jour de l&rsquo;\u00e9v\u00e9nement :<br \/>1-) Pr\u00e9parez votre journ\u00e9e<br \/>&#8211; Anticipez vos d\u00e9placements afin d&rsquo;arriver \u00e0 votre destination en dehors des horaires de coupure sur un secteur coup\u00e9 ;<br \/>&#8211; Empruntez les points de passage autoris\u00e9s pour contourner la course ;<br \/>&#8211; Anticipez votre arriv\u00e9e sur le parcours de l\u2019\u00e9tape ou dans les communes travers\u00e9es ;<br \/>&#8211; En cas de fortes chaleurs, pr\u00e9voyez de l\u2019eau, une casquette et une protection solaire.<br \/>2-) Pendant le passage de la course<br \/>&#8211; Les enfants doivent rester en permanence sous la surveillance des parents ;<br \/>&#8211; Prenez garde \u00e0 vos animaux : tenez-les en laisse et loin du bord de la route ;<br \/>&#8211; Lors du passage de la caravane, ne traversez jamais la route pour r\u00e9cup\u00e9rer des objets publicitaires ;<br \/>&#8211; Restez derri\u00e8re les barri\u00e8res de s\u00e9curit\u00e9 et n\u2019empi\u00e9tez pas sur la chauss\u00e9e <br \/>&#8211; Ne vous installez pas \u00e0 la sortie d\u2019un virage ;<br \/>&#8211; N\u2019encouragez pas les coureurs en courant \u00e0 leurs c\u00f4t\u00e9s ;<br \/>&#8211; Privil\u00e9giez les gobelets recyclables \u00e0 proximit\u00e9 de la course afin d\u2019\u00e9viter tout risque de bris de verre. <br \/>3-) Apr\u00e8s la course<br \/>&#8211; Soyez attentifs pour la s\u00e9curit\u00e9 des agents des routes et pour la v\u00f4tre en quittant la zone d&rsquo;arriv\u00e9e ;<br \/>&#8211; Redoublez de vigilance lors de votre d\u00e9part des zones d\u2019arriv\u00e9e ;<br \/>&#8211; Respectez les consignes des forces de l\u2019ordre et des agents de s\u00e9curit\u00e9 ;<br \/>&#8211; Adoptez les bons r\u00e9flexes au d\u00e9part des zones de stationnement : prudence vis-\u00e0-vis des personnes vuln\u00e9rables, patience en quittant les lieux et civisme en tout temps.<\/p>\n<p>Les 2\u00d72 voies accessibles<\/p>\n<p class=\" wall-content\">Les axes principaux<strong> 2\u00d72 voies<\/strong> du d\u00e9partement <strong>resteront accessibles<\/strong> ; aucune d\u00e9viation g\u00e9n\u00e9rale ne sera mise en place, mais des <strong>coupures ponctuelles de voirie, d\u2019une dur\u00e9e maximale de 4 h<\/strong>, sont programm\u00e9es sur les secteurs concern\u00e9s par le passage de la course.<\/p>\n<p class=\" wall-content\">Pendant cette dur\u00e9e, seuls les services d\u2019urgence pourront franchir, si n\u00e9cessaire et sur autorisation du COD, l\u2019itin\u00e9raire de la course :<\/p>\n<ul class=\" wall-content\">\n<li><strong>en cas d\u2019urgence<\/strong> m\u00e9dicale dans les zones concern\u00e9es par le p\u00e9rim\u00e8tre du Tour de France, les usagers ne doivent pas prendre leur v\u00e9hicule, mais contacter le 112 pour une prise en charge adapt\u00e9e par les secours. Les \u00e9vacuations vers les \u00e9tablissements hospitaliers seront r\u00e9gul\u00e9es par le SAMU, depuis le lieu de prise en charge. Les rendez-vous, y compris m\u00e9dicaux programm\u00e9s, ne sont pas consid\u00e9r\u00e9s comme des urgences et ne pourront \u00eatre avanc\u00e9s pour franchir l\u2019itin\u00e9raire de la course.<\/li>\n<li><strong>en cas d\u2019incendie,<\/strong> les centres de secours interviendront comme habituellement.<\/li>\n<li><strong>en cas de d\u00e9placements personnels<\/strong> et professionnels, les automobilistes devront emprunter les points de passage indiqu\u00e9s afin de contourner la course.<\/li>\n<\/ul>\n<p class=\" wall-content\">En dehors de ces cas, <strong>toute travers\u00e9e<\/strong> en v\u00e9hicule est strictement <strong>interdite<\/strong>. Les usagers des axes routiers sont invit\u00e9s \u00e0 respecter les fermetures des routes et les d\u00e9viations mises en place.<\/p>\n<p class=\" wall-content\">Dans chaque ville-d\u00e9part, un centre op\u00e9rationnel d\u00e9partemental sera activ\u00e9 pour assurer la coordination entre les forces de l\u2019ordre, les services de secours et les organisateurs de l\u2019\u00e9v\u00e9nement.<\/p>\n<p class=\" wall-content\">Suivez toute l\u2019actualit\u00e9 de vos villes et m\u00e9dias favoris en vous inscrivant \u00e0 <a href=\"https:\/\/moncompte.actu.fr\" title=\"D\u00e9couvez Mon Actu\" rel=\"nofollow noopener\" data-trk=\"{&quot;cta&quot;:{&quot;action&quot;:&quot;https:\\\/\\\/moncompte.actu.fr&quot;,&quot;category&quot;:&quot;mon compte&quot;,&quot;from&quot;:&quot;article footer&quot;,&quot;name&quot;:&quot;Mon actu&quot;,&quot;type&quot;:&quot;cta&quot;}}\" target=\"_blank\">Mon Actu<\/a>.<\/p>\n<ul class=\"ac-article-tag wall-content\">\n<li><a href=\"https:\/\/actu.fr\/tag\/circulation\" data-trk=\"{&quot;cta&quot;:{&quot;action&quot;:&quot;Circulation&quot;,&quot;category&quot;:&quot;tag&quot;,&quot;from&quot;:&quot;article footer&quot;,&quot;name&quot;:&quot;Circulation&quot;,&quot;type&quot;:&quot;cta&quot;}}\" rel=\"nofollow noopener\" target=\"_blank\">#Circulation<\/a><\/li>\n<li><a href=\"https:\/\/actu.fr\/tag\/tour-de-france-2025\" data-trk=\"{&quot;cta&quot;:{&quot;action&quot;:&quot;Tour de France 2025&quot;,&quot;category&quot;:&quot;tag&quot;,&quot;from&quot;:&quot;article footer&quot;,&quot;name&quot;:&quot;Tour de France 2025&quot;,&quot;type&quot;:&quot;cta&quot;}}\" rel=\"nofollow noopener\" target=\"_blank\">#Tour de France 2025<\/a><\/li>\n<\/ul>\n","protected":false},"excerpt":{"rendered":"Par Brian Le Goff Publi\u00e9 le 4 juil. 2025 \u00e0 18h38 La Grande Boucle est de retour ce&hellip;\n","protected":false},"author":2,"featured_media":231411,"comment_status":"","ping_status":"","sticky":false,"template":"","format":"standard","meta":{"footnotes":""},"categories":[2821],"tags":[1111,11,829,3542,1777,674,3696,1011,27,12,584,25,210,2116],"class_list":{"0":"post-231410","1":"post","2":"type-post","3":"status-publish","4":"format-standard","5":"has-post-thumbnail","7":"category-rennes","8":"tag-actu","9":"tag-actualites","10":"tag-bretagne","11":"tag-circulation","12":"tag-eu","13":"tag-europe","14":"tag-evenements","15":"tag-fr","16":"tag-france","17":"tag-news","18":"tag-rennes","19":"tag-republique-francaise","20":"tag-tour-de-france","21":"tag-tour-de-france-2025"},"share_on_mastodon":{"url":"https:\/\/pubeurope.com\/@fr\/114808793612109780","error":""},"_links":{"self":[{"href":"https:\/\/www.europesays.com\/fr\/wp-json\/wp\/v2\/posts\/231410","targetHints":{"allow":["GET"]}}],"collection":[{"href":"https:\/\/www.europesays.com\/fr\/wp-json\/wp\/v2\/posts"}],"about":[{"href":"https:\/\/www.europesays.com\/fr\/wp-json\/wp\/v2\/types\/post"}],"author":[{"embeddable":true,"href":"https:\/\/www.europesays.com\/fr\/wp-json\/wp\/v2\/users\/2"}],"replies":[{"embeddable":true,"href":"https:\/\/www.europesays.com\/fr\/wp-json\/wp\/v2\/comments?post=231410"}],"version-history":[{"count":0,"href":"https:\/\/www.europesays.com\/fr\/wp-json\/wp\/v2\/posts\/231410\/revisions"}],"wp:featuredmedia":[{"embeddable":true,"href":"https:\/\/www.europesays.com\/fr\/wp-json\/wp\/v2\/media\/231411"}],"wp:attachment":[{"href":"https:\/\/www.europesays.com\/fr\/wp-json\/wp\/v2\/media?parent=231410"}],"wp:term":[{"taxonomy":"category","embeddable":true,"href":"https:\/\/www.europesays.com\/fr\/wp-json\/wp\/v2\/categories?post=231410"},{"taxonomy":"post_tag","embeddable":true,"href":"https:\/\/www.europesays.com\/fr\/wp-json\/wp\/v2\/tags?post=231410"}],"curies":[{"name":"wp","href":"https:\/\/api.w.org\/{rel}","templated":true}]}}