{"id":231420,"date":"2025-07-06T23:11:11","date_gmt":"2025-07-06T23:11:11","guid":{"rendered":"https:\/\/www.europesays.com\/fr\/231420\/"},"modified":"2025-07-06T23:11:11","modified_gmt":"2025-07-06T23:11:11","slug":"dans-la-metropole-de-bordeaux-cette-commune-decide-de-rallumer-leclairage-public-toute-la-nuit","status":"publish","type":"post","link":"https:\/\/www.europesays.com\/fr\/231420\/","title":{"rendered":"Dans la m\u00e9tropole de Bordeaux, cette commune d\u00e9cide de rallumer l&rsquo;\u00e9clairage public toute la nuit"},"content":{"rendered":"<p>            Par<br \/>\n        <strong><br \/>\n            <a href=\"https:\/\/actu.fr\/auteur\/redaction-bordeaux\" title=\"Consulter tous les articles de R\u00e9daction Bordeaux\" target=\"_blank\" rel=\"noopener\">R\u00e9daction Bordeaux<\/a><br \/>\n        <\/strong><\/p>\n<p>        Publi\u00e9 le<\/p>\n<p>            6 juil. 2025 \u00e0 9h46        <\/p>\n<p>La Ville de Talence a d\u00e9cid\u00e9 lors du conseil municipal du 30 juin de <strong>rallumer l\u2019\u00e9clairage public toute la nuit<\/strong> \u00e0 partir du 15 juillet 2025.<\/p>\n<p class=\" wall-content\">La commune de la m\u00e9tropole bordelaise avait pourtant choisi en 2018 d\u2019\u00e9teindre ses lampadaires entre 1h et 5h du matin, dans une logique d\u2019<strong>\u00e9conomie d\u2019\u00e9nergie<\/strong> et de <strong>pr\u00e9servation de la<\/strong> <a href=\"https:\/\/actu.fr\/biodiversite\" target=\"_blank\" rel=\"noopener\">biodiversit\u00e9<\/a>.<\/p>\n<p class=\" wall-content\">Les \u00e9lus sont revenus sur cette d\u00e9cision \u00e0 la demande de la population. \u00ab\u00a0Ces derni\u00e8res ann\u00e9es, les usages nocturnes ont \u00e9volu\u00e9 : pi\u00e9tons, cyclistes, automobilistes et usagers des transports en commun nocturnes du <a href=\"https:\/\/actu.fr\/tag\/tbm\" target=\"_blank\" rel=\"noopener\">r\u00e9seau TBM<\/a> ont exprim\u00e9 le besoin d\u2019une meilleure visibilit\u00e9 lors de leurs d\u00e9placements tardifs.\u00a0\u00bb<\/p>\n<p>Un retour d\u2019exp\u00e9rience en 2026<\/p>\n<p class=\" wall-content\">Seules deux zones dites \u00ab trames noires \u00bb, situ\u00e9es avenue Haut-Brion et avenue de la Marne,<br \/>restent totalement \u00e9teintes la nuit afin de prot\u00e9ger les esp\u00e8ces nocturnes, tout comme les parcs, jardins et espaces verts dont les \u00e9clairages sont d\u00e9sactiv\u00e9s hors heures d\u2019ouverture.<\/p>\n<p class=\" wall-content\">Le nouveau dispositif repose sur un principe simple :<\/p>\n<p>Vid\u00e9os : en ce moment sur Actu<\/p>\n<ul class=\" wall-content\">\n<li>Avant 1h : la lumi\u00e8re reste active, une intensit\u00e9 progressivement r\u00e9duite, mais qui reste plus \u00e9lev\u00e9e afin de faciliter les d\u00e9placements en soir\u00e9e.<\/li>\n<li>De 1h \u00e0 5h du matin : un \u00e9clairage continu sur l\u2019ensemble du territoire communal entre 1h et 5h du matin \u00e0 une intensit\u00e9 r\u00e9duite de 1 lux, soit l\u2019\u00e9quivalent d\u2019une nuit de pleine lune.<\/li>\n<li>\u00c0 partir de 5h : l\u2019intensit\u00e9 lumineuse augmente progressivement jusqu\u2019\u00e0 l\u2019aube.<\/li>\n<\/ul>\n<p class=\" wall-content\">L\u2019ensemble de cette d\u00e9marche fera l\u2019objet d\u2019<strong>un retour d\u2019exp\u00e9rience \u00e0 l\u2019\u00e9t\u00e9 2026<\/strong>, pour recueillir les avis des habitants, \u00e9valuer l\u2019impact du nouveau dispositif sur le confort de d\u00e9placement et identifier d\u2019\u00e9ventuels ajustements \u00e0 op\u00e9rer selon les usages.\u00a0<\/p>\n<p class=\" wall-content\">Suivez toute l\u2019actualit\u00e9 de vos villes et m\u00e9dias favoris en vous inscrivant \u00e0 <a href=\"https:\/\/moncompte.actu.fr\" title=\"D\u00e9couvez Mon Actu\" rel=\"nofollow noopener\" data-trk=\"{&quot;cta&quot;:{&quot;action&quot;:&quot;https:\\\/\\\/moncompte.actu.fr&quot;,&quot;category&quot;:&quot;mon compte&quot;,&quot;from&quot;:&quot;article footer&quot;,&quot;name&quot;:&quot;Mon actu&quot;,&quot;type&quot;:&quot;cta&quot;}}\" target=\"_blank\">Mon Actu<\/a>.<\/p>\n<ul class=\"ac-article-tag wall-content\">\n<li><a href=\"https:\/\/actu.fr\/tag\/bordeaux-metropole\" data-trk=\"{&quot;cta&quot;:{&quot;action&quot;:&quot;Bordeaux M\\u00e9tropole&quot;,&quot;category&quot;:&quot;tag&quot;,&quot;from&quot;:&quot;article footer&quot;,&quot;name&quot;:&quot;Bordeaux M\\u00e9tropole&quot;,&quot;type&quot;:&quot;cta&quot;}}\" target=\"_blank\" rel=\"noopener\">#Bordeaux M\u00e9tropole<\/a><\/li>\n<li><a href=\"https:\/\/actu.fr\/tag\/securite-routiere\" data-trk=\"{&quot;cta&quot;:{&quot;action&quot;:&quot;S\\u00e9curit\\u00e9 routi\\u00e8re&quot;,&quot;category&quot;:&quot;tag&quot;,&quot;from&quot;:&quot;article footer&quot;,&quot;name&quot;:&quot;S\\u00e9curit\\u00e9 routi\\u00e8re&quot;,&quot;type&quot;:&quot;cta&quot;}}\" target=\"_blank\" rel=\"noopener\">#S\u00e9curit\u00e9 routi\u00e8re<\/a><\/li>\n<\/ul>\n","protected":false},"excerpt":{"rendered":"Par R\u00e9daction Bordeaux Publi\u00e9 le 6 juil. 2025 \u00e0 9h46 La Ville de Talence a d\u00e9cid\u00e9 lors du&hellip;\n","protected":false},"author":2,"featured_media":56070,"comment_status":"","ping_status":"","sticky":false,"template":"","format":"standard","meta":{"footnotes":""},"categories":[2817],"tags":[1111,11,1997,2904,1777,674,1011,27,12,2219,316,25,5009],"class_list":{"0":"post-231420","1":"post","2":"type-post","3":"status-publish","4":"format-standard","5":"has-post-thumbnail","7":"category-bordeaux","8":"tag-actu","9":"tag-actualites","10":"tag-bordeaux","11":"tag-bordeaux-metropole","12":"tag-eu","13":"tag-europe","14":"tag-fr","15":"tag-france","16":"tag-news","17":"tag-nouvelle-aquitaine","18":"tag-politique","19":"tag-republique-francaise","20":"tag-securite-routiere"},"share_on_mastodon":{"url":"https:\/\/pubeurope.com\/@fr\/114808821699940441","error":""},"_links":{"self":[{"href":"https:\/\/www.europesays.com\/fr\/wp-json\/wp\/v2\/posts\/231420","targetHints":{"allow":["GET"]}}],"collection":[{"href":"https:\/\/www.europesays.com\/fr\/wp-json\/wp\/v2\/posts"}],"about":[{"href":"https:\/\/www.europesays.com\/fr\/wp-json\/wp\/v2\/types\/post"}],"author":[{"embeddable":true,"href":"https:\/\/www.europesays.com\/fr\/wp-json\/wp\/v2\/users\/2"}],"replies":[{"embeddable":true,"href":"https:\/\/www.europesays.com\/fr\/wp-json\/wp\/v2\/comments?post=231420"}],"version-history":[{"count":0,"href":"https:\/\/www.europesays.com\/fr\/wp-json\/wp\/v2\/posts\/231420\/revisions"}],"wp:featuredmedia":[{"embeddable":true,"href":"https:\/\/www.europesays.com\/fr\/wp-json\/wp\/v2\/media\/56070"}],"wp:attachment":[{"href":"https:\/\/www.europesays.com\/fr\/wp-json\/wp\/v2\/media?parent=231420"}],"wp:term":[{"taxonomy":"category","embeddable":true,"href":"https:\/\/www.europesays.com\/fr\/wp-json\/wp\/v2\/categories?post=231420"},{"taxonomy":"post_tag","embeddable":true,"href":"https:\/\/www.europesays.com\/fr\/wp-json\/wp\/v2\/tags?post=231420"}],"curies":[{"name":"wp","href":"https:\/\/api.w.org\/{rel}","templated":true}]}}