{"id":231425,"date":"2025-07-06T23:14:10","date_gmt":"2025-07-06T23:14:10","guid":{"rendered":"https:\/\/www.europesays.com\/fr\/231425\/"},"modified":"2025-07-06T23:14:10","modified_gmt":"2025-07-06T23:14:10","slug":"previsions-du-lundi-7-juillet-2025","status":"publish","type":"post","link":"https:\/\/www.europesays.com\/fr\/231425\/","title":{"rendered":"pr\u00e9visions du lundi 7 juillet 2025"},"content":{"rendered":"<p>Les nuages \u00e0 pr\u00e9voir aujourd&rsquo;hui, \u00e0 Toulouse, et un ciel encore gris. Intemp\u00e9ries : on annonce des pluies \u00e9parses. Il fera 20\u00b0C en moyenne. La ville sera touch\u00e9e par un vent de nord-ouest de 23 km\/h. L&rsquo;apr\u00e8s-midi, le soleil sera dissimul\u00e9 derri\u00e8re des nuages. D&rsquo;un autre c\u00f4t\u00e9, le temps va se r\u00e9chauffer avec une hausse de quelques degr\u00e9s. Les maximales pourront atteindre 25\u00b0C tandis que les minimales seront de 21\u00b0C. Le soir, encore des nuages dans le ciel qui emp\u00eachent le soleil de faire son apparition. Des pluies \u00e9parses vont tomber sur la ville. On passera de lundi \u00e0 mardi par une nuit pluvieuse.<\/p>\n<p>Demain, les Toulousains vont pouvoir b\u00e9n\u00e9ficier d&rsquo;un soleil magnifique. Il va faire en moyenne 20\u00b0C. Une petite brise de nord-ouest sera ressentie par les habitants. Dans la matin\u00e9e, les temp\u00e9ratures avoisineront les 19\u00b0C. Les valeurs vont grimper pendant l&rsquo;apr\u00e8s-midi de plusieurs degr\u00e9s. Les temp\u00e9ratures afficheront entre 25 et 27\u00b0C. Demain soir, le thermom\u00e8tre affichera 24\u00b0C en moyenne.<\/p>\n<p>Les jours se suivent et se ressemblent. Il va faire un temps plut\u00f4t ensoleill\u00e9 avec des temp\u00e9ratures autour de 33\u00b0C.<\/p>\n<p><\/p>\n","protected":false},"excerpt":{"rendered":"Les nuages \u00e0 pr\u00e9voir aujourd&rsquo;hui, \u00e0 Toulouse, et un ciel encore gris. Intemp\u00e9ries : on annonce des pluies&hellip;\n","protected":false},"author":2,"featured_media":231426,"comment_status":"","ping_status":"","sticky":false,"template":"","format":"standard","meta":{"footnotes":""},"categories":[2816],"tags":[1111,11,1777,674,1011,27,2722,2721,12,2680,2119,25,2312],"class_list":{"0":"post-231425","1":"post","2":"type-post","3":"status-publish","4":"format-standard","5":"has-post-thumbnail","7":"category-toulouse","8":"tag-actu","9":"tag-actualites","10":"tag-eu","11":"tag-europe","12":"tag-fr","13":"tag-france","14":"tag-haute-garonne","15":"tag-midi-pyrenees","16":"tag-news","17":"tag-occitanie","18":"tag-previsions-meteo","19":"tag-republique-francaise","20":"tag-toulouse"},"share_on_mastodon":{"url":"https:\/\/pubeurope.com\/@fr\/114808832880180019","error":""},"_links":{"self":[{"href":"https:\/\/www.europesays.com\/fr\/wp-json\/wp\/v2\/posts\/231425","targetHints":{"allow":["GET"]}}],"collection":[{"href":"https:\/\/www.europesays.com\/fr\/wp-json\/wp\/v2\/posts"}],"about":[{"href":"https:\/\/www.europesays.com\/fr\/wp-json\/wp\/v2\/types\/post"}],"author":[{"embeddable":true,"href":"https:\/\/www.europesays.com\/fr\/wp-json\/wp\/v2\/users\/2"}],"replies":[{"embeddable":true,"href":"https:\/\/www.europesays.com\/fr\/wp-json\/wp\/v2\/comments?post=231425"}],"version-history":[{"count":0,"href":"https:\/\/www.europesays.com\/fr\/wp-json\/wp\/v2\/posts\/231425\/revisions"}],"wp:featuredmedia":[{"embeddable":true,"href":"https:\/\/www.europesays.com\/fr\/wp-json\/wp\/v2\/media\/231426"}],"wp:attachment":[{"href":"https:\/\/www.europesays.com\/fr\/wp-json\/wp\/v2\/media?parent=231425"}],"wp:term":[{"taxonomy":"category","embeddable":true,"href":"https:\/\/www.europesays.com\/fr\/wp-json\/wp\/v2\/categories?post=231425"},{"taxonomy":"post_tag","embeddable":true,"href":"https:\/\/www.europesays.com\/fr\/wp-json\/wp\/v2\/tags?post=231425"}],"curies":[{"name":"wp","href":"https:\/\/api.w.org\/{rel}","templated":true}]}}