{"id":231427,"date":"2025-07-06T23:16:12","date_gmt":"2025-07-06T23:16:12","guid":{"rendered":"https:\/\/www.europesays.com\/fr\/231427\/"},"modified":"2025-07-06T23:16:12","modified_gmt":"2025-07-06T23:16:12","slug":"previsions-du-lundi-7-juillet-2025-2","status":"publish","type":"post","link":"https:\/\/www.europesays.com\/fr\/231427\/","title":{"rendered":"pr\u00e9visions du lundi 7 juillet 2025"},"content":{"rendered":"<p>Aujourd&rsquo;hui, \u00e0 Lille, des nuages ne voudront pas c\u00e9der leur place au soleil. Les temp\u00e9ratures seront comprises entre 12 et 18\u00b0C. Il y a un risque d&rsquo;averses le matin. Les maximales atteindront les 15\u00b0C tandis que les minimales seront de 14\u00b0C. Un vent de nord rafra\u00eechira sensiblement l&rsquo;atmosph\u00e8re. L&rsquo;apr\u00e8s-midi, du mauvais temps est \u00e0 pr\u00e9voir. Des pluies \u00e9parses vont tomber. Les valeurs seront de 16\u00b0C au plus bas et de 18\u00b0C au plus haut. Un vent de nord-ouest soufflera \u00e0 27 km\/h. Les temp\u00e9ratures s&rsquo;\u00e9chelonneront entre 13 et 17\u00b0C le soir. On passera de lundi \u00e0 mardi par une nuit claire.<\/p>\n<p>Pour Lille, une m\u00e9t\u00e9o plus chaude est attendue demain puisque le mercure va conna\u00eetre une hausse. Il va faire environ 16\u00b0C. Une modeste brise de nord-ouest sera ressentie par les habitants. Le soleil aura du mal \u00e0 percer au milieu des nuages qui subsisteront dans la matin\u00e9e. Des pluies \u00e9parses vont tomber sur la ville. Il fera 16\u00b0C en moyenne. Le ciel va l\u00e9g\u00e8rement se d\u00e9gager dans l&rsquo;apr\u00e8s-midi avec des \u00e9claircies. Les valeurs afficheront entre 19\u00b0C et 20\u00b0C. Dans la soir\u00e9e, les temp\u00e9ratures tourneront autour des 16\u00b0C.<\/p>\n<p>Les jours s&rsquo;encha\u00eenent et ne changent pas. Le temps sera ensoleill\u00e9 avec des temp\u00e9ratures autour de 25\u00b0C.<\/p>\n<p><\/p>\n","protected":false},"excerpt":{"rendered":"Aujourd&rsquo;hui, \u00e0 Lille, des nuages ne voudront pas c\u00e9der leur place au soleil. Les temp\u00e9ratures seront comprises entre&hellip;\n","protected":false},"author":2,"featured_media":231428,"comment_status":"","ping_status":"","sticky":false,"template":"","format":"standard","meta":{"footnotes":""},"categories":[2815],"tags":[1111,11,1777,674,1011,27,811,1307,12,1308,1309,2119,25],"class_list":{"0":"post-231427","1":"post","2":"type-post","3":"status-publish","4":"format-standard","5":"has-post-thumbnail","7":"category-lille","8":"tag-actu","9":"tag-actualites","10":"tag-eu","11":"tag-europe","12":"tag-fr","13":"tag-france","14":"tag-hauts-de-france","15":"tag-lille","16":"tag-news","17":"tag-nord","18":"tag-nord-pas-de-calais","19":"tag-previsions-meteo","20":"tag-republique-francaise"},"share_on_mastodon":{"url":"https:\/\/pubeurope.com\/@fr\/114808840725744835","error":""},"_links":{"self":[{"href":"https:\/\/www.europesays.com\/fr\/wp-json\/wp\/v2\/posts\/231427","targetHints":{"allow":["GET"]}}],"collection":[{"href":"https:\/\/www.europesays.com\/fr\/wp-json\/wp\/v2\/posts"}],"about":[{"href":"https:\/\/www.europesays.com\/fr\/wp-json\/wp\/v2\/types\/post"}],"author":[{"embeddable":true,"href":"https:\/\/www.europesays.com\/fr\/wp-json\/wp\/v2\/users\/2"}],"replies":[{"embeddable":true,"href":"https:\/\/www.europesays.com\/fr\/wp-json\/wp\/v2\/comments?post=231427"}],"version-history":[{"count":0,"href":"https:\/\/www.europesays.com\/fr\/wp-json\/wp\/v2\/posts\/231427\/revisions"}],"wp:featuredmedia":[{"embeddable":true,"href":"https:\/\/www.europesays.com\/fr\/wp-json\/wp\/v2\/media\/231428"}],"wp:attachment":[{"href":"https:\/\/www.europesays.com\/fr\/wp-json\/wp\/v2\/media?parent=231427"}],"wp:term":[{"taxonomy":"category","embeddable":true,"href":"https:\/\/www.europesays.com\/fr\/wp-json\/wp\/v2\/categories?post=231427"},{"taxonomy":"post_tag","embeddable":true,"href":"https:\/\/www.europesays.com\/fr\/wp-json\/wp\/v2\/tags?post=231427"}],"curies":[{"name":"wp","href":"https:\/\/api.w.org\/{rel}","templated":true}]}}