{"id":231429,"date":"2025-07-06T23:17:24","date_gmt":"2025-07-06T23:17:24","guid":{"rendered":"https:\/\/www.europesays.com\/fr\/231429\/"},"modified":"2025-07-06T23:17:24","modified_gmt":"2025-07-06T23:17:24","slug":"une-dizaine-de-coups-de-feu-tires-a-proximite-du-marche-aux-puces-de-marseille","status":"publish","type":"post","link":"https:\/\/www.europesays.com\/fr\/231429\/","title":{"rendered":"Une dizaine de coups de feu tir\u00e9s \u00e0 proximit\u00e9 du March\u00e9 aux Puces de Marseille"},"content":{"rendered":"<p>Un homme a-t-il \u00e9chapp\u00e9 \u00e0 un r\u00e8glement de compte, ce soir du jeudi 3\u00a0juillet 2025\u00a0? C\u2019est l\u2019une des hypoth\u00e8ses envisag\u00e9es par les enqu\u00eateurs de la <a href=\"https:\/\/www.laprovence.com\/article\/faits-divers-justice\/49582047588471\/gendarme-mitraille-par-un-commando-a-aix-leffroyable-scenario-devoile-par-la-pj\" target=\"_blank\" rel=\"noopener\">police judiciaire<\/a>, \u00e0 la suite d\u2019une fusillade survenue en d\u00e9but de soir\u00e9e \u00e0 proximit\u00e9 du march\u00e9 aux puces, dans le 15e arrondissement de Marseille.<\/p>\n<p>Il \u00e9tait environ 19h lorsqu\u2019un homme muni d\u2019une arme longue a surgi d\u2019une voiture et ouvert le feu sur le boulevard Oddo. Apr\u00e8s une douzaine de coups de feu, avec un fusil d&rsquo;assaut de calibre 5.56, le v\u00e9hicule est reparti en trombe avec le tireur \u00e0 son bord.<\/p>\n<p>Le tireur portait un masque d&rsquo;Halloween et une perruque rouge<\/p>\n<p>Par chance, aucune victime n\u2019a \u00e9t\u00e9 \u00e0 d\u00e9plorer sur l\u2019art\u00e8re, en d\u00e9pit de l\u2019heure peu avanc\u00e9e de la soir\u00e9e. Selon plusieurs t\u00e9moins de la sc\u00e8ne, le tireur, v\u00eatu de noir \u00e9tait porteur d&rsquo;une perruque rouge et d&rsquo;un \u00ab\u00a0masque d&rsquo;halloween\u00a0\u00bb.<\/p>\n<p>Le v\u00e9hicule du ou des assaillants a \u00e9t\u00e9 retrouv\u00e9 incendi\u00e9 un peu plus tard sur la commune des Pennes-Mirabeau, selon un mode op\u00e9ratoire habituel lors de r\u00e8glements de compte sur fond de trafic de stup\u00e9fiants ou de coups de force, bien que le quartier soit surtout en proie au trafic de tabac et de m\u00e9dicaments. De quoi renforcer l\u2019id\u00e9e quelqu\u2019un l\u2019a \u00e9chapp\u00e9 belle ce soir. Mais la cible, vraisemblablement indemne, n\u2019\u00e9tait, hier, pas identifi\u00e9e.<\/p>\n","protected":false},"excerpt":{"rendered":"Un homme a-t-il \u00e9chapp\u00e9 \u00e0 un r\u00e8glement de compte, ce soir du jeudi 3\u00a0juillet 2025\u00a0? C\u2019est l\u2019une des&hellip;\n","protected":false},"author":2,"featured_media":231430,"comment_status":"","ping_status":"","sticky":false,"template":"","format":"standard","meta":{"footnotes":""},"categories":[2814],"tags":[17,1111,11,1102,854,29859,1777,674,274,1312,1011,27,2089,884,12,882,8889,25,37041,96],"class_list":{"0":"post-231429","1":"post","2":"type-post","3":"status-publish","4":"format-standard","5":"has-post-thumbnail","7":"category-marseille","8":"tag-17","9":"tag-actu","10":"tag-actualites","11":"tag-breakingnews","12":"tag-coups","13":"tag-dizaine","14":"tag-eu","15":"tag-europe","16":"tag-faits-divers-justice","17":"tag-feu","18":"tag-fr","19":"tag-france","20":"tag-marche","21":"tag-marseille","22":"tag-news","23":"tag-provence-alpes-cote-dazur","24":"tag-proximite","25":"tag-republique-francaise","26":"tag-tires","27":"tag-une"},"share_on_mastodon":{"url":"https:\/\/pubeurope.com\/@fr\/114808844678810234","error":""},"_links":{"self":[{"href":"https:\/\/www.europesays.com\/fr\/wp-json\/wp\/v2\/posts\/231429","targetHints":{"allow":["GET"]}}],"collection":[{"href":"https:\/\/www.europesays.com\/fr\/wp-json\/wp\/v2\/posts"}],"about":[{"href":"https:\/\/www.europesays.com\/fr\/wp-json\/wp\/v2\/types\/post"}],"author":[{"embeddable":true,"href":"https:\/\/www.europesays.com\/fr\/wp-json\/wp\/v2\/users\/2"}],"replies":[{"embeddable":true,"href":"https:\/\/www.europesays.com\/fr\/wp-json\/wp\/v2\/comments?post=231429"}],"version-history":[{"count":0,"href":"https:\/\/www.europesays.com\/fr\/wp-json\/wp\/v2\/posts\/231429\/revisions"}],"wp:featuredmedia":[{"embeddable":true,"href":"https:\/\/www.europesays.com\/fr\/wp-json\/wp\/v2\/media\/231430"}],"wp:attachment":[{"href":"https:\/\/www.europesays.com\/fr\/wp-json\/wp\/v2\/media?parent=231429"}],"wp:term":[{"taxonomy":"category","embeddable":true,"href":"https:\/\/www.europesays.com\/fr\/wp-json\/wp\/v2\/categories?post=231429"},{"taxonomy":"post_tag","embeddable":true,"href":"https:\/\/www.europesays.com\/fr\/wp-json\/wp\/v2\/tags?post=231429"}],"curies":[{"name":"wp","href":"https:\/\/api.w.org\/{rel}","templated":true}]}}