{"id":231431,"date":"2025-07-06T23:18:10","date_gmt":"2025-07-06T23:18:10","guid":{"rendered":"https:\/\/www.europesays.com\/fr\/231431\/"},"modified":"2025-07-06T23:18:10","modified_gmt":"2025-07-06T23:18:10","slug":"previsions-du-lundi-7-juillet-2025-3","status":"publish","type":"post","link":"https:\/\/www.europesays.com\/fr\/231431\/","title":{"rendered":"pr\u00e9visions du lundi 7 juillet 2025"},"content":{"rendered":"<p>Marseille va conna\u00eetre une magnifique journ\u00e9e particuli\u00e8rement ensoleill\u00e9e. Les temp\u00e9ratures avoisineront les 24\u00b0C. Il va faire 24\u00b0C en moyenne le matin. Un vent de nord-ouest soufflera \u00e0 33 km\/h. Un vent assez important venu d&rsquo;ouest \u2013 vitesse de 45 km\/h \u2013 est pr\u00e9vu. Les temp\u00e9ratures afficheront entre 24 et 25\u00b0C le soir. Un vent de nord-ouest soufflera \u00e0 41 km\/h. Le passage de lundi \u00e0 mardi s&rsquo;effectuera sous un ciel d\u00e9pourvu de nuages.<\/p>\n<p>Un bel ensoleillement est attendu demain \u00e0 Marseille. Une baisse des temp\u00e9ratures est \u00e0 pr\u00e9voir. Le mercure affichera 23\u00b0C en moyenne. Les valeurs tourneront autour des 21\u00b0C dans la matin\u00e9e. Un vent de nord-ouest soufflera \u00e0 56 km\/h. Les temp\u00e9ratures vont grimper pendant l&rsquo;apr\u00e8s-midi de plusieurs degr\u00e9s. Les valeurs iront de 25 \u00e0 27\u00b0C. Les valeurs seront de 22\u00b0C au minimum et de 25\u00b0C au plus haut la soir\u00e9e. Un vent de nord-ouest soufflera \u00e0 51 km\/h.<\/p>\n<p>La m\u00e9t\u00e9o restera inchang\u00e9e les prochains jours. On pr\u00e9voit des journ\u00e9es ensoleill\u00e9es, avec des temp\u00e9ratures dans les 28\u00b0C en moyenne.<\/p>\n<p><\/p>\n","protected":false},"excerpt":{"rendered":"Marseille va conna\u00eetre une magnifique journ\u00e9e particuli\u00e8rement ensoleill\u00e9e. Les temp\u00e9ratures avoisineront les 24\u00b0C. Il va faire 24\u00b0C en&hellip;\n","protected":false},"author":2,"featured_media":231432,"comment_status":"","ping_status":"","sticky":false,"template":"","format":"standard","meta":{"footnotes":""},"categories":[2814],"tags":[1111,11,1777,674,1011,27,884,12,2119,882,25],"class_list":{"0":"post-231431","1":"post","2":"type-post","3":"status-publish","4":"format-standard","5":"has-post-thumbnail","7":"category-marseille","8":"tag-actu","9":"tag-actualites","10":"tag-eu","11":"tag-europe","12":"tag-fr","13":"tag-france","14":"tag-marseille","15":"tag-news","16":"tag-previsions-meteo","17":"tag-provence-alpes-cote-dazur","18":"tag-republique-francaise"},"share_on_mastodon":{"url":"https:\/\/pubeurope.com\/@fr\/114808848661378610","error":""},"_links":{"self":[{"href":"https:\/\/www.europesays.com\/fr\/wp-json\/wp\/v2\/posts\/231431","targetHints":{"allow":["GET"]}}],"collection":[{"href":"https:\/\/www.europesays.com\/fr\/wp-json\/wp\/v2\/posts"}],"about":[{"href":"https:\/\/www.europesays.com\/fr\/wp-json\/wp\/v2\/types\/post"}],"author":[{"embeddable":true,"href":"https:\/\/www.europesays.com\/fr\/wp-json\/wp\/v2\/users\/2"}],"replies":[{"embeddable":true,"href":"https:\/\/www.europesays.com\/fr\/wp-json\/wp\/v2\/comments?post=231431"}],"version-history":[{"count":0,"href":"https:\/\/www.europesays.com\/fr\/wp-json\/wp\/v2\/posts\/231431\/revisions"}],"wp:featuredmedia":[{"embeddable":true,"href":"https:\/\/www.europesays.com\/fr\/wp-json\/wp\/v2\/media\/231432"}],"wp:attachment":[{"href":"https:\/\/www.europesays.com\/fr\/wp-json\/wp\/v2\/media?parent=231431"}],"wp:term":[{"taxonomy":"category","embeddable":true,"href":"https:\/\/www.europesays.com\/fr\/wp-json\/wp\/v2\/categories?post=231431"},{"taxonomy":"post_tag","embeddable":true,"href":"https:\/\/www.europesays.com\/fr\/wp-json\/wp\/v2\/tags?post=231431"}],"curies":[{"name":"wp","href":"https:\/\/api.w.org\/{rel}","templated":true}]}}