{"id":231433,"date":"2025-07-06T23:19:13","date_gmt":"2025-07-06T23:19:13","guid":{"rendered":"https:\/\/www.europesays.com\/fr\/231433\/"},"modified":"2025-07-06T23:19:13","modified_gmt":"2025-07-06T23:19:13","slug":"il-devient-violent-quand-il-decouvre-quil-a-drague-un-travesti-la-justice-le-relaxe","status":"publish","type":"post","link":"https:\/\/www.europesays.com\/fr\/231433\/","title":{"rendered":"il devient violent quand il d\u00e9couvre qu&rsquo;il a dragu\u00e9 un travesti, la justice le relaxe"},"content":{"rendered":"<p itemprop=\"description\"><strong>C&rsquo;est un individu violent qui est r\u00e9cemment pass\u00e9 devant le tribunal correctionnel de Villefranche-sur-Sa\u00f4ne.<\/strong><\/p>\n<p>Arriv\u00e9 ill\u00e9galement en France en 2019, il compte d\u00e9j\u00e0 trois condamnations \u00e0 son actif.<\/p>\n<p>Mais pour les derniers faits qui lui \u00e9taient reproch\u00e9s, il a \u00e9t\u00e9 relax\u00e9 par les juges caladois. Pourtant, l&rsquo;agression semblait caract\u00e9ris\u00e9e lorsque le 18 juin dernier, il avait abord\u00e9 un jeune travesti sur la place des Arts. Le confondant avec une femme, il l&rsquo;avait embarqu\u00e9 avec lui pour avoir une relation sexuelle dans un parking. Mais d\u00e9couvrant finalement le pot-aux-roses, il aurait gifl\u00e9 le travesti et vol\u00e9 son sac.<\/p>\n<p>Au tribunal, le pr\u00e9venu a donn\u00e9 une autre version. Selon lui, aucun coup n&rsquo;a \u00e9t\u00e9 donn\u00e9. Et le sac a \u00e9t\u00e9 oubli\u00e9 sur place par le travesti, vex\u00e9 d&rsquo;\u00eatre repouss\u00e9.<\/p>\n<p>Malgr\u00e9 son casier judiciaire bien rempli et les 12 mois de prison requis par le parquet, les juges l&rsquo;ont relax\u00e9, au b\u00e9n\u00e9fice du doute.<\/p>\n","protected":false},"excerpt":{"rendered":"C&rsquo;est un individu violent qui est r\u00e9cemment pass\u00e9 devant le tribunal correctionnel de Villefranche-sur-Sa\u00f4ne. Arriv\u00e9 ill\u00e9galement en France&hellip;\n","protected":false},"author":2,"featured_media":231434,"comment_status":"","ping_status":"","sticky":false,"template":"","format":"standard","meta":{"footnotes":""},"categories":[1889],"tags":[1111,11,2813,2190,2430,1109,251,1112,2811,1777,674,118,1011,27,1922,1110,1114,2428,2810,12,241,316,25,2812,517,800],"class_list":{"0":"post-231433","1":"post","2":"type-post","3":"status-publish","4":"format-standard","5":"has-post-thumbnail","7":"category-lyon","8":"tag-actu","9":"tag-actualites","10":"tag-article","11":"tag-asvel","12":"tag-auvergne-rhone-alpes","13":"tag-breves","14":"tag-culture","15":"tag-depeches","16":"tag-economique","17":"tag-eu","18":"tag-europe","19":"tag-faits-divers","20":"tag-fr","21":"tag-france","22":"tag-info","23":"tag-informations","24":"tag-infos","25":"tag-lyon","26":"tag-lyonmag","27":"tag-news","28":"tag-ol","29":"tag-politique","30":"tag-republique-francaise","31":"tag-sociale","32":"tag-sport","33":"tag-transports"},"share_on_mastodon":{"url":"https:\/\/pubeurope.com\/@fr\/114808852604064315","error":""},"_links":{"self":[{"href":"https:\/\/www.europesays.com\/fr\/wp-json\/wp\/v2\/posts\/231433","targetHints":{"allow":["GET"]}}],"collection":[{"href":"https:\/\/www.europesays.com\/fr\/wp-json\/wp\/v2\/posts"}],"about":[{"href":"https:\/\/www.europesays.com\/fr\/wp-json\/wp\/v2\/types\/post"}],"author":[{"embeddable":true,"href":"https:\/\/www.europesays.com\/fr\/wp-json\/wp\/v2\/users\/2"}],"replies":[{"embeddable":true,"href":"https:\/\/www.europesays.com\/fr\/wp-json\/wp\/v2\/comments?post=231433"}],"version-history":[{"count":0,"href":"https:\/\/www.europesays.com\/fr\/wp-json\/wp\/v2\/posts\/231433\/revisions"}],"wp:featuredmedia":[{"embeddable":true,"href":"https:\/\/www.europesays.com\/fr\/wp-json\/wp\/v2\/media\/231434"}],"wp:attachment":[{"href":"https:\/\/www.europesays.com\/fr\/wp-json\/wp\/v2\/media?parent=231433"}],"wp:term":[{"taxonomy":"category","embeddable":true,"href":"https:\/\/www.europesays.com\/fr\/wp-json\/wp\/v2\/categories?post=231433"},{"taxonomy":"post_tag","embeddable":true,"href":"https:\/\/www.europesays.com\/fr\/wp-json\/wp\/v2\/tags?post=231433"}],"curies":[{"name":"wp","href":"https:\/\/api.w.org\/{rel}","templated":true}]}}