{"id":231435,"date":"2025-07-06T23:20:28","date_gmt":"2025-07-06T23:20:28","guid":{"rendered":"https:\/\/www.europesays.com\/fr\/231435\/"},"modified":"2025-07-06T23:20:28","modified_gmt":"2025-07-06T23:20:28","slug":"lyon-en-retard-ce-futur-pont-geant-au-dessus-du-rhone-et-de-la-m7-voit-son-cout-exploser","status":"publish","type":"post","link":"https:\/\/www.europesays.com\/fr\/231435\/","title":{"rendered":"Lyon. En retard, ce futur pont g\u00e9ant au-dessus du Rh\u00f4ne et de la M7 voit son co\u00fbt exploser"},"content":{"rendered":"<p>            Par<br \/>\n        <strong><br \/>\n            <a href=\"https:\/\/actu.fr\/auteur\/anthony-soudani\" title=\"Consulter tous les articles de Anthony Soudani\" target=\"_blank\" rel=\"noopener\">Anthony Soudani<\/a><br \/>\n        <\/strong><\/p>\n<p>        Publi\u00e9 le<\/p>\n<p>            6 juil. 2025 \u00e0 6h42        <\/p>\n<p><strong>INFO ACTU LYON<\/strong>. Une passerelle g\u00e9ante d\u2019environ 250 m\u00e8tres doit relier le quartier de Gerland (Lyon 7e) \u00e0 celui de La Saulaie d\u2019Oullins-Pierre-B\u00e9nite, en passant au-dessus du Rh\u00f4ne et de la M7. Alors qu\u2019elle ne sera finalement <a href=\"https:\/\/actu.fr\/auvergne-rhone-alpes\/lyon_69123\/lyon-hic-pour-le-pont-geant-au-dessus-du-rhone-et-de-la-m7-sa-construction-retardee_61080752.html\" target=\"_blank\" rel=\"noopener\">pas livr\u00e9e en 2028 mais en 2029<\/a> apr\u00e8s du retard accumul\u00e9, actu Lyon a appris que ce projet d\u2019ampleur risque de co\u00fbter bien plus cher que pr\u00e9vu.\u00a0<\/p>\n<p>\u00ab\u00a0C\u2019est 34 millions d\u2019euros quand m\u00eame\u00a0\u00bb<\/p>\n<p class=\" wall-content\">\u00ab\u00a0La passerelle va se faire, le budget a \u00e9t\u00e9 vot\u00e9\u00a0\u00bb, nous a tout r\u00e9cemment confi\u00e9 <a href=\"https:\/\/actu.fr\/auvergne-rhone-alpes\/lyon_69123\/les-lyonnais-ne-doivent-pas-avoir-peur-de-venir-a-guillotiere-la-maire-du-7e-nous-repond_62791048.html\" target=\"_blank\" rel=\"noopener\">Fanny Dubot<\/a>, maire du 7\u1d49 arrondissement. L\u2019\u00e9cologiste nous a donn\u00e9 le prix quasi d\u00e9finitif du projet : \u00ab\u00a0C\u2019est <strong>34 millions d\u2019euros<\/strong> quand m\u00eame. Ce n\u2019est pas rien, puisqu\u2019elle est tr\u00e8s longue.\u00a0\u00bb<\/p>\n<p class=\" wall-content\">Selon ses dires, \u00ab\u00a0l\u2019architecte est en train d\u2019\u00eatre choisi par la M\u00e9tropole\u00a0\u00bb.\u00a0<\/p>\n<p class=\" wall-content\">\u00ab\u00a0La proc\u00e9dure de dialogue comp\u00e9titif avec les candidats \u00e0 la ma\u00eetrise d\u2019\u0153uvre est actuellement en cours\u00a0\u00bb, indique de son c\u00f4t\u00e9 le Grand Lyon, qui dit \u00ab\u00a0ne<strong> pas \u00eatre en mesure de communiquer le co\u00fbt<\/strong> actualis\u00e9 du projet, celui-ci n\u2019\u00e9tant pas encore stabilis\u00e9\u00a0\u00bb.<\/p>\n<p>Les 21 millions d\u2019euros \u00ab\u00a0ne sont plus actuels\u00a0\u00bb<\/p>\n<p class=\" wall-content\">La M\u00e9tropole fournira le nouveau montant une fois le ma\u00eetre d\u2019\u0153uvre d\u00e9sign\u00e9. \u00ab\u00a0Les 21 millions d\u2019euros mentionn\u00e9s dans la d\u00e9lib\u00e9ration de bilan de la concertation en mars 2023 ne sont plus actuels, mais <strong>il n\u2019existe pas de montant officiel<\/strong> actualis\u00e9 \u00e0 ce jour\u00a0\u00bb, pr\u00e9cise la collectivit\u00e9 pr\u00e9sid\u00e9e par Bruno Bernard.<\/p>\n<p>Vid\u00e9os : en ce moment sur Actu<br \/>\n    <img   decoding=\"async\" loading=\"lazy\" src=\"https:\/\/www.europesays.com\/fr\/wp-content\/uploads\/2025\/07\/passerelle-gerland-oullins-rhone-lyon-960x640.jpeg\" alt=\"La passerelle de 250 m\u00e8tres de long connectera Oullins et le quartier de Gerland \u00e0 Lyon.\" width=\"960\" height=\"640\"\/><br \/>\n    La passerelle de 250 m\u00e8tres de long connectera Oullins et le quartier de Gerland \u00e0 Lyon. (\u00a9Grand Lyon)<\/p>\n<p class=\" wall-content\">Ce pont, long d\u2019au moins<strong> 250 m\u00e8tres<\/strong>, passera au-dessus du Rh\u00f4ne et de la M7. Il s\u2019inscrit dans le plan v\u00e9lo de la M\u00e9tropole puisque la Voie lyonnaise 9 le traversera. Il permettra \u00e9galement le raccord aux voies n\u00b03 et n\u00b05 et \u00e0 la Via Rh\u00f4na.<\/p>\n<p>    <img   decoding=\"async\" loading=\"lazy\" src=\"https:\/\/www.europesays.com\/fr\/wp-content\/uploads\/2025\/07\/passerelle-gerland-lyon-oullins-960x640.jpeg\" alt=\"La passerelle permettra de connecter le parc de Gerland \u00e0 Oullins.\" width=\"960\" height=\"640\"\/><br \/>\n    La passerelle permettra de connecter le parc de Gerland \u00e0 Oullins. (\u00a9Grand Lyon)<\/p>\n<p class=\" wall-content\">Situ\u00e9e \u00e0 1,4 km au sud du pont Raymond-Barre, la passerelle permettra une r\u00e9duction des temps de parcours. Ainsi, entre la mairie d\u2019<a href=\"https:\/\/actu.fr\/auvergne-rhone-alpes\/oullins-pierre-benite_69149\" target=\"_blank\" rel=\"noopener\">Oullins<\/a> et le parc de Gerland, cet ouvrage divisera par trois le temps de trajet \u00e0 v\u00e9lo (6 minutes au lieu de 16 minutes actuellement) et \u00e0 pied (20 minutes au lieu de 54 minutes actuellement).<\/p>\n<p class=\" wall-content\">Suivez toute l\u2019actualit\u00e9 de vos villes et m\u00e9dias favoris en vous inscrivant \u00e0 <a href=\"https:\/\/moncompte.actu.fr\" title=\"D\u00e9couvez Mon Actu\" rel=\"nofollow noopener\" data-trk=\"{&quot;cta&quot;:{&quot;action&quot;:&quot;https:\\\/\\\/moncompte.actu.fr&quot;,&quot;category&quot;:&quot;mon compte&quot;,&quot;from&quot;:&quot;article footer&quot;,&quot;name&quot;:&quot;Mon actu&quot;,&quot;type&quot;:&quot;cta&quot;}}\" target=\"_blank\">Mon Actu<\/a>.<\/p>\n","protected":false},"excerpt":{"rendered":"Par Anthony Soudani Publi\u00e9 le 6 juil. 2025 \u00e0 6h42 INFO ACTU LYON. Une passerelle g\u00e9ante d\u2019environ 250&hellip;\n","protected":false},"author":2,"featured_media":231436,"comment_status":"","ping_status":"","sticky":false,"template":"","format":"standard","meta":{"footnotes":""},"categories":[1889],"tags":[1111,11,2430,1777,674,1011,27,5303,2808,2428,12,25,104,23308],"class_list":{"0":"post-231435","1":"post","2":"type-post","3":"status-publish","4":"format-standard","5":"has-post-thumbnail","7":"category-lyon","8":"tag-actu","9":"tag-actualites","10":"tag-auvergne-rhone-alpes","11":"tag-eu","12":"tag-europe","13":"tag-fr","14":"tag-france","15":"tag-gerland","16":"tag-grand-lyon","17":"tag-lyon","18":"tag-news","19":"tag-republique-francaise","20":"tag-societe","21":"tag-voies-lyonnaises"},"share_on_mastodon":{"url":"https:\/\/pubeurope.com\/@fr\/114808856578641831","error":""},"_links":{"self":[{"href":"https:\/\/www.europesays.com\/fr\/wp-json\/wp\/v2\/posts\/231435","targetHints":{"allow":["GET"]}}],"collection":[{"href":"https:\/\/www.europesays.com\/fr\/wp-json\/wp\/v2\/posts"}],"about":[{"href":"https:\/\/www.europesays.com\/fr\/wp-json\/wp\/v2\/types\/post"}],"author":[{"embeddable":true,"href":"https:\/\/www.europesays.com\/fr\/wp-json\/wp\/v2\/users\/2"}],"replies":[{"embeddable":true,"href":"https:\/\/www.europesays.com\/fr\/wp-json\/wp\/v2\/comments?post=231435"}],"version-history":[{"count":0,"href":"https:\/\/www.europesays.com\/fr\/wp-json\/wp\/v2\/posts\/231435\/revisions"}],"wp:featuredmedia":[{"embeddable":true,"href":"https:\/\/www.europesays.com\/fr\/wp-json\/wp\/v2\/media\/231436"}],"wp:attachment":[{"href":"https:\/\/www.europesays.com\/fr\/wp-json\/wp\/v2\/media?parent=231435"}],"wp:term":[{"taxonomy":"category","embeddable":true,"href":"https:\/\/www.europesays.com\/fr\/wp-json\/wp\/v2\/categories?post=231435"},{"taxonomy":"post_tag","embeddable":true,"href":"https:\/\/www.europesays.com\/fr\/wp-json\/wp\/v2\/tags?post=231435"}],"curies":[{"name":"wp","href":"https:\/\/api.w.org\/{rel}","templated":true}]}}