{"id":231439,"date":"2025-07-06T23:27:24","date_gmt":"2025-07-06T23:27:24","guid":{"rendered":"https:\/\/www.europesays.com\/fr\/231439\/"},"modified":"2025-07-06T23:27:24","modified_gmt":"2025-07-06T23:27:24","slug":"la-mairie-annonce-la-fermeture-des-bassins-en-raison-des-pluies-liberation","status":"publish","type":"post","link":"https:\/\/www.europesays.com\/fr\/231439\/","title":{"rendered":"la mairie annonce la fermeture des bassins en raison des pluies \u2013 Lib\u00e9ration"},"content":{"rendered":"<p class=\"sc-ksZaOG ehjQrN text-element\">A peine ouverts, aussit\u00f4t ferm\u00e9s. Au lendemain de leur inauguration dans une ambiance festive, <a href=\"\" target=\"_blank\" rel=\"\" title=\"\">les trois sites parisiens de baignade dans la Seine<\/a> sont interdits ce dimanche 6 juillet en raison des pluies qui touchent la capitale, a annonc\u00e9 la mairie de Paris sur son site internet. Conditions m\u00e9t\u00e9o obligent, le drapeau rouge a \u00e9t\u00e9 lev\u00e9 ce dimanche matin \u00e0 l\u2019entr\u00e9e des trois sites <a href=\"\" target=\"_blank\" rel=\"\" title=\"\">de baignade en eau libre<\/a>.<\/p>\n<p class=\"sc-ksZaOG ehjQrN text-element\">Les sites du Bras-Marie (VIe arrondissement, centre), de Grenelle (XVe, ouest) et de Bercy (XIIe, est) resteront ferm\u00e9s jusqu\u2019\u00e0 lundi, tout comme la piscine de Paris Plages situ\u00e9e sur le bassin de la Villette (XIXe), a indiqu\u00e9 <a href=\"https:\/\/www.liberation.fr\/sports\/jeux-olympiques\/pierre-rabadan-il-a-transforme-lessai-20240702_Q2X4R3LQXBHJDJWTVARWIEJAGE\/\" target=\"_blank\" rel=\"noopener\" title=\"https:\/\/www.liberation.fr\/sports\/jeux-olympiques\/pierre-rabadan-il-a-transforme-lessai-20240702_Q2X4R3LQXBHJDJWTVARWIEJAGE\/\">Pierre Rabadan, adjoint aux sports \u00e0 la mairie de Paris<\/a>.<\/p>\n<p class=\"sc-ksZaOG ehjQrN text-element\">Un autre site situ\u00e9 sur le canal Saint-Martin (Xe) devait accueillir ses premiers nageurs ce dimanche, mais lui aussi a d\u00fb rester ferm\u00e9 \u00aben raison du niveau de pluviom\u00e9trie relev\u00e9, qui compromet la qualit\u00e9 de l\u2019eau\u00bb, a indiqu\u00e9 la mairie d\u2019arrondissement sur X, donnant rendez-vous aux baigneurs mercredi \u00e0 12 heures.<\/p>\n<p class=\"sc-ksZaOG ehjQrN text-element\">A Paris, eaux de pluie et eaux us\u00e9es se m\u00e9langent dans un unique r\u00e9seau, la seule solution en cas de pr\u00e9cipitations abondantes est de d\u00e9verser le trop-plein dans la Seine.<\/p>\n<p class=\"sc-ksZaOG ehjQrN text-element\">Comme sur les plages, un syst\u00e8me de drapeaux \u2013 vert, jaune et rouge \u2013 \u00e9tabli \u00e0 l\u2019entr\u00e9e des sites permet de conna\u00eetre le d\u00e9bit de la Seine et la qualit\u00e9 de l\u2019eau. \u00abSi l\u2019eau est impropre \u00e0 la baignade, celle-ci sera ferm\u00e9e, sans doute le lendemain d\u2019une forte pluie\u00bb, avait pr\u00e9venu Pierre Rabadan avant leur ouverture au public.<\/p>\n<p class=\"sc-ksZaOG ehjQrN text-element\">L\u2019\u00e9t\u00e9 dernier, <a href=\"https:\/\/www.liberation.fr\/environnement\/climat\/jo-de-paris-2024-le-haut-debit-de-la-seine-fait-des-vagues-20240626_IQXQKSIJF5ACBL3FK7EJOCZ45A\/\" target=\"_blank\" rel=\"noopener\" title=\"https:\/\/www.liberation.fr\/environnement\/climat\/jo-de-paris-2024-le-haut-debit-de-la-seine-fait-des-vagues-20240626_IQXQKSIJF5ACBL3FK7EJOCZ45A\/\">les pluies records enregistr\u00e9es<\/a> pendant les JO avaient souvent rendu l\u2019eau impropre \u00e0 la baignade des athl\u00e8tes, notamment \u00e0 cause des taux ponctuellement trop \u00e9lev\u00e9s de bact\u00e9ries f\u00e9cales (E. coli et ent\u00e9rocoques) apr\u00e8s de fortes pluies.<\/p>\n<p class=\"sc-ksZaOG ehjQrN text-element\">Depuis 2016, Etat et collectivit\u00e9s locales franciliennes ont investi environ 1,4 milliard d\u2019euros pour rendre baignables la Seine et la Marne, son principal affluent en Ile-de-France, avec notamment la mise en conformit\u00e9 de la collecte des eaux us\u00e9es.<\/p>\n","protected":false},"excerpt":{"rendered":"A peine ouverts, aussit\u00f4t ferm\u00e9s. Au lendemain de leur inauguration dans une ambiance festive, les trois sites parisiens&hellip;\n","protected":false},"author":2,"featured_media":231440,"comment_status":"","ping_status":"","sticky":false,"template":"","format":"standard","meta":{"footnotes":""},"categories":[1888],"tags":[1111,1928,11,1927,1777,674,1011,27,12,1926,626,1925,25,13527],"class_list":{"0":"post-231439","1":"post","2":"type-post","3":"status-publish","4":"format-standard","5":"has-post-thumbnail","7":"category-paris","8":"tag-actu","9":"tag-actu-paris","10":"tag-actualites","11":"tag-actualites-paris","12":"tag-eu","13":"tag-europe","14":"tag-fr","15":"tag-france","16":"tag-news","17":"tag-news-paris","18":"tag-paris","19":"tag-paris-news","20":"tag-republique-francaise","21":"tag-seine"},"share_on_mastodon":{"url":"https:\/\/pubeurope.com\/@fr\/114808884033005949","error":""},"_links":{"self":[{"href":"https:\/\/www.europesays.com\/fr\/wp-json\/wp\/v2\/posts\/231439","targetHints":{"allow":["GET"]}}],"collection":[{"href":"https:\/\/www.europesays.com\/fr\/wp-json\/wp\/v2\/posts"}],"about":[{"href":"https:\/\/www.europesays.com\/fr\/wp-json\/wp\/v2\/types\/post"}],"author":[{"embeddable":true,"href":"https:\/\/www.europesays.com\/fr\/wp-json\/wp\/v2\/users\/2"}],"replies":[{"embeddable":true,"href":"https:\/\/www.europesays.com\/fr\/wp-json\/wp\/v2\/comments?post=231439"}],"version-history":[{"count":0,"href":"https:\/\/www.europesays.com\/fr\/wp-json\/wp\/v2\/posts\/231439\/revisions"}],"wp:featuredmedia":[{"embeddable":true,"href":"https:\/\/www.europesays.com\/fr\/wp-json\/wp\/v2\/media\/231440"}],"wp:attachment":[{"href":"https:\/\/www.europesays.com\/fr\/wp-json\/wp\/v2\/media?parent=231439"}],"wp:term":[{"taxonomy":"category","embeddable":true,"href":"https:\/\/www.europesays.com\/fr\/wp-json\/wp\/v2\/categories?post=231439"},{"taxonomy":"post_tag","embeddable":true,"href":"https:\/\/www.europesays.com\/fr\/wp-json\/wp\/v2\/tags?post=231439"}],"curies":[{"name":"wp","href":"https:\/\/api.w.org\/{rel}","templated":true}]}}