{"id":23144,"date":"2025-04-13T21:57:12","date_gmt":"2025-04-13T21:57:12","guid":{"rendered":"https:\/\/www.europesays.com\/fr\/23144\/"},"modified":"2025-04-13T21:57:12","modified_gmt":"2025-04-13T21:57:12","slug":"la-justice-nest-pas-aux-mains-de-la-gauche-declare-olivier-faure","status":"publish","type":"post","link":"https:\/\/www.europesays.com\/fr\/23144\/","title":{"rendered":"la justice n&rsquo;est pas \u00abaux mains de la gauche\u00bb, d\u00e9clare Olivier Faure"},"content":{"rendered":"<p>Le week-end dernier, un premier rassemblement avait eu lieu, \u00e9galement sur la place de la R\u00e9publique \u00e0 Paris, \u00e0 l\u2019initiative des \u00c9cologistes et de la France insoumise. Mais le PS n\u2019avait pas souhait\u00e9 s\u2019y joindre.<\/p>\n<p class=\"fig-paragraph\">La justice \u00abn&rsquo;a jamais \u00e9t\u00e9 aux mains de la gauche\u00bb, et elle a condamn\u00e9 \u00abde la m\u00eame fa\u00e7on des socialistes, des communistes, des Insoumis\u00bb, a d\u00e9clar\u00e9 samedi le premier secr\u00e9taire du PS Olivier Faure, lors d&rsquo;un rassemblement \u00e0 Paris pour d\u00e9fendre \u00abl&rsquo;Etat de droit\u00bb.<\/p>\n<p class=\"fig-paragraph\">Des syndicats et des associations de la soci\u00e9t\u00e9 civile appelaient \u00e0 des rassemblements en France pour d\u00e9fendre \u00abla d\u00e9mocratie\u00bb et l&rsquo;\u00abEtat de droit\u00bb, apr\u00e8s les attaques contre la justice ayant suivi\u00a0<a href=\"http:\/\/www.lefigaro.fr\/politique\/la-condamnation-de-marine-le-pen-relance-le-debat-sur-la-moralisation-de-la-vie-publique-20250409\" data-fig-type=\"Article\" data-gtm-custom-categorie=\"navigation\" data-gtm-custom-action=\"crossclick\" data-gtm-custom-label=\"Contextuel\" data-gtm-event=\"customEventSPE\" data-fig-domain=\"LEFIGARO\" target=\"_blank\" rel=\"noopener\">la condamnation de Marine Le Pen<\/a>\u00a0le 31 mars.<\/p>\n<p class=\"fig-paragraph\">\u00abLa semaine derni\u00e8re, nous avons interrog\u00e9 le monde syndical et notamment le monde de la magistrature qui ne voulait pas qu&rsquo;il y ait un face \u00e0 face entre d&rsquo;un c\u00f4t\u00e9 ceux qui d\u00e9fendaient la d\u00e9cision de justice et de l&rsquo;autre c\u00f4t\u00e9 ceux qui la critiquaient. Et donc ne pas laisser penser que la justice \u00e9tait aux mains de la gauche, ce qu&rsquo;elle n&rsquo;est pas\u00bb, a d\u00e9clar\u00e9 Olivier Faure.<\/p>\n<p>\u00abTyrannie des juges\u00bb<\/p>\n<p class=\"fig-paragraph\">Le week-end dernier, un premier rassemblement avait eu lieu, \u00e9galement sur la place de la R\u00e9publique \u00e0 Paris, \u00e0 l&rsquo;initiative des \u00c9cologistes et de la France insoumise. Mais le PS n&rsquo;avait pas souhait\u00e9 s&rsquo;y joindre et avait appel\u00e9 de ses v\u0153ux l&rsquo;organisation de manifestations \u00e0 l&rsquo;appel de syndicats et d&rsquo;associations.<\/p>\n<p class=\"fig-paragraph\">La condamnation de la leader du Rassemblement national Marine Le Pen \u00e0 une peine d&rsquo;in\u00e9ligibilit\u00e9 de 5 ans, applicable imm\u00e9diatement, a d\u00e9clench\u00e9 des critiques contre les juges, \u00e0 droite et \u00e0 l&rsquo;extr\u00eame droite. Le RN a d\u00e9nonc\u00e9 une \u00abtyrannie des juges\u00bb et s&rsquo;en est pris au \u00absyst\u00e8me\u00bb qui voudrait l&rsquo;\u00e9liminer de la pr\u00e9sidentielle de 2027, tandis que le ministre de l&rsquo;Int\u00e9rieur Bruno Retailleau a affirm\u00e9 qu&rsquo;il y avait des \u00abjuges rouges\u00bb en France.<\/p>\n<p class=\"fig-paragraph\">Parmi les organisateurs des rassemblements samedi figurent notamment SOS Racisme, France Terre d&rsquo;asile, la Ligue des droits de l&rsquo;Homme, la Cimade, SOS Homophobie, Oxfam, Greenpeace ou encore la CGT et Solidaires. \u00abIl n&rsquo;y a pas de d\u00e9mocratie sans pouvoir et contre-pouvoirs. La justice en fait partie (&#8230;) Moi, je ne veux pas devenir Am\u00e9ricain, je ne veux pas vivre sous l&#8217;emprise du trumpisme\u00bb, a encore d\u00e9clar\u00e9 le patron du PS.<\/p>\n<p>\u00a0\u00bb<br \/>\n        data-script=\u00a0\u00bbhttps:\/\/static.lefigaro.fr\/widget-video\/short-ttl\/video\/index.js\u00a0\u00bb<br \/>\n    &gt;<\/p>\n","protected":false},"excerpt":{"rendered":"Le week-end dernier, un premier rassemblement avait eu lieu, \u00e9galement sur la place de la R\u00e9publique \u00e0 Paris,&hellip;\n","protected":false},"author":2,"featured_media":23145,"comment_status":"","ping_status":"","sticky":false,"template":"","format":"standard","meta":{"footnotes":""},"categories":[4],"tags":[47,1058,1054,1059,1060,1055,11,1057,118,1011,27,1061,303,12,4393,1062,429,25,656,104,1056,809],"class_list":{"0":"post-23144","1":"post","2":"type-post","3":"status-publish","4":"format-standard","5":"has-post-thumbnail","7":"category-france","8":"tag-actualite","9":"tag-actualite-education","10":"tag-actualite-france","11":"tag-actualite-justice","12":"tag-actualite-securite","13":"tag-actualite-societe","14":"tag-actualites","15":"tag-education","16":"tag-faits-divers","17":"tag-fr","18":"tag-france","19":"tag-immigration","20":"tag-justice","21":"tag-news","22":"tag-olivier-faure","23":"tag-polemique","24":"tag-ps","25":"tag-republique-francaise","26":"tag-securite","27":"tag-societe","28":"tag-societe-francaise","29":"tag-violence"},"share_on_mastodon":{"url":"https:\/\/pubeurope.com\/@fr\/114332896032906277","error":""},"_links":{"self":[{"href":"https:\/\/www.europesays.com\/fr\/wp-json\/wp\/v2\/posts\/23144","targetHints":{"allow":["GET"]}}],"collection":[{"href":"https:\/\/www.europesays.com\/fr\/wp-json\/wp\/v2\/posts"}],"about":[{"href":"https:\/\/www.europesays.com\/fr\/wp-json\/wp\/v2\/types\/post"}],"author":[{"embeddable":true,"href":"https:\/\/www.europesays.com\/fr\/wp-json\/wp\/v2\/users\/2"}],"replies":[{"embeddable":true,"href":"https:\/\/www.europesays.com\/fr\/wp-json\/wp\/v2\/comments?post=23144"}],"version-history":[{"count":0,"href":"https:\/\/www.europesays.com\/fr\/wp-json\/wp\/v2\/posts\/23144\/revisions"}],"wp:featuredmedia":[{"embeddable":true,"href":"https:\/\/www.europesays.com\/fr\/wp-json\/wp\/v2\/media\/23145"}],"wp:attachment":[{"href":"https:\/\/www.europesays.com\/fr\/wp-json\/wp\/v2\/media?parent=23144"}],"wp:term":[{"taxonomy":"category","embeddable":true,"href":"https:\/\/www.europesays.com\/fr\/wp-json\/wp\/v2\/categories?post=23144"},{"taxonomy":"post_tag","embeddable":true,"href":"https:\/\/www.europesays.com\/fr\/wp-json\/wp\/v2\/tags?post=23144"}],"curies":[{"name":"wp","href":"https:\/\/api.w.org\/{rel}","templated":true}]}}