{"id":231443,"date":"2025-07-06T23:29:11","date_gmt":"2025-07-06T23:29:11","guid":{"rendered":"https:\/\/www.europesays.com\/fr\/231443\/"},"modified":"2025-07-06T23:29:11","modified_gmt":"2025-07-06T23:29:11","slug":"une-quinzaine-de-fusees-parachute-sont-tombees-sur-le-stade-departs-de-feu-en-serie-a-lile-saint-denis","status":"publish","type":"post","link":"https:\/\/www.europesays.com\/fr\/231443\/","title":{"rendered":"\u00ab\u00a0Une quinzaine de fus\u00e9es parachute sont tomb\u00e9es sur le stade\u00a0\u00bb\u00a0: d\u00e9parts de feu en s\u00e9rie \u00e0 L\u2019Ile-Saint-Denis"},"content":{"rendered":"<p class=\"paragraph text_align_left lp-f-body-02\">L\u2019incendie est venu du ciel. C\u2019est ce qu\u2019ont d\u00e9couvert les \u00e9quipes de la ville de l\u2019Ile-Saint-Denis et son maire, <a href=\"https:\/\/www.leparisien.fr\/seine-saint-denis-93\/emeutes-incendie-mortel-lete-maudit-du-maire-de-lile-saint-denis-je-ne-suis-pas-pres-de-loublier-23-09-2023-NEEDAOGZF5FPZH4UH5QCSGU3XQ.php\" target=\"_blank\" rel=\"noreferrer nofollow noopener\">Mohamed Gnabaly<\/a> (SE), en visionnant les cam\u00e9ras qui \u00e9quipent le stade Robert-C\u00e9sar, depuis un sinistre criminel qui a touch\u00e9 en 2020 la pelouse synth\u00e9tique du site sportif.<\/p>\n<p class=\"paragraph text_align_left lp-f-body-02\">\u00ab Une quinzaine de fus\u00e9es parachute ont \u00e9t\u00e9 tir\u00e9es de je ne sais o\u00f9 et sont tomb\u00e9es sur le stade \u00e0 diff\u00e9rents endroits \u00bb, explique Mohamed Gnabaly, que nous avons joint ce dimanche en fin de journ\u00e9e. Utilis\u00e9s comme feux d\u2019artifice, ces petits engins peuvent monter assez haut en l\u2019air, avant de redescendre avec un parachute. Les faits se sont produits au c\u0153ur de la nuit de samedi \u00e0 dimanche, \u00e0 1h40 du matin, selon les \u00e9l\u00e9ments de la municipalit\u00e9.<\/p>\n<p class=\"paragraph text_align_left lp-f-body-02\">\u00ab Le stade Robert-C\u00e9sar est un lieu isol\u00e9, dans un secteur calme le soir, entre le coll\u00e8ge et une zone d\u2019activit\u00e9s \u00bb, poursuit le maire. C\u2019est d\u2019ailleurs sur cet espace en bord de Seine que s\u2019est d\u00e9roul\u00e9e l\u2019ann\u00e9e derni\u00e8re, <a href=\"https:\/\/www.leparisien.fr\/seine-saint-denis-93\/cest-magnifique-la-fan-zone-station-afrique-des-jo-prend-ses-marques-sur-lile-saint-denis-21-07-2024-6D3XHR2X7BBHPJHWG3XDKPFYF4.php\" target=\"_blank\" rel=\"noreferrer nofollow noopener\">Station Afrique<\/a>, la fan-zone d\u00e9di\u00e9e aux sports et \u00e0 la culture africaine pendant les Jeux olympiques 2024.<\/p>\n<p>Le gardien est sorti avec les extincteurs<\/p>\n<p class=\"paragraph text_align_left lp-f-body-02\">\u00ab On a un gardien qui loge sur place et c\u2019est lui qui nous a appel\u00e9s, un peu affol\u00e9, en signalant que plusieurs feux s\u2019\u00e9taient d\u00e9clar\u00e9s sur le stade, continue Mohamed Gnabaly. Il a alert\u00e9 les pompiers et il est sorti avec les extincteurs pour commencer \u00e0 \u00e9teindre les d\u00e9parts d\u2019incendie, notamment un qui \u00e9tait \u00e0 proximit\u00e9 du gymnase. \u00bb<\/p>\n<p class=\"paragraph text_align_left lp-f-body-02\">La t\u00e2che est rendue d\u2019autant plus d\u00e9licate que le site est en travaux pour r\u00e9aliser deux courts de tennis et un terrain de padel. \u00ab Il y avait des mat\u00e9riaux de chantier, souligne le maire, mais heureusement, plus de peur que de mal. C\u2019est surtout la pelouse synth\u00e9tique qui a \u00e9t\u00e9 br\u00fbl\u00e9e \u00e0 plusieurs endroits. \u00bb<\/p>\n<p><img decoding=\"async\" class=\"image \" loading=\"lazy\" src=\"https:\/\/www.europesays.com\/fr\/wp-content\/uploads\/2025\/07\/5ULULKIEJVCPTDFQGSTS3TK6OI.jpg\" alt=\"L'Ile-Saint-Denis, le 21 juillet 2024. Le stade Robert-C\u00e9sar a accueilli la fan-zone Station Afrique pendant les JO 2024. (LP\/C.G.)\" align=\"\" data-rubrique-principale=\"\" data-article-type=\"\" fetchpriority=\"auto\"\/>L&rsquo;Ile-Saint-Denis, le 21 juillet 2024. Le stade Robert-C\u00e9sar a accueilli la fan-zone Station Afrique pendant les JO 2024. (LP\/C.G.)<\/p>\n<p class=\"paragraph text_align_left lp-f-body-02\">Mohamed Gnabaly qui va d\u00e9poser plainte, s\u2019interroge sur ce qui se cache derri\u00e8re cette pluie de fus\u00e9es parachute. Il n\u2019h\u00e9site pas d\u2019ailleurs \u00e0 d\u00e9noncer sur les r\u00e9seaux sociaux, une \u00ab tentative d\u2019incendie criminelle \u00bb. \u00ab On ne sait pas si c\u2019est volontaire, mais c\u2019est quand m\u00eame gros qu\u2019une quinzaine de fus\u00e9es parachute arrivent ainsi au stade, nous pr\u00e9cise-t-il. On se pose la question sur la volont\u00e9 de nuire \u00e0 un \u00e9quipement public. Il n\u2019y a jamais eu de feux d\u2019artifice dans cette zone, mais en revanche, on a un passif, puisqu\u2019en 2020, on a eu un incendie criminel sur le stade. \u00bb<\/p>\n<p class=\"paragraph text_align_left lp-f-body-02\">Selon la municipalit\u00e9, plus de six millions d\u2019euros ont \u00e9t\u00e9 investis sur le site sportif, depuis 2020.<\/p>\n","protected":false},"excerpt":{"rendered":"L\u2019incendie est venu du ciel. C\u2019est ce qu\u2019ont d\u00e9couvert les \u00e9quipes de la ville de l\u2019Ile-Saint-Denis et son&hellip;\n","protected":false},"author":2,"featured_media":231444,"comment_status":"","ping_status":"","sticky":false,"template":"","format":"standard","meta":{"footnotes":""},"categories":[1888],"tags":[11,1777,674,118,1011,27,1944,12,626,25,1945],"class_list":{"0":"post-231443","1":"post","2":"type-post","3":"status-publish","4":"format-standard","5":"has-post-thumbnail","7":"category-paris","8":"tag-actualites","9":"tag-eu","10":"tag-europe","11":"tag-faits-divers","12":"tag-fr","13":"tag-france","14":"tag-ma-ville","15":"tag-news","16":"tag-paris","17":"tag-republique-francaise","18":"tag-seine-saint-denis"},"share_on_mastodon":{"url":"https:\/\/pubeurope.com\/@fr\/114808891866916835","error":""},"_links":{"self":[{"href":"https:\/\/www.europesays.com\/fr\/wp-json\/wp\/v2\/posts\/231443","targetHints":{"allow":["GET"]}}],"collection":[{"href":"https:\/\/www.europesays.com\/fr\/wp-json\/wp\/v2\/posts"}],"about":[{"href":"https:\/\/www.europesays.com\/fr\/wp-json\/wp\/v2\/types\/post"}],"author":[{"embeddable":true,"href":"https:\/\/www.europesays.com\/fr\/wp-json\/wp\/v2\/users\/2"}],"replies":[{"embeddable":true,"href":"https:\/\/www.europesays.com\/fr\/wp-json\/wp\/v2\/comments?post=231443"}],"version-history":[{"count":0,"href":"https:\/\/www.europesays.com\/fr\/wp-json\/wp\/v2\/posts\/231443\/revisions"}],"wp:featuredmedia":[{"embeddable":true,"href":"https:\/\/www.europesays.com\/fr\/wp-json\/wp\/v2\/media\/231444"}],"wp:attachment":[{"href":"https:\/\/www.europesays.com\/fr\/wp-json\/wp\/v2\/media?parent=231443"}],"wp:term":[{"taxonomy":"category","embeddable":true,"href":"https:\/\/www.europesays.com\/fr\/wp-json\/wp\/v2\/categories?post=231443"},{"taxonomy":"post_tag","embeddable":true,"href":"https:\/\/www.europesays.com\/fr\/wp-json\/wp\/v2\/tags?post=231443"}],"curies":[{"name":"wp","href":"https:\/\/api.w.org\/{rel}","templated":true}]}}