{"id":231447,"date":"2025-07-06T23:31:12","date_gmt":"2025-07-06T23:31:12","guid":{"rendered":"https:\/\/www.europesays.com\/fr\/231447\/"},"modified":"2025-07-06T23:31:12","modified_gmt":"2025-07-06T23:31:12","slug":"inexorable-avancee-des-troupes-russes-et-renforcement-de-la-cooperation-franco-britannique","status":"publish","type":"post","link":"https:\/\/www.europesays.com\/fr\/231447\/","title":{"rendered":"Inexorable avanc\u00e9e des troupes russes et renforcement de la coop\u00e9ration franco-britannique"},"content":{"rendered":"<p>Vous avez rat\u00e9 les derniers \u00e9v\u00e9nements sur la <a href=\"https:\/\/www.20minutes.fr\/monde\/ukraine\/\" class=\"color-ultramarine c-link\" target=\"_blank\" rel=\"noopener\">guerre en Ukraine<\/a>\u00a0? 20 Minutes fait le point pour vous tous les soirs. Voici l\u2019essentiel de ce dimanche 6\u00a0juillet, 1.230e jour du conflit.<\/p>\n<p>Le fait du jour<\/p>\n<p>La <a href=\"https:\/\/www.20minutes.fr\/monde\/ukraine\/4161532-20250704-guerre-ukraine-2025-vraiment-celui-tous-dangers-kiev\" target=\"_blank\" class=\"color-ultramarine c-link\" rel=\"noopener\">Russie a revendiqu\u00e9 ce dimanche la prise de deux nouvelles localit\u00e9s<\/a> dans l\u2019est et le nord-est de l\u2019Ukraine. Selon le rapport quotidien du minist\u00e8re russe de la D\u00e9fense, les troupes de Moscou ont captur\u00e9 le village de Piddoubn\u00e9 dans la r\u00e9gion orientale de Donetsk, une localit\u00e9 situ\u00e9e \u00e0 l\u2019ouest de la ville de Kourakhov\u00e9, d\u00e9j\u00e0 prise par les Russes en d\u00e9cembre\u00a02024.<\/p>\n<p>Dans la r\u00e9gion de Kharkiv (nord-est), l\u2019arm\u00e9e russe a revendiqu\u00e9 la prise de la localit\u00e9 de Sobolivka, dans une zone o\u00f9 les positions n\u2019avaient pas boug\u00e9 depuis des mois.<\/p>\n<p>La d\u00e9claration du jour<\/p>\n<blockquote class=\"mx-m@xs mx-xxl@md color-ultramarine c-citation\">\n<p class=\"font-weight-regular@xs text-italic font-source-serif-pro text-l@xs c-citation__content\">\u00ab\u00a0\u00ab\u00a0La guerre \u00e0 tr\u00e8s grande \u00e9chelle est depuis retourn\u00e9e sur le continent europ\u00e9en\u00a0\u00bb\u00a0\u00bb<\/p>\n<\/blockquote>\n<p>Emmanuel Macron est attendu mardi au Royaume-Uni pour une visite d\u2019Etat de trois jours dont une large partie sera consacr\u00e9e aux conflits aux portes de l&rsquo;Europe. La France et le Royaume-Uni, <a href=\"https:\/\/www.20minutes.fr\/monde\/ukraine\/4151944-20250507-pourquoi-guerre-nucleaire-presque-impossible-europe\" target=\"_blank\" class=\"color-ultramarine c-link\" rel=\"noopener\">les deux seuls pays en Europe dot\u00e9s de l\u2019arme nucl\u00e9aire<\/a>, vont notamment renforcer leur coop\u00e9ration en mati\u00e8re de d\u00e9fense, notamment pour adapter ces accords \u00e0 la situation g\u00e9opolitique actuelle.<\/p>\n<\/p>\n<p>Emmanuel Macron a d\u00e9velopp\u00e9 aussi une relation \u00e9troite avec Keir Starmer, notamment sur l\u2019Ukraine. \u00ab\u00a0J\u2019ai une relation personnelle tr\u00e8s forte avec lui, comme avec le pr\u00e9sident Trump\u00a0\u00bb, a confi\u00e9 jeudi le Premier ministre lors d\u2019une conf\u00e9rence de presse. Tous deux \u0153uvrent \u00e0 mobiliser les Europ\u00e9ens derri\u00e8re l\u2019Ukraine devant le risque que Donald Trump ne privil\u00e9gie la normalisation des relations avec la Russie sur une paix juste et durable.<\/p>\n<p>La tendance actuelle<\/p>\n<p>Les forces russes ont acc\u00e9l\u00e9r\u00e9 leur <a href=\"https:\/\/www.20minutes.fr\/monde\/ukraine\/4162117-20250705-guerre-ukraine-tres-mecontent-appel-poutine-trump-evoque-sanctions\" target=\"_blank\" class=\"color-ultramarine c-link\" rel=\"noopener\">avanc\u00e9e sur le front ces trois derniers mois<\/a>, apr\u00e8s avoir repris en mars et avril dans leur totalit\u00e9 les territoires occup\u00e9s depuis l\u2019\u00e9t\u00e9\u00a02024 par les Ukrainiens dans la r\u00e9gion russe frontali\u00e8re de Koursk. Les gains russes sur le terrain en juin ont \u00e9t\u00e9 les plus importants depuis novembre\u00a02024, selon une analyse par l\u2019AFP des donn\u00e9es fournies par l\u2019Institut pour l\u2019\u00e9tude de la guerre, un centre de r\u00e9flexion bas\u00e9 \u00e0 Washington.<\/p>\n<p>Parall\u00e8lement, la<a href=\"https:\/\/www.20minutes.fr\/monde\/ukraine\/4162145-20250705-guerre-ukraine-trump-pret-durcir-sanctions-contre-russie-onu-condamne-attaque-massive-menee-moscou\" target=\"_blank\" class=\"color-ultramarine c-link\" rel=\"noopener\"> Russie a men\u00e9 plusieurs vagues de frappes nocturnes massives sur l\u2019Ukraine<\/a> ces derni\u00e8res semaines. Vendredi, l\u2019arm\u00e9e russe avait tir\u00e9 plus de 530 drones explosifs et une dizaine de missiles, notamment sur Kiev, faisant au moins deux morts. Il s\u2019agissait de l\u2019attaque de drones la plus massive depuis le d\u00e9but du conflit.<\/p>\n","protected":false},"excerpt":{"rendered":"Vous avez rat\u00e9 les derniers \u00e9v\u00e9nements sur la guerre en Ukraine\u00a0? 20 Minutes fait le point pour vous&hellip;\n","protected":false},"author":2,"featured_media":231448,"comment_status":"","ping_status":"","sticky":false,"template":"","format":"standard","meta":{"footnotes":""},"categories":[1591],"tags":[47,11,2120,1887,131,74,12,1885,1886,132,135,134],"class_list":{"0":"post-231447","1":"post","2":"type-post","3":"status-publish","4":"format-standard","5":"has-post-thumbnail","7":"category-russie","8":"tag-actualite","9":"tag-actualites","10":"tag-conflit","11":"tag-federation-de-russie","12":"tag-guerre-en-ukraine","13":"tag-monde","14":"tag-news","15":"tag-russia","16":"tag-russian-federation","17":"tag-russie","18":"tag-vladimir-poutine","19":"tag-volodymyr-zelensky"},"share_on_mastodon":{"url":"https:\/\/pubeurope.com\/@fr\/114808899724208564","error":""},"_links":{"self":[{"href":"https:\/\/www.europesays.com\/fr\/wp-json\/wp\/v2\/posts\/231447","targetHints":{"allow":["GET"]}}],"collection":[{"href":"https:\/\/www.europesays.com\/fr\/wp-json\/wp\/v2\/posts"}],"about":[{"href":"https:\/\/www.europesays.com\/fr\/wp-json\/wp\/v2\/types\/post"}],"author":[{"embeddable":true,"href":"https:\/\/www.europesays.com\/fr\/wp-json\/wp\/v2\/users\/2"}],"replies":[{"embeddable":true,"href":"https:\/\/www.europesays.com\/fr\/wp-json\/wp\/v2\/comments?post=231447"}],"version-history":[{"count":0,"href":"https:\/\/www.europesays.com\/fr\/wp-json\/wp\/v2\/posts\/231447\/revisions"}],"wp:featuredmedia":[{"embeddable":true,"href":"https:\/\/www.europesays.com\/fr\/wp-json\/wp\/v2\/media\/231448"}],"wp:attachment":[{"href":"https:\/\/www.europesays.com\/fr\/wp-json\/wp\/v2\/media?parent=231447"}],"wp:term":[{"taxonomy":"category","embeddable":true,"href":"https:\/\/www.europesays.com\/fr\/wp-json\/wp\/v2\/categories?post=231447"},{"taxonomy":"post_tag","embeddable":true,"href":"https:\/\/www.europesays.com\/fr\/wp-json\/wp\/v2\/tags?post=231447"}],"curies":[{"name":"wp","href":"https:\/\/api.w.org\/{rel}","templated":true}]}}